{"id":36892,"date":"2025-07-21T06:12:38","date_gmt":"2025-07-21T10:12:38","guid":{"rendered":"https:\/\/noticiasveraces.com\/?p=36892"},"modified":"2025-07-21T06:12:38","modified_gmt":"2025-07-21T10:12:38","slug":"iran-confirma-nueva-negociacion-nuclear-con-paises-europeos-dw-21-07-2025","status":"publish","type":"post","link":"https:\/\/noticiasveraces.com\/?p=36892","title":{"rendered":"Ir\u00e1n confirma nueva negociaci\u00f3n nuclear con pa\u00edses europeos \u2013 DW \u2013 21\/07\/2025"},"content":{"rendered":"<p> \n<\/p>\n<div>\n<p>Ir\u00e1n\u00a0anunci\u00f3 este lunes (21.07.2025) que mantendr\u00e1 conversaciones con los pa\u00edses del E3 (Francia, Alemania\u00a0y Reino Unido) sobre su programa nuclear, el viernes (25.07.2025), en Estambul, en medio de las tensiones sobre la posible restauraci\u00f3n de las sanciones internacionales contra Teher\u00e1n.<\/p>\n<p>El portavoz del Ministerio iran\u00ed de Exteriores, Ismail Baghaei, confirm\u00f3 en su rueda de prensa semanal que las conversaciones con los pa\u00edses europeos tendr\u00e1n lugar el viernes en Estambul.<\/p>\n<p>\u00abLa reuni\u00f3n entre Ir\u00e1n, el Reino Unido, Francia y Alemania tendr\u00e1 lugar a nivel de viceministros de Exteriores\u201d, indic\u00f3 el diplom\u00e1tico.<\/p>\n<p>Baghaei dijo que los viceministros iran\u00edes de Exteriores, Majid Takht Ravanchi y Kazem Gharibabadi, representar\u00e1n a Teher\u00e1n en las negociaciones.<\/p>\n<p>El domingo, el jefe de la diplomacia iran\u00ed, Ab\u00e1s Araqch\u00ed, hab\u00eda adelantado que se estaba definiendo la fecha del encuentro con el E3, y asegur\u00f3 que el \u00abenfoque\u201d de la delegaci\u00f3n de Ir\u00e1n en estas conversaciones \u00abser\u00e1 m\u00e1s fuerte y firme\u201d que antes de la guerra de 12 d\u00edas con Israel.<\/p>\n<p>\u00abIr\u00e1n perseguir\u00e1 sus derechos con mayor fuerza despu\u00e9s de la guerra\u201d, afirm\u00f3.<\/p>\n<figure class=\"placeholder-image master_landscape big\"><img data-format=\"MASTER_LANDSCAPE\" data-id=\"73175147\" data-url=\"https:\/\/static.dw.com\/image\/73175147_${formatId}.jpg\" data-aspect-ratio=\"16\/9\" alt=\"Humo sobre edificios en un ataque de la Fuerza A\u00e9rea de Israel en el cuartel general de la Guardia Revolucionaria de la Rep\u00fablica Isl\u00e1mica de Ir\u00e1n, en junio de 2025.\" style=\"padding-bottom: 56.25%; height: 0; max-height: 0;\"\/><figcaption class=\"img-caption\">Ataque de la Fuerza A\u00e9rea de Israel en el cuartel general de la Guardia Revolucionaria de la Rep\u00fablica Isl\u00e1mica de Ir\u00e1n, en el norte de Teher\u00e1n. (23.06.2025).<small class=\"copyright\">Imagen: Elyas\/Middle East Images\/Picture Alliance<\/small><\/figcaption><\/figure>\n<p>Estas negociaciones tendr\u00edan lugar despu\u00e9s de que los pa\u00edses europeos lanzaran advertencias a Teher\u00e1n de que, en caso de no lograrse avances en las negociaciones nucleares hasta finales de agosto, activar\u00edan el mecanismo de <em>snapback<\/em>que restablece autom\u00e1ticamente las sanciones de la ONU contra Ir\u00e1n.<\/p>\n<p>Araqch\u00ed denunci\u00f3 ayer, en unas cartas dirigidas al secretario general de las Naciones Unidas, Ant\u00f3nio Guterres, y al Consejo de Seguridad de la ONU, que el E3 \u00abcarece de legitimidad legal, pol\u00edtica y moral para invocar los mecanismos del acuerdo nuclear y la resoluci\u00f3n 2231 (del organismo)\u201d, la cual dio respaldo legal al pacto en 2015.<\/p>\n<p>El m\u00e1ximo diplom\u00e1tico iran\u00ed sugiri\u00f3 a los pa\u00edses europeos que \u00abse abstengan de cualquier acci\u00f3n que solo profundice las divisiones en el Consejo de Seguridad de la ONU o que tenga graves consecuencias negativas\u201d.<\/p>\n<p>Este a\u00f1o, Ir\u00e1n ha mantenido cuatro rondas de conversaciones con el E3, de forma independiente a las negociaciones con Estados Unidos, con el que tambi\u00e9n ha entablado cinco rondas de di\u00e1logo sin lograr progresos debido a las divergencias sobre el enriquecimiento de uranio por parte de Teher\u00e1n.<\/p>\n<p>EE. UU. exig\u00eda el cero enriquecimiento, mientras Ir\u00e1n defend\u00eda -y sigue defendiendo- su programa nuclear pac\u00edfico.<\/p>\n<p>Estas conversaciones quedaron estancadas por la guerra de 12 d\u00edas entre Ir\u00e1n e Israel, la cual comenz\u00f3 el 13 de junio con bombardeos israel\u00edes y finaliz\u00f3 el 24 con una tregua anunciada por Washington, que tambi\u00e9n intervino en el conflicto para atacar las tres principales instalaciones nucleares iran\u00edes.<\/p>\n<p>CP (EFE, AFPE, RTR)<\/p>\n<\/div>\n\n","protected":false},"excerpt":{"rendered":"<p>Ir\u00e1n\u00a0anunci\u00f3 este lunes (21.07.2025) que mantendr\u00e1 conversaciones con los pa\u00edses del E3 (Francia, Alemania\u00a0y Reino Unido) sobre su programa nuclear, el viernes (25.07.2025), en Estambul, en medio de las tensiones sobre la posible restauraci\u00f3n de las sanciones internacionales contra Teher\u00e1n. El portavoz del Ministerio iran\u00ed de Exteriores, Ismail Baghaei, confirm\u00f3 en su rueda de prensa &hellip;<\/p>\n","protected":false},"author":1,"featured_media":36893,"comment_status":"open","ping_status":"open","sticky":false,"template":"","format":"standard","meta":{"fifu_image_url":"https:\/\/static.dw.com\/image\/73028684_6.jpg","fifu_image_alt":"","footnotes":""},"categories":[13],"tags":[],"class_list":["post-36892","post","type-post","status-publish","format-standard","has-post-thumbnail","","category-mundo"],"_links":{"self":[{"href":"https:\/\/noticiasveraces.com\/index.php?rest_route=\/wp\/v2\/posts\/36892","targetHints":{"allow":["GET"]}}],"collection":[{"href":"https:\/\/noticiasveraces.com\/index.php?rest_route=\/wp\/v2\/posts"}],"about":[{"href":"https:\/\/noticiasveraces.com\/index.php?rest_route=\/wp\/v2\/types\/post"}],"author":[{"embeddable":true,"href":"https:\/\/noticiasveraces.com\/index.php?rest_route=\/wp\/v2\/users\/1"}],"replies":[{"embeddable":true,"href":"https:\/\/noticiasveraces.com\/index.php?rest_route=%2Fwp%2Fv2%2Fcomments&post=36892"}],"version-history":[{"count":0,"href":"https:\/\/noticiasveraces.com\/index.php?rest_route=\/wp\/v2\/posts\/36892\/revisions"}],"wp:featuredmedia":[{"embeddable":true,"href":"https:\/\/noticiasveraces.com\/index.php?rest_route=\/wp\/v2\/media\/36893"}],"wp:attachment":[{"href":"https:\/\/noticiasveraces.com\/index.php?rest_route=%2Fwp%2Fv2%2Fmedia&parent=36892"}],"wp:term":[{"taxonomy":"category","embeddable":true,"href":"https:\/\/noticiasveraces.com\/index.php?rest_route=%2Fwp%2Fv2%2Fcategories&post=36892"},{"taxonomy":"post_tag","embeddable":true,"href":"https:\/\/noticiasveraces.com\/index.php?rest_route=%2Fwp%2Fv2%2Ftags&post=36892"}],"curies":[{"name":"wp","href":"https:\/\/api.w.org\/{rel}","templated":true}]}}