{"id":36878,"date":"2025-07-21T01:07:41","date_gmt":"2025-07-21T05:07:41","guid":{"rendered":"https:\/\/noticiasveraces.com\/?p=36878"},"modified":"2025-07-21T01:07:41","modified_gmt":"2025-07-21T05:07:41","slug":"china-critica-impacto-negativo-de-sanciones-de-ue-a-rusia-dw-21-07-2025","status":"publish","type":"post","link":"https:\/\/noticiasveraces.com\/?p=36878","title":{"rendered":"China critica \u00abimpacto negativo\u00bb de sanciones de UE a Rusia \u2013 DW \u2013 21\/07\/2025"},"content":{"rendered":"<p> \n<\/p>\n<div>\n<p>El Ministerio de Comercio de Pek\u00edn critic\u00f3 las nuevas sanciones impuestas por la Uni\u00f3n Europea a objetivos entre los que se incluyen entidades chinas destinadas a restringir el Ej\u00e9rcito de Rusia, seg\u00fan un comunicado emitido este lunes (21.07.2025) en el que calificaba las medidas de \u00aberr\u00f3neas\u00bb.<\/p>\n<p>La guerra entre Rusia y Ucrania ha sido foco de diferencias. La UE considera que China apoya t\u00e1citamente la invasi\u00f3n rusa, algo que Pek\u00edn niega.<\/p>\n<p>Bruselas anunci\u00f3 la semana pasada un nuevo paquete de sanciones dirigido a frenar los ingresos petroleros rusos, el sector bancario y su capacidad militar, afectando tambi\u00e9n a firmas chinas.<\/p>\n<p>El Ministerio de Comercio chino critic\u00f3 las sanciones, al se\u00f1alar que contrarias al consenso alcanzado por los l\u00edderes de China y la Uni\u00f3n Europea y han tenido un grave impacto negativo en las relaciones econ\u00f3micas y comerciales entre China y la UE y en la cooperaci\u00f3n financiera\u00bb.<\/p>\n<p>Al respecto, el gobierno chino anunci\u00f3 que altos dirigentes de la Uni\u00f3n Europea visitar\u00e1n el pa\u00eds esta semana, en momentos que ambas partes buscan resolver una serie de disputas comerciales. <\/p>\n<p>\u00abComo fue acordado entre China y la UE, el presidente del Consejo Europeo, Antonio Costa, y la presidenta de la Comisi\u00f3n Europea, Ursula von der Leyen, visitar\u00e1n China el 24 de julio\u00bb, inform\u00f3 el Ministerio de Relaciones Exteriores de Pek\u00edn en un comunicado. <\/p>\n<p>\u00abEl presidente Xi Jinping se reunir\u00e1 con ellos. El primer ministro Li Qiang y los dos dirigentes de la UE presidir\u00e1n la 25\u00aa Cumbre China-UE\u00bb, indic\u00f3 el ministerio.<\/p>\n<p>La cita marcar\u00e1 el 50 aniversario de relaciones diplom\u00e1ticas entre Pek\u00edn y Bruselas.<\/p>\n<p>Sin embargo, coincide con un intercambio de cr\u00edticas entre ambas partes por lo que cada uno considera una violaci\u00f3n de los principios del comercio justo.<\/p>\n<p>Von der Leyen dijo esta semana que la UE buscar\u00eda equilibrar sus v\u00ednculos econ\u00f3micos con China al exigir que facilite el acceso a su mercado para las empresas europeas y alivie las restricciones a la exportaci\u00f3n de tierras raras.<\/p>\n<p>Pek\u00edn respondi\u00f3 urgiendo al bloque \u00abmanejar adecuadamente las divergencias y fricciones\u00bb y \u00abestablecer un entendimiento m\u00e1s objetivo y racional de China\u00bb.<\/p>\n<p>Mg (AFP, Reuters)<\/p>\n<\/p>\n<\/div>\n\n","protected":false},"excerpt":{"rendered":"<p>El Ministerio de Comercio de Pek\u00edn critic\u00f3 las nuevas sanciones impuestas por la Uni\u00f3n Europea a objetivos entre los que se incluyen entidades chinas destinadas a restringir el Ej\u00e9rcito de Rusia, seg\u00fan un comunicado emitido este lunes (21.07.2025) en el que calificaba las medidas de \u00aberr\u00f3neas\u00bb. La guerra entre Rusia y Ucrania ha sido foco &hellip;<\/p>\n","protected":false},"author":1,"featured_media":36879,"comment_status":"open","ping_status":"open","sticky":false,"template":"","format":"standard","meta":{"fifu_image_url":"https:\/\/static.dw.com\/image\/73275382_6.jpg","fifu_image_alt":"","footnotes":""},"categories":[13],"tags":[],"class_list":["post-36878","post","type-post","status-publish","format-standard","has-post-thumbnail","","category-mundo"],"_links":{"self":[{"href":"https:\/\/noticiasveraces.com\/index.php?rest_route=\/wp\/v2\/posts\/36878","targetHints":{"allow":["GET"]}}],"collection":[{"href":"https:\/\/noticiasveraces.com\/index.php?rest_route=\/wp\/v2\/posts"}],"about":[{"href":"https:\/\/noticiasveraces.com\/index.php?rest_route=\/wp\/v2\/types\/post"}],"author":[{"embeddable":true,"href":"https:\/\/noticiasveraces.com\/index.php?rest_route=\/wp\/v2\/users\/1"}],"replies":[{"embeddable":true,"href":"https:\/\/noticiasveraces.com\/index.php?rest_route=%2Fwp%2Fv2%2Fcomments&post=36878"}],"version-history":[{"count":0,"href":"https:\/\/noticiasveraces.com\/index.php?rest_route=\/wp\/v2\/posts\/36878\/revisions"}],"wp:featuredmedia":[{"embeddable":true,"href":"https:\/\/noticiasveraces.com\/index.php?rest_route=\/wp\/v2\/media\/36879"}],"wp:attachment":[{"href":"https:\/\/noticiasveraces.com\/index.php?rest_route=%2Fwp%2Fv2%2Fmedia&parent=36878"}],"wp:term":[{"taxonomy":"category","embeddable":true,"href":"https:\/\/noticiasveraces.com\/index.php?rest_route=%2Fwp%2Fv2%2Fcategories&post=36878"},{"taxonomy":"post_tag","embeddable":true,"href":"https:\/\/noticiasveraces.com\/index.php?rest_route=%2Fwp%2Fv2%2Ftags&post=36878"}],"curies":[{"name":"wp","href":"https:\/\/api.w.org\/{rel}","templated":true}]}}