{"id":36844,"date":"2025-07-20T21:00:15","date_gmt":"2025-07-21T01:00:15","guid":{"rendered":"https:\/\/noticiasveraces.com\/?p=36844"},"modified":"2025-07-20T21:00:15","modified_gmt":"2025-07-21T01:00:15","slug":"fito-se-declarara-no-culpable-en-ee-uu-afirma-su-abogado-dw-21-07-2025","status":"publish","type":"post","link":"https:\/\/noticiasveraces.com\/?p=36844","title":{"rendered":"\u201cFito\u201d se declarar\u00e1 no culpable en EE.UU., afirma su abogado \u2013 DW \u2013 21\/07\/2025"},"content":{"rendered":"<p> \n<\/p>\n<div>\n<p>El narcotraficante y l\u00edder criminal m\u00e1s buscado de Ecuador, Jos\u00e9 Adolfo Mac\u00edas Villamar (&#8216;Fito&#8217;), extraditado este domingo (20.07.2025)\u00a0 a Estados Unidos comparecer\u00e1 ma\u00f1ana, lunes, ante la justicia de esa naci\u00f3n donde se declarar\u00e1 \u00abno culpable\u00bb, seg\u00fan su abogado Alexei Schacht.<\/p>\n<p>\u00abEl Sr. Mac\u00edas y yo compareceremos ma\u00f1ana ante el Tribunal Federal de Brooklyn, ubicado en 225 Cadman Plaza, donde se declarar\u00e1 no culpable\u00bb, dijo el letrado estadounidense en un mensaje enviado a periodistas de varios medios, entre ellos EFE.<\/p>\n<p>El abogado prev\u00e9 que la audiencia sea a las 11:00 ET (15:00 GMT) aunque \u00aba\u00fan no est\u00e1 confirmado\u00bb, dijo.<\/p>\n<p>En Estados Unidos, &#8216;Fito&#8217;, capo de la banda criminal Los Choneros, fue acusado en febrero pasado de siete cargos, entre ellos conspiraci\u00f3n para la distribuci\u00f3n internacional de coca\u00edna, uso de armas de fuego y contrabando de armas de fuego desde EE.UU.<\/p>\n<p>Seg\u00fan la acusaci\u00f3n, Los Choneros, en alianza con el Cartel de Sinaloa, operaban una red a gran escala \u00abresponsable del env\u00edo y distribuci\u00f3n de toneladas de coca\u00edna desde Suram\u00e9rica, a trav\u00e9s de Centroam\u00e9rica y M\u00e9xico, hasta Estados Unidos y otros lugares\u00bb.<\/p>\n<p>En febrero de 2024, el Gobierno de EE.UU. ya hab\u00eda impuesto sanciones contra Los Choneros y \u2018Fito\u2018, para que quedaran bloqueadas todas las propiedades e intereses de los acusados en suelo norteamericano o en posesi\u00f3n o control por parte de ciudadanos estadounidenses.<\/p>\n<p><span data-slot-id=\"Article_InContent-1\" class=\"rich-text-ad\"\/><\/p>\n<h2>Primer extraditado<\/h2>\n<p>&#8216;Fito&#8217; se convirti\u00f3 en el primer ecuatoriano en ser extraditado, tras eliminarse -el a\u00f1o pasado mediante refer\u00e9ndum- la prohibici\u00f3n de aceptar extradiciones que exist\u00eda en la Constituci\u00f3n vigente.<\/p>\n<p>&#8216;Fito&#8217;, capo de la banda criminal m\u00e1s antigua y una de las m\u00e1s grandes que opera en Ecuador, fue enviado a Estados Unidos en un avi\u00f3n del Departamento de Justicia de esa naci\u00f3n, tres d\u00edas despu\u00e9s de que la Corte Nacional de Justicia (CNJ) aceptara la solicitud de extradici\u00f3n presentada por las autoridades del pa\u00eds norteamericano.<\/p>\n<p>Bajo fuertes medidas de seguridad, el avi\u00f3n parti\u00f3 desde el aeropuerto de Guayaquil (suroeste) en torno a las 14:15 hora local (19:15 GMT), seg\u00fan confirm\u00f3 el Gobierno ecuatoriano.<\/p>\n<p>El l\u00edder criminal hab\u00eda aceptado el viernes de la semana pasada, en audiencia judicial, ser enviado a Estados Unidos ante el riesgo de ser objeto de alg\u00fan eventual atentado por parte de bandas criminales dentro de La Roca, la c\u00e1rcel de m\u00e1xima seguridad de Ecuador, donde se encontraba recluido desde que fue recapturado por las autoridades ecuatorianas el pasado 25 de junio.<\/p>\n<p>&#8216;Fito&#8217;, que se hab\u00eda vuelto un objetivo clave para el Gobierno del presidente Daniel Noboa dentro de la \u00abguerra\u00bb que lanz\u00f3 a inicios de 2024 contra el crimen organizado, fue atrapado en un b\u00fanker construido bajo una vivienda a las afueras de Manta, cuna y basti\u00f3n de Los Choneros.<\/p>\n<p>Su nueva captura se dio despu\u00e9s de permanecer pr\u00f3fugo a\u00f1o y medio, tras su fuga a finales de 2023 de la C\u00e1rcel Regional de Guayaquil, donde cumpl\u00eda una condena de 34 a\u00f1os impuesta en 2011 como suma de varios delitos entre ellos narcotr\u00e1fico, asesinato y delincuencia organizada.<\/p>\n<p>Pocas semanas antes, la Polic\u00eda ecuatoriana hab\u00eda detenido a su hermano Yandry Mac\u00edas Villamar y al c\u00edrculo \u00edntimo de la pareja sentimental de &#8216;Fito&#8217;, Ver\u00f3nica Briones, por presuntamente haber contribuido al lavado de 24 millones de d\u00f3lares procedentes de los negocios il\u00edcitos del narcotraficante.<\/p>\n<p>Desde mayo de 2023, &#8216;Fito&#8217; lideraba en solitario a Los Choneros, la banda de crimen organizado surgida en los a\u00f1os 90 que mantuvo la hegemon\u00eda de la actividad criminal en Ecuador hasta finales de 2020, cuando fue asesinado su l\u00edder, Jorge Luis Zambrano (&#8216;Rasqui\u00f1a&#8217; o &#8216;JL&#8217;).<\/p>\n<p>Ese episodio llev\u00f3 a que se desatara una guerra criminal en Ecuador, tras el surgimiento de otras bandas que desafiaron la hegemon\u00eda de Los Choneros, como Los Lobos, Los Lagartos, Los Tiguerones o los Chone Killers.<\/p>\n<p>El efecto de esta guerra de grupos criminales fue una escalada de violencia sin precedentes en Ecuador que condujo al presidente Noboa a declarar al pa\u00eds bajo el estado de \u00abconflicto armado interno\u00bb y a pasar a llamar a las estructuras criminales como grupos \u00abterroristas\u00bb.<\/p>\n<p>Entre las medidas tomadas por el mandatario est\u00e1n los sucesivos estados de excepci\u00f3n en las zonas de mayor actividad criminal y la militarizaci\u00f3n de las principales c\u00e1rceles, hasta entonces controladas por estas mafias.<\/p>\n<p>&#8216;Fito&#8217; era el mandam\u00e1s dentro de la C\u00e1rcel Regional de Guayaquil y su fuga se dio antes de que Noboa iniciara su pol\u00edtica de mano dura contra el crimen organizado, por lo que su recaptura se hab\u00eda convertido en un objetivo primordial del Gobierno central.<\/p>\n<p>MG (Efe, Reuters)<\/p>\n<\/p>\n<\/div>\n\n","protected":false},"excerpt":{"rendered":"<p>El narcotraficante y l\u00edder criminal m\u00e1s buscado de Ecuador, Jos\u00e9 Adolfo Mac\u00edas Villamar (&#8216;Fito&#8217;), extraditado este domingo (20.07.2025)\u00a0 a Estados Unidos comparecer\u00e1 ma\u00f1ana, lunes, ante la justicia de esa naci\u00f3n donde se declarar\u00e1 \u00abno culpable\u00bb, seg\u00fan su abogado Alexei Schacht. \u00abEl Sr. Mac\u00edas y yo compareceremos ma\u00f1ana ante el Tribunal Federal de Brooklyn, ubicado en &hellip;<\/p>\n","protected":false},"author":1,"featured_media":36845,"comment_status":"open","ping_status":"open","sticky":false,"template":"","format":"standard","meta":{"fifu_image_url":"https:\/\/static.dw.com\/image\/73046622_6.jpg","fifu_image_alt":"","footnotes":""},"categories":[13],"tags":[],"class_list":["post-36844","post","type-post","status-publish","format-standard","has-post-thumbnail","","category-mundo"],"_links":{"self":[{"href":"https:\/\/noticiasveraces.com\/index.php?rest_route=\/wp\/v2\/posts\/36844","targetHints":{"allow":["GET"]}}],"collection":[{"href":"https:\/\/noticiasveraces.com\/index.php?rest_route=\/wp\/v2\/posts"}],"about":[{"href":"https:\/\/noticiasveraces.com\/index.php?rest_route=\/wp\/v2\/types\/post"}],"author":[{"embeddable":true,"href":"https:\/\/noticiasveraces.com\/index.php?rest_route=\/wp\/v2\/users\/1"}],"replies":[{"embeddable":true,"href":"https:\/\/noticiasveraces.com\/index.php?rest_route=%2Fwp%2Fv2%2Fcomments&post=36844"}],"version-history":[{"count":0,"href":"https:\/\/noticiasveraces.com\/index.php?rest_route=\/wp\/v2\/posts\/36844\/revisions"}],"wp:featuredmedia":[{"embeddable":true,"href":"https:\/\/noticiasveraces.com\/index.php?rest_route=\/wp\/v2\/media\/36845"}],"wp:attachment":[{"href":"https:\/\/noticiasveraces.com\/index.php?rest_route=%2Fwp%2Fv2%2Fmedia&parent=36844"}],"wp:term":[{"taxonomy":"category","embeddable":true,"href":"https:\/\/noticiasveraces.com\/index.php?rest_route=%2Fwp%2Fv2%2Fcategories&post=36844"},{"taxonomy":"post_tag","embeddable":true,"href":"https:\/\/noticiasveraces.com\/index.php?rest_route=%2Fwp%2Fv2%2Ftags&post=36844"}],"curies":[{"name":"wp","href":"https:\/\/api.w.org\/{rel}","templated":true}]}}