{"id":36841,"date":"2025-07-20T20:18:27","date_gmt":"2025-07-21T00:18:27","guid":{"rendered":"https:\/\/noticiasveraces.com\/?p=36841"},"modified":"2025-07-20T20:18:27","modified_gmt":"2025-07-21T00:18:27","slug":"el-hijo-mayor-de-juana-rivas-pide-ayuda-al-presidente-de-la-junta-de-andalucia-para-que-su-hermano-se-quede-en-espana-sociedad","status":"publish","type":"post","link":"https:\/\/noticiasveraces.com\/?p=36841","title":{"rendered":"El hijo mayor de Juana Rivas pide ayuda al presidente de la Junta de Andaluc\u00eda para que su hermano se quede en Espa\u00f1a | Sociedad"},"content":{"rendered":"<p> \n<br \/><img decoding=\"async\" src=\"https:\/\/imagenes.elpais.com\/resizer\/v2\/VTWFDRQ25FEP7DYESTVU7XHPUE.jpg?auth=21f456175f0d7097b28b4f85b57251b345e0825406b6c5b9083fe7bfa5c12b6b\" \/><\/p>\n<div data-dtm-region=\"articulo_cuerpo\">\n<p class=\"\">Gabriel Arcuri Rivas, hijo de Juana Rivas, ha escrito este domingo una carta a Juanma Moreno, presidente de la Junta de Andaluc\u00eda, \u201ca ra\u00edz de la gran desesperaci\u00f3n en las circunstancias que estamos atravesando, especialmente mi hermano\u201d. Se refiere Gabriel a la orden judicial que obliga a su madre a retornar a su hermano Daniel, de 11 a\u00f1os, con su padre, Francesco Arcuri, para que ambos regresen a Italia. <\/p>\n<p class=\"\">El hermano mayor arranca la misiva al presidente andaluz present\u00e1ndose como \u201cun ni\u00f1o maltratado\u201d por su padre: \u201cS\u00e9 de primera mano el infierno por el que est\u00e1 pasando mi hermano, no puedo permitir esta barbaridad e incoherencia\u201d, prosigue. A continuaci\u00f3n Gabriel le recuerda a Moreno Bonilla el juicio por malos tratos a los que se enfrenta Francesco en Italia en unos meses y a\u00f1ade: \u201c\u00bfAlguien me puede explicar c\u00f3mo, siendo esto as\u00ed, la justicia obliga a mi madre a entregarle el martes a mi hermano, que es su v\u00edctima principal?\u201d.<\/p>\n<p class=\"\">El hijo de Rivas le pide, finalmente: \u201cayude a que mi hermano tenga una infancia feliz, la cual yo no he podido tener. No podemos permitir que pase un d\u00eda m\u00e1s, necesito medidas urgentes e inmediatas, se lo lleva mi padre el martes a las 10.00 de la ma\u00f1ana, y su vida corre mucho peligro. Disponemos solamente de dos d\u00edas para impedirlo\u201d. <\/p>\n<p class=\"\">La carta, firmada en Maracena, donde residen Juana y sus hijos, concluye apelando al presidente andaluz como responsable de los servicios sociales: \u201cMe han dicho que usted es el m\u00e1ximo responsable del Punto de Encuentro en el que hay que entregarlo. Por favor, haga lo posible antes de que sea demasiado tarde. Gracias por su atenci\u00f3n, conf\u00edo en usted\u201d.<\/p>\n<h3 class=\"\">Otras gestiones paralelas a los tribunales<\/h3>\n<p class=\"\">En paralelo a las acciones judiciales \u2014los letrados de Rivas han recurrido la orden de entrega del menor en la Audiencia Provincial de Granada\u2014 se han puesto en marcha distintas acciones paralelas en el \u00e1mbito pol\u00edtico e institucional, adem\u00e1s de la carta al presidente andaluz. El jueves pasado, el menor, Daniel, escribi\u00f3 a la ministra de Infancia y Juventud, Sira Rego, quien ha apelado a la fiscal\u00eda a que solicite en los tribunales que escuchen al menor. Adem\u00e1s, la ministra tiene previsto visitar este lunes por la ma\u00f1ana Maracena. <\/p>\n<p class=\"\">Por otro lado, se ha abierto una petici\u00f3n en change.org, que acumula a \u00faltima hora del domingo casi 42.000 peticiones para que el ministro de Justicia, F\u00e9lix Bola\u00f1os, y la ministra de Infancia impidan la entrega. Tambi\u00e9n hay convocada una entrega de firmas en el ministerio de Justicia para este lunes con la presencia de \u201cun joven hijo de maltratador, y de Itziar Prats, madre de las ni\u00f1as Martina y Nerea, asesinadas por su padre en un caso por el que el Estado espa\u00f1ol fue condenado por \u201cun funcionamiento insuficiente e inadecuado\u201d, seg\u00fan un comunicado emitido por las convocantes. <\/p>\n<p class=\"\"><i>El tel\u00e9fono 016 atiende a las v\u00edctimas de violencia machista, a sus familias y a su entorno las 24 horas del d\u00eda, todos los d\u00edas del a\u00f1o, en 53 idiomas diferentes. El n\u00famero no queda registrado en la factura telef\u00f3nica, pero hay que borrar la llamada del dispositivo. Tambi\u00e9n se puede contactar a trav\u00e9s del correo electr\u00f3nico <\/i><i>016-online@igualdad.gob.es<\/i><i>  y por WhatsApp en el n\u00famero 600 000 016. Los menores pueden dirigirse al tel\u00e9fono de la Fundaci\u00f3n ANAR 900 20 20 10. Si es una situaci\u00f3n de emergencia, se puede llamar al 112 o a los tel\u00e9fonos de la Polic\u00eda Nacional (091) y de la Guardia Civil (062). Y en caso de no poder llamar, se puede recurrir a la aplicaci\u00f3n ALERTCOPS, desde la que se env\u00eda una se\u00f1al de alerta a la Polic\u00eda con geolocalizaci\u00f3n.<\/i><\/p>\n<\/div>\n\n","protected":false},"excerpt":{"rendered":"<p>Gabriel Arcuri Rivas, hijo de Juana Rivas, ha escrito este domingo una carta a Juanma Moreno, presidente de la Junta de Andaluc\u00eda, \u201ca ra\u00edz de la gran desesperaci\u00f3n en las circunstancias que estamos atravesando, especialmente mi hermano\u201d. Se refiere Gabriel a la orden judicial que obliga a su madre a retornar a su hermano Daniel, &hellip;<\/p>\n","protected":false},"author":1,"featured_media":36843,"comment_status":"open","ping_status":"open","sticky":false,"template":"","format":"standard","meta":{"fifu_image_url":"https:\/\/imagenes.elpais.com\/resizer\/v2\/VTWFDRQ25FEP7DYESTVU7XHPUE.jpg?auth=21f456175f0d7097b28b4f85b57251b345e0825406b6c5b9083fe7bfa5c12b6b&width=1200","fifu_image_alt":"","footnotes":""},"categories":[11],"tags":[],"class_list":["post-36841","post","type-post","status-publish","format-standard","has-post-thumbnail","","category-viaje"],"_links":{"self":[{"href":"https:\/\/noticiasveraces.com\/index.php?rest_route=\/wp\/v2\/posts\/36841","targetHints":{"allow":["GET"]}}],"collection":[{"href":"https:\/\/noticiasveraces.com\/index.php?rest_route=\/wp\/v2\/posts"}],"about":[{"href":"https:\/\/noticiasveraces.com\/index.php?rest_route=\/wp\/v2\/types\/post"}],"author":[{"embeddable":true,"href":"https:\/\/noticiasveraces.com\/index.php?rest_route=\/wp\/v2\/users\/1"}],"replies":[{"embeddable":true,"href":"https:\/\/noticiasveraces.com\/index.php?rest_route=%2Fwp%2Fv2%2Fcomments&post=36841"}],"version-history":[{"count":0,"href":"https:\/\/noticiasveraces.com\/index.php?rest_route=\/wp\/v2\/posts\/36841\/revisions"}],"wp:featuredmedia":[{"embeddable":true,"href":"https:\/\/noticiasveraces.com\/index.php?rest_route=\/wp\/v2\/media\/36843"}],"wp:attachment":[{"href":"https:\/\/noticiasveraces.com\/index.php?rest_route=%2Fwp%2Fv2%2Fmedia&parent=36841"}],"wp:term":[{"taxonomy":"category","embeddable":true,"href":"https:\/\/noticiasveraces.com\/index.php?rest_route=%2Fwp%2Fv2%2Fcategories&post=36841"},{"taxonomy":"post_tag","embeddable":true,"href":"https:\/\/noticiasveraces.com\/index.php?rest_route=%2Fwp%2Fv2%2Ftags&post=36841"}],"curies":[{"name":"wp","href":"https:\/\/api.w.org\/{rel}","templated":true}]}}