{"id":36835,"date":"2025-07-20T18:57:50","date_gmt":"2025-07-20T22:57:50","guid":{"rendered":"https:\/\/noticiasveraces.com\/?p=36835"},"modified":"2025-07-20T18:57:50","modified_gmt":"2025-07-20T22:57:50","slug":"ecuador-lider-de-los-choneros-alias-fito-es-extraditado-a-ee-uu-por-cargos-de-narcotrafico","status":"publish","type":"post","link":"https:\/\/noticiasveraces.com\/?p=36835","title":{"rendered":"Ecuador: l\u00edder de \u2018Los Choneros\u2019, alias \u2018Fito\u2019, es extraditado a EE. UU. por cargos de narcotr\u00e1fico"},"content":{"rendered":"<p> \n<br \/><img decoding=\"async\" src=\"https:\/\/s.france24.com\/media\/display\/c4cf6530-65ab-11f0-86c4-005056bfb2b6\/w:1024\/p:16x9\/2025-06-26T155436Z-1394819261-RC2FAFA8CHU8-RTRMADP-3-ECUADOR-POLITICS.jpg\" \/><br \/>Jos\u00e9 Adolfo Mac\u00edas Villamar, alias \u2018Fito\u2019, l\u00edder de la organizaci\u00f3n criminal \u2018Los Choneros\u2019, fue extraditado este domingo 20 de julio a Estados Unidos, seg\u00fan lo confirm\u00f3 el Servicio Nacional de Atenci\u00f3n Integral (SNAI). Mac\u00edas, acusado por la Justicia estadounidense por narcotr\u00e1fico y otros seis cargos, hab\u00eda aceptado el proceso de extradici\u00f3n el pasado 11 de julio durante una audiencia virtual.<br \/>\n<br \/>\n","protected":false},"excerpt":{"rendered":"<p>Jos\u00e9 Adolfo Mac\u00edas Villamar, alias \u2018Fito\u2019, l\u00edder de la organizaci\u00f3n criminal \u2018Los Choneros\u2019, fue extraditado este domingo 20 de julio a Estados Unidos, seg\u00fan lo confirm\u00f3 el Servicio Nacional de Atenci\u00f3n Integral (SNAI). Mac\u00edas, acusado por la Justicia estadounidense por narcotr\u00e1fico y otros seis cargos, hab\u00eda aceptado el proceso de extradici\u00f3n el pasado 11 de &hellip;<\/p>\n","protected":false},"author":1,"featured_media":36837,"comment_status":"open","ping_status":"open","sticky":false,"template":"","format":"standard","meta":{"fifu_image_url":"https:\/\/s.france24.com\/media\/display\/c4cf6530-65ab-11f0-86c4-005056bfb2b6\/w:1024\/p:16x9\/2025-06-26T155436Z-1394819261-RC2FAFA8CHU8-RTRMADP-3-ECUADOR-POLITICS.jpg","fifu_image_alt":"","footnotes":""},"categories":[13],"tags":[],"class_list":["post-36835","post","type-post","status-publish","format-standard","has-post-thumbnail","","category-mundo"],"_links":{"self":[{"href":"https:\/\/noticiasveraces.com\/index.php?rest_route=\/wp\/v2\/posts\/36835","targetHints":{"allow":["GET"]}}],"collection":[{"href":"https:\/\/noticiasveraces.com\/index.php?rest_route=\/wp\/v2\/posts"}],"about":[{"href":"https:\/\/noticiasveraces.com\/index.php?rest_route=\/wp\/v2\/types\/post"}],"author":[{"embeddable":true,"href":"https:\/\/noticiasveraces.com\/index.php?rest_route=\/wp\/v2\/users\/1"}],"replies":[{"embeddable":true,"href":"https:\/\/noticiasveraces.com\/index.php?rest_route=%2Fwp%2Fv2%2Fcomments&post=36835"}],"version-history":[{"count":0,"href":"https:\/\/noticiasveraces.com\/index.php?rest_route=\/wp\/v2\/posts\/36835\/revisions"}],"wp:featuredmedia":[{"embeddable":true,"href":"https:\/\/noticiasveraces.com\/index.php?rest_route=\/wp\/v2\/media\/36837"}],"wp:attachment":[{"href":"https:\/\/noticiasveraces.com\/index.php?rest_route=%2Fwp%2Fv2%2Fmedia&parent=36835"}],"wp:term":[{"taxonomy":"category","embeddable":true,"href":"https:\/\/noticiasveraces.com\/index.php?rest_route=%2Fwp%2Fv2%2Fcategories&post=36835"},{"taxonomy":"post_tag","embeddable":true,"href":"https:\/\/noticiasveraces.com\/index.php?rest_route=%2Fwp%2Fv2%2Ftags&post=36835"}],"curies":[{"name":"wp","href":"https:\/\/api.w.org\/{rel}","templated":true}]}}