{"id":36791,"date":"2025-07-20T12:26:47","date_gmt":"2025-07-20T16:26:47","guid":{"rendered":"https:\/\/noticiasveraces.com\/?p=36791"},"modified":"2025-07-20T12:26:47","modified_gmt":"2025-07-20T16:26:47","slug":"el-feyenoord-presenta-a-sus-fichajes-aterrizando-un-helicoptero-en-el-estadio","status":"publish","type":"post","link":"https:\/\/noticiasveraces.com\/?p=36791","title":{"rendered":"El Feyenoord presenta a sus fichajes&#8230; \u00a1aterrizando un helic\u00f3ptero en el estadio!"},"content":{"rendered":"<p> \n<\/p>\n<div>\n<p data-mrf-recirculation=\"Links P\u00e1rrafos\" class=\"ue-c-article__paragraph paragraph ue-c-article--first-letter-highlighted\">Para dar la bienvenida a sus nuevos fichajes, el <strong>Feyenoord llev\u00f3 a cabo una jornada de puertas abiertas al p\u00fablico en De Kuip<\/strong>. La fiesta era total en Rotterdam. Estadio lleno, m\u00fasica y varias sorpresas, solo faltaban los invitados principales.<\/p>\n<p data-mrf-recirculation=\"Links P\u00e1rrafos\" class=\"ue-c-article__paragraph paragraph\">Tras varios minutos de espera, lleg\u00f3 el momento m\u00e1s ins\u00f3lito de la tarde. <strong>Un helic\u00f3ptero con el escudo del club aterriz\u00f3 lentamente sobre el campo<\/strong> del Stadion Feyenoord. A bordo de \u00e9l&#8230;<strong> \u00a1los nuevos jugadores del equipo!<\/strong><\/p>\n<p data-mrf-recirculation=\"Links P\u00e1rrafos\" class=\"ue-c-article__paragraph paragraph\"><strong>Gaoussoy Diarra, Luciano Valente, Sem Steijn y la m\u00e1s reciente adquisici\u00f3n del &#8216;stadionclub&#8217;, Gon\u00e7alo Borges<\/strong>hicieron una entrada de pel\u00edcula en De Kuip, desatando la ovaci\u00f3n de los aficionados que seguramente vivieron un momento inolvidable este domingo.<\/p>\n<p data-mrf-recirculation=\"Links P\u00e1rrafos\" class=\"ue-c-article__paragraph paragraph\">Lo m\u00e1s llamativo fue el caso de Borges,<strong> extremo portugu\u00e9s por el que estuvo negociando el Feyenoord con el Oporto<\/strong> desde hace algunos d\u00edas. Hace tan solo unos minutos atr\u00e1s el futbolista hab\u00eda firmado su contrato con el equipo y despu\u00e9s de ello se dirigi\u00f3 via a\u00e9re a su &#8216;nueva casa&#8217;. \u00ab<strong>Todo fue muy r\u00e1pido. Firm\u00e9 hace veinte minutos<\/strong>\u00ab, dijo el luso justo despu\u00e9s de bajar del helic\u00f3ptero.<\/p>\n<\/div>\n\n","protected":false},"excerpt":{"rendered":"<p>Para dar la bienvenida a sus nuevos fichajes, el Feyenoord llev\u00f3 a cabo una jornada de puertas abiertas al p\u00fablico en De Kuip. La fiesta era total en Rotterdam. Estadio lleno, m\u00fasica y varias sorpresas, solo faltaban los invitados principales. Tras varios minutos de espera, lleg\u00f3 el momento m\u00e1s ins\u00f3lito de la tarde. Un helic\u00f3ptero &hellip;<\/p>\n","protected":false},"author":1,"featured_media":36792,"comment_status":"open","ping_status":"open","sticky":false,"template":"","format":"standard","meta":{"fifu_image_url":"https:\/\/e00-xlk-ue-marca.uecdn.es\/files\/phantom_desktop_1200w\/uploads\/2025\/07\/20\/Yn16y1eVGeJc_GUzl.jpeg","fifu_image_alt":"","footnotes":""},"categories":[6],"tags":[],"class_list":["post-36791","post","type-post","status-publish","format-standard","has-post-thumbnail","","category-deportes"],"_links":{"self":[{"href":"https:\/\/noticiasveraces.com\/index.php?rest_route=\/wp\/v2\/posts\/36791","targetHints":{"allow":["GET"]}}],"collection":[{"href":"https:\/\/noticiasveraces.com\/index.php?rest_route=\/wp\/v2\/posts"}],"about":[{"href":"https:\/\/noticiasveraces.com\/index.php?rest_route=\/wp\/v2\/types\/post"}],"author":[{"embeddable":true,"href":"https:\/\/noticiasveraces.com\/index.php?rest_route=\/wp\/v2\/users\/1"}],"replies":[{"embeddable":true,"href":"https:\/\/noticiasveraces.com\/index.php?rest_route=%2Fwp%2Fv2%2Fcomments&post=36791"}],"version-history":[{"count":0,"href":"https:\/\/noticiasveraces.com\/index.php?rest_route=\/wp\/v2\/posts\/36791\/revisions"}],"wp:featuredmedia":[{"embeddable":true,"href":"https:\/\/noticiasveraces.com\/index.php?rest_route=\/wp\/v2\/media\/36792"}],"wp:attachment":[{"href":"https:\/\/noticiasveraces.com\/index.php?rest_route=%2Fwp%2Fv2%2Fmedia&parent=36791"}],"wp:term":[{"taxonomy":"category","embeddable":true,"href":"https:\/\/noticiasveraces.com\/index.php?rest_route=%2Fwp%2Fv2%2Fcategories&post=36791"},{"taxonomy":"post_tag","embeddable":true,"href":"https:\/\/noticiasveraces.com\/index.php?rest_route=%2Fwp%2Fv2%2Ftags&post=36791"}],"curies":[{"name":"wp","href":"https:\/\/api.w.org\/{rel}","templated":true}]}}