{"id":36772,"date":"2025-07-20T08:16:36","date_gmt":"2025-07-20T12:16:36","guid":{"rendered":"https:\/\/noticiasveraces.com\/?p=36772"},"modified":"2025-07-20T08:16:36","modified_gmt":"2025-07-20T12:16:36","slug":"derechos-lgtbiq-migrar-por-amar-lgtbiq","status":"publish","type":"post","link":"https:\/\/noticiasveraces.com\/?p=36772","title":{"rendered":"Derechos LGTBIQ+: Migrar por amar | LGTBIQ+"},"content":{"rendered":"<p> \n<br \/><img decoding=\"async\" src=\"https:\/\/imagenes.elpais.com\/resizer\/v2\/RPAO2GB2OW7NFT2THORHFQ25QE.jpg?auth=e3b8f4a996b6d90feaa8daafcbcbaa99ae2950e55cd5b504d8dec0121d9bb0d2\" \/><\/p>\n<div data-dtm-region=\"articulo_cuerpo\">\n<p class=\"\">El Orgullo es un tiempo de celebraci\u00f3n de la diversidad, tambi\u00e9n de memoria y reivindicaci\u00f3n. Es un recordatorio de que la igualdad no est\u00e1 garantizada, y de que ninguna estrategia para erradicar la desigualdad a nivel mundial ser\u00e1 eficaz si ignora a quienes han sufrido hist\u00f3ricamente discriminaci\u00f3n por su orientaci\u00f3n sexual, identidad o expresi\u00f3n de g\u00e9nero. La reivindicaci\u00f3n de los derechos de las personas LGTBI+ migrantes y refugiadas es una cuesti\u00f3n de supervivencia y resistencia ante un sistema que a\u00fan las criminaliza.<\/p>\n<p class=\"\">Esta realidad se hace muy evidente en lugares como M\u00e9xico, un pa\u00eds clave como lugar de origen, tr\u00e1nsito, destino y retorno de personas migrantes y refugiadas. En sus calles conviven personas desplazadas internas, migrantes de Venezuela, Hait\u00ed, Honduras, El Salvador, Guatemala, entre muchas otras nacionalidades, y deportadas de EE UU. <\/p>\n<p class=\"\">Muchas de ellas han cruzado fronteras huyendo de amenazas directamente ligadas con su identidad: la persecuci\u00f3n por orientaci\u00f3n sexual o identidad de g\u00e9nero, la violencia por prejuicio o la exclusi\u00f3n institucional. Al llegar al pa\u00eds norteamericano, enfrentan nuevos muros: discriminaci\u00f3n en centros de atenci\u00f3n y acogida, exclusi\u00f3n laboral, trabas para acceder a salud o regularizar su situaci\u00f3n migratoria.<\/p>\n<p class=\"\">El reciente estudio <i>Inmovilidad en contextos fr\u00e1giles: entre la dignidad, el arraigo y la migraci\u00f3n<\/i> \u2014impulsado por Ayuda en Acci\u00f3n y realizado en cinco pa\u00edses, entre ellos M\u00e9xico\u2014 muestra las dificultades que tienen millones de personas para residir en el lugar en el que han nacido. Todas las personas migrantes enfrentan desaf\u00edos, aunque pocas lo hacen desde una invisibilidad tan profunda como el colectivo LGTBI+. <\/p>\n<p class=\"\">Muchas personas LGTBI+ son rechazadas o revictimizadas en los espacios de acogida. Hay discriminaci\u00f3n en el acceso a salud, trabajo, vivienda y documentaci\u00f3n. La falta de mecanismos claros para la regularizaci\u00f3n \u2014como la suspensi\u00f3n de las tarjetas de visitante por razones humanitarias, un documento migratorio para el reconocimiento de derechos de las personas migrantes\u2014, deja a muchas personas en un limbo legal y con pocas oportunidades de integrarse dignamente en la sociedad.<\/p>\n<p class=\"\">Frente a esta exclusi\u00f3n estructural, la cooperaci\u00f3n internacional tiene un papel clave, consciente de que la desigualdad no solo es econ\u00f3mica, sino tambi\u00e9n social, cultural e institucional. Estas formas de exclusi\u00f3n se entrelazan y se agravan, afectando al acceso a una vida digna, a la educaci\u00f3n, al trabajo y a la protecci\u00f3n. <\/p>\n<p class=\"\">Por eso es imprescindible reactivar mecanismos de regularizaci\u00f3n, garantizar el acceso a servicios b\u00e1sicos, reconocer el derecho a quedarse o migrar con dignidad, y visibilizar las historias de resiliencia de quienes no pueden \u2014o no quieren\u2014 seguir huyendo. Generar contextos donde las personas puedan ser quienes quieran ser y amar en total libertad. <\/p>\n<p class=\"\">No habr\u00e1 justicia global si no defendemos los derechos de todas las personas; la lucha contra la pobreza y la desigualdad ser\u00e1 incompleta si excluye a quienes hist\u00f3ricamente han sido silenciados.<\/p>\n<aside class=\"a_np\">\n<p><strong>Ivanna Herr\u00e1n <\/strong>es experta en migraciones de la ONG Ayuda en Acci\u00f3n.<\/p>\n<\/aside>\n<\/div>\n\n","protected":false},"excerpt":{"rendered":"<p>El Orgullo es un tiempo de celebraci\u00f3n de la diversidad, tambi\u00e9n de memoria y reivindicaci\u00f3n. Es un recordatorio de que la igualdad no est\u00e1 garantizada, y de que ninguna estrategia para erradicar la desigualdad a nivel mundial ser\u00e1 eficaz si ignora a quienes han sufrido hist\u00f3ricamente discriminaci\u00f3n por su orientaci\u00f3n sexual, identidad o expresi\u00f3n de &hellip;<\/p>\n","protected":false},"author":1,"featured_media":36774,"comment_status":"open","ping_status":"open","sticky":false,"template":"","format":"standard","meta":{"fifu_image_url":"https:\/\/imagenes.elpais.com\/resizer\/v2\/RPAO2GB2OW7NFT2THORHFQ25QE.jpg?auth=e3b8f4a996b6d90feaa8daafcbcbaa99ae2950e55cd5b504d8dec0121d9bb0d2&width=1200","fifu_image_alt":"","footnotes":""},"categories":[11],"tags":[],"class_list":["post-36772","post","type-post","status-publish","format-standard","has-post-thumbnail","","category-viaje"],"_links":{"self":[{"href":"https:\/\/noticiasveraces.com\/index.php?rest_route=\/wp\/v2\/posts\/36772","targetHints":{"allow":["GET"]}}],"collection":[{"href":"https:\/\/noticiasveraces.com\/index.php?rest_route=\/wp\/v2\/posts"}],"about":[{"href":"https:\/\/noticiasveraces.com\/index.php?rest_route=\/wp\/v2\/types\/post"}],"author":[{"embeddable":true,"href":"https:\/\/noticiasveraces.com\/index.php?rest_route=\/wp\/v2\/users\/1"}],"replies":[{"embeddable":true,"href":"https:\/\/noticiasveraces.com\/index.php?rest_route=%2Fwp%2Fv2%2Fcomments&post=36772"}],"version-history":[{"count":0,"href":"https:\/\/noticiasveraces.com\/index.php?rest_route=\/wp\/v2\/posts\/36772\/revisions"}],"wp:featuredmedia":[{"embeddable":true,"href":"https:\/\/noticiasveraces.com\/index.php?rest_route=\/wp\/v2\/media\/36774"}],"wp:attachment":[{"href":"https:\/\/noticiasveraces.com\/index.php?rest_route=%2Fwp%2Fv2%2Fmedia&parent=36772"}],"wp:term":[{"taxonomy":"category","embeddable":true,"href":"https:\/\/noticiasveraces.com\/index.php?rest_route=%2Fwp%2Fv2%2Fcategories&post=36772"},{"taxonomy":"post_tag","embeddable":true,"href":"https:\/\/noticiasveraces.com\/index.php?rest_route=%2Fwp%2Fv2%2Ftags&post=36772"}],"curies":[{"name":"wp","href":"https:\/\/api.w.org\/{rel}","templated":true}]}}