{"id":36698,"date":"2025-07-19T20:15:15","date_gmt":"2025-07-20T00:15:15","guid":{"rendered":"https:\/\/noticiasveraces.com\/?p=36698"},"modified":"2025-07-19T20:15:15","modified_gmt":"2025-07-20T00:15:15","slug":"las-universidades-de-granada-y-jaen-mas-cerca-de-lograr-los-dos-grados-rechazados-por-la-junta-educacion","status":"publish","type":"post","link":"https:\/\/noticiasveraces.com\/?p=36698","title":{"rendered":"Las universidades de Granada y Ja\u00e9n, m\u00e1s cerca de lograr los dos Grados rechazados por la Junta | Educaci\u00f3n"},"content":{"rendered":"<p> \n<br \/><img decoding=\"async\" src=\"https:\/\/imagenes.elpais.com\/resizer\/v2\/WJBKRHTWDJAAROL4RDP3BMAMFI.jpg?auth=8615d2b01768d29b6e0a9a558835c553766a74a9bbd924cfbda033cf28be77f9\" \/><\/p>\n<div data-dtm-region=\"articulo_cuerpo\">\n<p class=\"\">Las universidades p\u00fablicas de Granada (UGR) y Ja\u00e9n (UJA) est\u00e1n m\u00e1s cerca de lograr los Grados de Inteligencia Artificial e Ingenier\u00eda Biom\u00e9dica que han sido desestimados por la Junta de Andaluc\u00eda. El segundo de estos Grados s\u00ed que se ha validado favorablemente para la universidad privada Loyola Andaluc\u00eda.<\/p>\n<p class=\"\">La Comisi\u00f3n de Reclamaciones de Verificaci\u00f3n y Acreditaci\u00f3n de Planes de Estudios del Consejo de Universidades, del Ministerio de Ciencia, Innovaci\u00f3n y Universidades, acord\u00f3 por unanimidad en su reuni\u00f3n de este viernes solicitar a la Agencia para la Calidad Cient\u00edfica y Universitaria de Andaluc\u00eda (Accua), que valore si ratifica su negativa para estos dos Grados en las universidades p\u00fablicas. <\/p>\n<p class=\"\">Los Grados en Ciencia de Datos e Inteligencia Artificial (IA), propuesto por la UGR, y el Grado de Ingenier\u00eda Biom\u00e9dica que iban a impartir de manera conjunta los campus de Granada y Ja\u00e9n, fueron rechazados por la Junta, pero ahora el Ministerio le pregunta si reconsidera su postura tras los recursos de ambas universidades, y considera adecuado cambiar de decisi\u00f3n.<\/p>\n<p class=\"\">Apenas siete d\u00edas despu\u00e9s del recurso presentado por las universidades de Granada y Ja\u00e9n, el Ministerio mueve ficha y traslada ahora la pelota al tejado del Gobierno andaluz. \u201cEl Ministerio da la oportunidad a la Junta de Andaluc\u00eda de rectificar el grave error que ha cometido con las universidades p\u00fablicas andaluzas al negarles los nuevos Grados\u201d, ha asegurado el delegado del Gobierno en Andaluc\u00eda, Pedro Fern\u00e1ndez. El delegado ha destacado que la decisi\u00f3n del Ministerio se adopta en un tiempo r\u00e9cord ante la situaci\u00f3n de estas universidades, con cientos de alumnos ya matriculados en los t\u00edtulos que han sido rechazados.<\/p>\n<p class=\"\">\u201cEl Gobierno andaluz tiene ahora que decidir si mantiene su rechazo o si corrige este atentado contra las universidades p\u00fablicas. De no rectificar volver\u00eda a demostrar que la Junta mantiene una estrategia clara de privatizaci\u00f3n de los estudios superiores al favorecer a las universidades privadas en detrimento de las p\u00fablicas\u201d, ha subrayado Fern\u00e1ndez.<\/p>\n<p class=\"\">En las universidades de Ja\u00e9n y Granada impera la prudencia ante la decisi\u00f3n del Ministerio: \u201cEl tiempo termina ordenando todo y colocando a cada uno en su sitio\u201d, ha valorado en redes sociales el rector de la UJA, Nicol\u00e1s Ruiz, que en las \u00faltimas semanas se ha mostrado muy beligerante con el Gobierno andaluz. Ahora se espera un nuevo pronunciamiento de la Agencia de Calidad Universitaria de la Junta, pero, aunque el informe resulte favorable, los campus de Granada y Ja\u00e9n son muy pesimistas sobre si los nuevos estudios podr\u00e1n impartirse a partir de este pr\u00f3ximo curso. <\/p>\n<p class=\"\">La UGR tuvo que retirar de su oferta de estudios el t\u00edtulo de IA aunque ya lo hab\u00eda incluido en la fase de preinscripci\u00f3n y muchos alumnos lo hab\u00edan solicitado. Algo parecido ha ocurrido en la UJA, que hab\u00eda recibido 800 preinscripciones para el t\u00edtulo de Ingenier\u00eda Biom\u00e9dica.<\/p>\n<p class=\"\">El presidente de la Junta, Juan Manuel Moreno, traslad\u00f3 la semana pasada la posibilidad de que Accua cambiara su valoraci\u00f3n y, por tanto, tanto la UGR como la UJA pudieran impartir los grados solicitados a partir de septiembre. Pero los rectores de ambos centros p\u00fablicos replicaron que esa opci\u00f3n ya no es t\u00e9cnicamente posible, por cuesti\u00f3n de tiempo y plazos. A su juicio, \u201clo m\u00e1s razonable\u201d es trabajar para que el Grado de Ingenier\u00eda Biom\u00e9dica comience a impartirse en el curso 2026-27, \u201cque es lo que hemos mantenido desde que nos vimos envueltos en esta crisis provocada por el deficiente funcionamiento de la Agencia Accua\u201d. <\/p>\n<p class=\"\">Esta pol\u00e9mica ha generado una amplia contestaci\u00f3n social en las provincias de Ja\u00e9n y Granada. La Plataforma Ciudadana en Defensa de la Universidad de Ja\u00e9n sigue movilizando a los sectores sociales de cara a una gran protesta en septiembre, que se realizar\u00e1 en los campus de Ja\u00e9n y tambi\u00e9n de Linares, que ser\u00eda el que acoger\u00eda los estudios de Ingenier\u00eda Biom\u00e9dica. \u201cCada d\u00eda que pasa somos m\u00e1s conscientes del da\u00f1o que se causa a los proyectos de futuro de la UJA\u201d, ha indicado la plataforma en un comunicado, donde tilda de \u201carbitraria\u201d la decisi\u00f3n de la Agencia Accua de la Junta. \u201cNo se puede caer en el olvido, con esta decisi\u00f3n se hace un flaco favor al equilibrio territorial\u201d, a\u00f1ade la plataforma.<\/p>\n<\/div>\n\n","protected":false},"excerpt":{"rendered":"<p>Las universidades p\u00fablicas de Granada (UGR) y Ja\u00e9n (UJA) est\u00e1n m\u00e1s cerca de lograr los Grados de Inteligencia Artificial e Ingenier\u00eda Biom\u00e9dica que han sido desestimados por la Junta de Andaluc\u00eda. El segundo de estos Grados s\u00ed que se ha validado favorablemente para la universidad privada Loyola Andaluc\u00eda. La Comisi\u00f3n de Reclamaciones de Verificaci\u00f3n y &hellip;<\/p>\n","protected":false},"author":1,"featured_media":36700,"comment_status":"open","ping_status":"open","sticky":false,"template":"","format":"standard","meta":{"fifu_image_url":"https:\/\/imagenes.elpais.com\/resizer\/v2\/WJBKRHTWDJAAROL4RDP3BMAMFI.jpg?auth=8615d2b01768d29b6e0a9a558835c553766a74a9bbd924cfbda033cf28be77f9&width=1200","fifu_image_alt":"","footnotes":""},"categories":[11],"tags":[],"class_list":["post-36698","post","type-post","status-publish","format-standard","has-post-thumbnail","","category-viaje"],"_links":{"self":[{"href":"https:\/\/noticiasveraces.com\/index.php?rest_route=\/wp\/v2\/posts\/36698","targetHints":{"allow":["GET"]}}],"collection":[{"href":"https:\/\/noticiasveraces.com\/index.php?rest_route=\/wp\/v2\/posts"}],"about":[{"href":"https:\/\/noticiasveraces.com\/index.php?rest_route=\/wp\/v2\/types\/post"}],"author":[{"embeddable":true,"href":"https:\/\/noticiasveraces.com\/index.php?rest_route=\/wp\/v2\/users\/1"}],"replies":[{"embeddable":true,"href":"https:\/\/noticiasveraces.com\/index.php?rest_route=%2Fwp%2Fv2%2Fcomments&post=36698"}],"version-history":[{"count":0,"href":"https:\/\/noticiasveraces.com\/index.php?rest_route=\/wp\/v2\/posts\/36698\/revisions"}],"wp:featuredmedia":[{"embeddable":true,"href":"https:\/\/noticiasveraces.com\/index.php?rest_route=\/wp\/v2\/media\/36700"}],"wp:attachment":[{"href":"https:\/\/noticiasveraces.com\/index.php?rest_route=%2Fwp%2Fv2%2Fmedia&parent=36698"}],"wp:term":[{"taxonomy":"category","embeddable":true,"href":"https:\/\/noticiasveraces.com\/index.php?rest_route=%2Fwp%2Fv2%2Fcategories&post=36698"},{"taxonomy":"post_tag","embeddable":true,"href":"https:\/\/noticiasveraces.com\/index.php?rest_route=%2Fwp%2Fv2%2Ftags&post=36698"}],"curies":[{"name":"wp","href":"https:\/\/api.w.org\/{rel}","templated":true}]}}