{"id":36650,"date":"2025-07-19T12:01:40","date_gmt":"2025-07-19T16:01:40","guid":{"rendered":"https:\/\/noticiasveraces.com\/?p=36650"},"modified":"2025-07-19T12:01:40","modified_gmt":"2025-07-19T16:01:40","slug":"por-que-hitler-admiraba-a-wagner-y-sus-maestros-cantores-dw-18-07-2025","status":"publish","type":"post","link":"https:\/\/noticiasveraces.com\/?p=36650","title":{"rendered":"\u00bfPor qu\u00e9 Hitler admiraba a Wagner y sus \u00abmaestros cantores\u00bb? \u2013 DW \u2013 18\/07\/2025"},"content":{"rendered":"<p> \n<\/p>\n<div>\n<p>Hay diversidad de opiniones sobre las producciones de la \u00f3pera de Wagner \u00abLos maestros cantores de N\u00faremberg\u00bb. \u00bfDebe acentuarse el lado c\u00f3mico de la \u00f3pera o se trata de una obra seria sobre las virtudes alemanas con referencias antisemitas? En la nueva producci\u00f3n de este a\u00f1o en el Festival de Bayreuth, el director Mattias Davids quiere hacer hincapi\u00e9 en los elementos c\u00f3micos de la \u00f3pera. Pero todav\u00eda queda el resabio de que los nacionalsocialistas incorporaron la obra a sus mitines del partido del Tercer\u00a0Reich<em>.<\/em><\/p>\n<p>Richard Wagner era el compositor favorito de Adolf Hitler mucho antes de que llegara al poder en 1933. El dictador ve\u00eda a Wagner como un esp\u00edritu af\u00edn que hab\u00eda emocionado a las masas con los poderosos sonidos de sus \u00f3peras en el siglo XIX. M\u00e1s tarde, Adolf Hitler lo utiliz\u00f3 para su propaganda.<\/p>\n<h2>El arte y la m\u00fasica eran una prioridad absoluta para Wagner y Hitler<\/h2>\n<p>Hitler, a quien le habr\u00eda gustado estudiar arte, hizo de las grandes producciones musicales una prioridad tan absoluta como los proyectos arquitect\u00f3nicos patrocinados por el Estado. \u00abHitler valoraba mucho el arte\u00bb, afirma el historiador del arte Wolfgang Brauneis, que ha estudiado a los artistas de la \u00e9poca nazi. \u00abEsto se puede ver en lo m\u00e1s profundo del caos de la guerra, cuando defin\u00eda personalmente hasta el color de los mosaicos de las grandes obras\u00bb.<\/p>\n<p>No fue diferente en N\u00faremberg, donde el Partido Nacionalsocialista Obrero Alem\u00e1n (NSDAP) de Hitler celebraba sus encuentros. \u00c9l mismo seleccion\u00f3 a los cantantes y directores para la producci\u00f3n de la \u00f3pera de Richard Wagner \u00abLos maestros cantores de N\u00faremberg\u00bb, que se represent\u00f3 la v\u00edspera del mit\u00edn del partido nazi<em>.<\/em><\/p>\n<p><span data-slot-id=\"Article_InContent-1\" class=\"rich-text-ad\"\/><\/p>\n<h2>La obra de arte integral con Wagner y Hitler<\/h2>\n<p>Cuando Hitler lleg\u00f3 al poder en 1933, Richard Wagner llevaba ya 50 a\u00f1os muerto. El compositor hab\u00eda revolucionado el mundo de la \u00f3pera con su idea de una obra de arte integral. Concibi\u00f3 una simbiosis de texto, m\u00fasica, direcci\u00f3n, escenograf\u00eda y arquitectura, todo de una misma fuente. Para sus \u00f3peras, Richard Wagner cre\u00f3 un teatro de \u00f3pera seg\u00fan sus propias ideas en la colina verde de Bayreuth. Por primera vez, hizo que la orquesta tocara en un foso frente al escenario, el p\u00fablico se sentaba en completa oscuridad, s\u00f3lo el escenario estaba iluminado. Esto inspir\u00f3 a Hitler.<\/p>\n<p>A partir de 1935, el dictador escenific\u00f3 sus mitines partidistas en N\u00faremberg como un gran espect\u00e1culo con efectos de iluminaci\u00f3n y concentraciones multitudinarias. Toda la ciudad se convirti\u00f3 en tel\u00f3n de fondo, con banderas izadas al borde de la carretera para las marchas nazis.<\/p>\n<h2>\u00bfUna \u00f3pera alemana con antisemitismo?<\/h2>\n<p>La \u00f3pera trata de una disputa entre cantantes por el amor de una mujer. Panaderos, sastres, orfebres y otros maestros artesanos compiten entre s\u00ed. El secretario municipal Beckmesser vela por el estricto cumplimiento de las reglas. El viejo maestro Hans Sachs, respetado cantante y zapatero, apela a honrar a los antiguos maestros y preservar el arte alem\u00e1n.<\/p>\n<figure class=\"placeholder-image master_landscape big\"><img data-format=\"MASTER_LANDSCAPE\" data-id=\"69766935\" data-url=\"https:\/\/static.dw.com\/image\/69766935_${formatId}.jpg\" data-aspect-ratio=\"16\/9\" alt=\"Fachada Teatro de \u00d3pera Festival de Bayreuth, fila de personas esperando, en primer plano, dos ciclistas.\" style=\"padding-bottom: 56.25%; height: 0; max-height: 0;\"\/><figcaption class=\"img-caption\">Los aspectos c\u00f3micos de \u00abLos maestros cantores de N\u00faremberg\u00bb desempe\u00f1an un papel central en la producci\u00f3n de este a\u00f1o del Festival de Bayreuth.<small class=\"copyright\">Imagen: Dwi Anoraganiningrum\/Panam\u00e1 Pictures\/Imelo<\/small><\/figcaption><\/figure>\n<p>La cuesti\u00f3n de si en las \u00f3peras de Wagner aparecen y se caricaturizan figuras jud\u00edas, y de qu\u00e9 manera, sigue siendo objeto de controversia en la investigaci\u00f3n sobre Wagner. Se dice que el propio Wagner no hizo comentarios al respecto. Sin embargo, el compositor era un antisemita declarado. Escribi\u00f3 un panfleto titulado \u00abEl juda\u00edsmo en la m\u00fasica\u00bb, en el que denigraba la m\u00fasica de los compositores jud\u00edos y afirmaba que s\u00f3lo pod\u00edan copiar a otros.<\/p>\n<h2>Bayreuth 2025: \u00abLos maestros cantores\u00bb como comedia<\/h2>\n<p>Intriga, amor, poder, victoria y hero\u00edsmo son ingredientes que Richard Wagner utiliz\u00f3 una y otra vez en sus \u00f3peras. Por eso, los nacionalsocialistas consideraron a \u00abLos maestros cantores\u00bb como una \u00f3pera alemana de gran emoci\u00f3n\u00a0y seriedad, pero tambi\u00e9n hay aspectos c\u00f3micos en la competencia\u00a0de los cantantes.<\/p>\n<p>\u00c9stos desempe\u00f1an un papel importante en la nueva producci\u00f3n del director de \u00f3pera y musical Mattias Davids en el Festival de Bayreuth de este a\u00f1o.<\/p>\n<p>Hay muchas situaciones y detalles c\u00f3micos en el libreto de \u00abLos maestros cantores\u00bb, dijo Davids a la prensa en Bayreuth. \u00abCada vez descubro m\u00e1s elementos de humor que quiz\u00e1 sean tambi\u00e9n sorprendentes\u00bb.<\/p>\n<p>En la descripci\u00f3n del programa del festival, plantea la cuesti\u00f3n de si el \u00abhonor del maestro alem\u00e1n\u00bb alabado en el final debe entenderse realmente s\u00f3lo como una condena de todo lo que no sea \u00abalem\u00e1n y genuino\u00bb. \u00ab\u00bfNo podr\u00edamos convertirnos todos en maestros (y maestras) si por fin aprendi\u00e9ramos a tratarnos a nosotros mismos y a los dem\u00e1s con m\u00e1s cari\u00f1o?\u00bb.<\/p>\n<p><em>El estreno de \u00abLos maestros cantores\u00bb en\u00a0el Festival de Bayreuth 2025 tendr\u00e1 lugar el 25 de julio. El festival termina el 26 de agosto.<\/em><\/p>\n<p>(MD\/EL)<\/p>\n<\/div>\n\n","protected":false},"excerpt":{"rendered":"<p>Hay diversidad de opiniones sobre las producciones de la \u00f3pera de Wagner \u00abLos maestros cantores de N\u00faremberg\u00bb. \u00bfDebe acentuarse el lado c\u00f3mico de la \u00f3pera o se trata de una obra seria sobre las virtudes alemanas con referencias antisemitas? En la nueva producci\u00f3n de este a\u00f1o en el Festival de Bayreuth, el director Mattias Davids &hellip;<\/p>\n","protected":false},"author":1,"featured_media":36651,"comment_status":"open","ping_status":"open","sticky":false,"template":"","format":"standard","meta":{"fifu_image_url":"https:\/\/static.dw.com\/image\/72433620_6.jpg","fifu_image_alt":"","footnotes":""},"categories":[13],"tags":[],"class_list":["post-36650","post","type-post","status-publish","format-standard","has-post-thumbnail","","category-mundo"],"_links":{"self":[{"href":"https:\/\/noticiasveraces.com\/index.php?rest_route=\/wp\/v2\/posts\/36650","targetHints":{"allow":["GET"]}}],"collection":[{"href":"https:\/\/noticiasveraces.com\/index.php?rest_route=\/wp\/v2\/posts"}],"about":[{"href":"https:\/\/noticiasveraces.com\/index.php?rest_route=\/wp\/v2\/types\/post"}],"author":[{"embeddable":true,"href":"https:\/\/noticiasveraces.com\/index.php?rest_route=\/wp\/v2\/users\/1"}],"replies":[{"embeddable":true,"href":"https:\/\/noticiasveraces.com\/index.php?rest_route=%2Fwp%2Fv2%2Fcomments&post=36650"}],"version-history":[{"count":0,"href":"https:\/\/noticiasveraces.com\/index.php?rest_route=\/wp\/v2\/posts\/36650\/revisions"}],"wp:featuredmedia":[{"embeddable":true,"href":"https:\/\/noticiasveraces.com\/index.php?rest_route=\/wp\/v2\/media\/36651"}],"wp:attachment":[{"href":"https:\/\/noticiasveraces.com\/index.php?rest_route=%2Fwp%2Fv2%2Fmedia&parent=36650"}],"wp:term":[{"taxonomy":"category","embeddable":true,"href":"https:\/\/noticiasveraces.com\/index.php?rest_route=%2Fwp%2Fv2%2Fcategories&post=36650"},{"taxonomy":"post_tag","embeddable":true,"href":"https:\/\/noticiasveraces.com\/index.php?rest_route=%2Fwp%2Fv2%2Ftags&post=36650"}],"curies":[{"name":"wp","href":"https:\/\/api.w.org\/{rel}","templated":true}]}}