{"id":36634,"date":"2025-07-19T07:57:13","date_gmt":"2025-07-19T11:57:13","guid":{"rendered":"https:\/\/noticiasveraces.com\/?p=36634"},"modified":"2025-07-19T07:57:13","modified_gmt":"2025-07-19T11:57:13","slug":"enfrentamientos-en-sweida-dejaron-mas-de-900-muertos-dw-19-07-2025","status":"publish","type":"post","link":"https:\/\/noticiasveraces.com\/?p=36634","title":{"rendered":"enfrentamientos en Sweida dejaron m\u00e1s de 900 muertos \u2013 DW \u2013 19\/07\/2025"},"content":{"rendered":"<p> \n<\/p>\n<div>\n<p>La oficina del presidente de Siria, Ahmed al-Sharaa, anunci\u00f3 este s\u00e1bado (19.07.2025) un \u00abalto al fuego inmediato\u201d en la provincia de Sweida, en el sur del pa\u00eds. Las fuerzas de seguridad comenzaron a desplegarse en esta regi\u00f3n poblada principalmente por la minor\u00eda drusa, tras enfrentamientos entre distintas facciones que dejaron m\u00e1s de 900 muertos en una semana.<\/p>\n<p>Por medio de un comunicado, la presidencia inst\u00f3\u00a0a \u00abtodas las partes a respetar plenamente\u00bb el alto al fuego y detener la violencia. Las tropas sirias iniciaron su movimiento tras el anuncio de Estados Unidos de un acuerdo entre Siria e Israel, que hasta ahora se opon\u00eda a la presencia de las fuerzas gubernamentales sirias en la regi\u00f3n que, recordemos, se encuentra dentro de territorio sirio, y las hab\u00eda bombardeado.<\/p>\n<p>El portavoz del Ministerio del Interior, Nureddine al Baba, indic\u00f3 a trav\u00e9s de la red Telegram que el despliegue tiene por objetivo \u00abproteger a los civiles y poner fin al caos\u201d. Al-Sharaa, en tanto, reiter\u00f3 la promesa de proteger a las minor\u00edas. \u00abEl Estado sirio est\u00e1 comprometido con la protecci\u00f3n de todas las minor\u00edas y comunidades en el pa\u00eds; condenamos todos los actos criminales cometidos\u201d en Sweida, dijo en un discurso televisado.<\/p>\n<h2>M\u00e1s de 700 muertos<\/h2>\n<p>Los enfrentamientos comenzaron el fin de semana pasado, cuando beduinos y drusos chocaron tras el secuestro de una persona. El despliegue posterior de fuerzas enviadas por Damasco aument\u00f3 la tensi\u00f3n, inici\u00e1ndose enfrentamientos entre unidades de combate drusas y las tropas gubernamentales, que paralelamente fueron bombardeadas por la Fuerza A\u00e9rea de Israel, que dice que busca proteger a los drusos y evitar, a la vez, la militarizaci\u00f3n del sur de Siria.<\/p>\n<p>De acuerdo con el Observatorio Sirio de Derechos Humanos (OSDH), una ONG con sede en Londres pero con una amplia red de informantes por toda Siria, al menos 936 personas murieron en Sweida tras esta semana de violencia. De ellos, 262\u00a0son civiles drusos, de los cuales 182 fueron \u00abejecutados sumariamente\u00bb por fuerzas del gobierno. Asimismo, tres civiles beduinos fueron ejecutados por combatientes drusos.<\/p>\n<p>Tambi\u00e9n fallecieron 326 combatientes drusos, 312 tropas gubernamentales y 18 combatientes beduinos. Otros 15 miembros de las fuerzas del gobierno murieron por bombardeos israel\u00edes, agreg\u00f3 el OSDH.<\/p>\n<p>DZC (AFP, Reuters)<\/p>\n<\/div>\n\n","protected":false},"excerpt":{"rendered":"<p>La oficina del presidente de Siria, Ahmed al-Sharaa, anunci\u00f3 este s\u00e1bado (19.07.2025) un \u00abalto al fuego inmediato\u201d en la provincia de Sweida, en el sur del pa\u00eds. Las fuerzas de seguridad comenzaron a desplegarse en esta regi\u00f3n poblada principalmente por la minor\u00eda drusa, tras enfrentamientos entre distintas facciones que dejaron m\u00e1s de 900 muertos en &hellip;<\/p>\n","protected":false},"author":1,"featured_media":36635,"comment_status":"open","ping_status":"open","sticky":false,"template":"","format":"standard","meta":{"fifu_image_url":"https:\/\/static.dw.com\/image\/73334418_6.jpg","fifu_image_alt":"","footnotes":""},"categories":[13],"tags":[],"class_list":["post-36634","post","type-post","status-publish","format-standard","has-post-thumbnail","","category-mundo"],"_links":{"self":[{"href":"https:\/\/noticiasveraces.com\/index.php?rest_route=\/wp\/v2\/posts\/36634","targetHints":{"allow":["GET"]}}],"collection":[{"href":"https:\/\/noticiasveraces.com\/index.php?rest_route=\/wp\/v2\/posts"}],"about":[{"href":"https:\/\/noticiasveraces.com\/index.php?rest_route=\/wp\/v2\/types\/post"}],"author":[{"embeddable":true,"href":"https:\/\/noticiasveraces.com\/index.php?rest_route=\/wp\/v2\/users\/1"}],"replies":[{"embeddable":true,"href":"https:\/\/noticiasveraces.com\/index.php?rest_route=%2Fwp%2Fv2%2Fcomments&post=36634"}],"version-history":[{"count":0,"href":"https:\/\/noticiasveraces.com\/index.php?rest_route=\/wp\/v2\/posts\/36634\/revisions"}],"wp:featuredmedia":[{"embeddable":true,"href":"https:\/\/noticiasveraces.com\/index.php?rest_route=\/wp\/v2\/media\/36635"}],"wp:attachment":[{"href":"https:\/\/noticiasveraces.com\/index.php?rest_route=%2Fwp%2Fv2%2Fmedia&parent=36634"}],"wp:term":[{"taxonomy":"category","embeddable":true,"href":"https:\/\/noticiasveraces.com\/index.php?rest_route=%2Fwp%2Fv2%2Fcategories&post=36634"},{"taxonomy":"post_tag","embeddable":true,"href":"https:\/\/noticiasveraces.com\/index.php?rest_route=%2Fwp%2Fv2%2Ftags&post=36634"}],"curies":[{"name":"wp","href":"https:\/\/api.w.org\/{rel}","templated":true}]}}