{"id":36610,"date":"2025-07-19T06:20:52","date_gmt":"2025-07-19T10:20:52","guid":{"rendered":"https:\/\/noticiasveraces.com\/?p=36610"},"modified":"2025-07-19T06:20:52","modified_gmt":"2025-07-19T10:20:52","slug":"ivan-azon-arranca-con-un-doblete-en-el-estreno-del-como-de-cesc","status":"publish","type":"post","link":"https:\/\/noticiasveraces.com\/?p=36610","title":{"rendered":"Iv\u00e1n Az\u00f3n arranca con un doblete en el estreno del Como de Cesc"},"content":{"rendered":"<p> \n<\/p>\n<div>\n<p data-mrf-recirculation=\"Links P\u00e1rrafos\" class=\"ue-c-article__paragraph paragraph ue-c-article--first-letter-highlighted\">No se puede arrancar mejor una pretemporada. el espa\u00f1ol<strong> Iv\u00e1n Az\u00f3n, <\/strong>que lleg\u00f3 a<strong>l Como 1907<\/strong> de <strong>Cesc<\/strong> durante el pasado mercado de invierno, cerr\u00f3 el primer amistoso de los italianos del verano con dos goles que le dieron la victoria ante el Lille. Pese a que los franceses se adelantaron en el marcador, dos tantos del <strong>ex del Zaragoza<\/strong>que sali\u00f3 desde el banquillo le sirvieron al equipo de moda de la Serie A para llevarse el primer partido de preparaci\u00f3n y dejar a Cesc con muy buenas sensaciones sobre el ariete. <\/p>\n<p data-mrf-recirculation=\"Links P\u00e1rrafos\" class=\"ue-c-article__paragraph paragraph\"><strong>Iv\u00e1n Az\u00f3n marc\u00f3 dos tantos de delantero centro,<\/strong> buscando el desmarque y aprovechando asistencias de sus compa\u00f1eros. El caso es que son goles que le dan conmfianza para intntar ganarse un puesto en un equipo que ya ha gastado m\u00e1s de cien millones durante este verano en el mercado de fichjaes y que amenaza con seguir confenccionando una plantilla poderosa.  <\/p>\n<p data-mrf-recirculation=\"Links P\u00e1rrafos\" class=\"ue-c-article__paragraph paragraph\">Az\u00f3n ha tenido ofertas importantes para salir este mismo mercado del Como, al que acaba de llegar. El <strong>D\u00ednamo de Zagreb<\/strong> le ofreci\u00f3 una posibilidad m\u00e1s que interesante, pero el chico prefiere intentar ganarse el favor de Cesc a base de goles y despu\u00e9s del partido ante el Lille su cotizaci\u00f3n ha subido dentro del equipo. <\/p>\n<\/div>\n\n","protected":false},"excerpt":{"rendered":"<p>No se puede arrancar mejor una pretemporada. el espa\u00f1ol Iv\u00e1n Az\u00f3n, que lleg\u00f3 al Como 1907 de Cesc durante el pasado mercado de invierno, cerr\u00f3 el primer amistoso de los italianos del verano con dos goles que le dieron la victoria ante el Lille. Pese a que los franceses se adelantaron en el marcador, dos &hellip;<\/p>\n","protected":false},"author":1,"featured_media":36611,"comment_status":"open","ping_status":"open","sticky":false,"template":"","format":"standard","meta":{"fifu_image_url":"https:\/\/e00-xlk-ue-marca.uecdn.es\/files\/phantom_desktop_1200w\/uploads\/2025\/07\/19\/687b3295b586b.jpeg","fifu_image_alt":"","footnotes":""},"categories":[6],"tags":[],"class_list":["post-36610","post","type-post","status-publish","format-standard","has-post-thumbnail","","category-deportes"],"_links":{"self":[{"href":"https:\/\/noticiasveraces.com\/index.php?rest_route=\/wp\/v2\/posts\/36610","targetHints":{"allow":["GET"]}}],"collection":[{"href":"https:\/\/noticiasveraces.com\/index.php?rest_route=\/wp\/v2\/posts"}],"about":[{"href":"https:\/\/noticiasveraces.com\/index.php?rest_route=\/wp\/v2\/types\/post"}],"author":[{"embeddable":true,"href":"https:\/\/noticiasveraces.com\/index.php?rest_route=\/wp\/v2\/users\/1"}],"replies":[{"embeddable":true,"href":"https:\/\/noticiasveraces.com\/index.php?rest_route=%2Fwp%2Fv2%2Fcomments&post=36610"}],"version-history":[{"count":0,"href":"https:\/\/noticiasveraces.com\/index.php?rest_route=\/wp\/v2\/posts\/36610\/revisions"}],"wp:featuredmedia":[{"embeddable":true,"href":"https:\/\/noticiasveraces.com\/index.php?rest_route=\/wp\/v2\/media\/36611"}],"wp:attachment":[{"href":"https:\/\/noticiasveraces.com\/index.php?rest_route=%2Fwp%2Fv2%2Fmedia&parent=36610"}],"wp:term":[{"taxonomy":"category","embeddable":true,"href":"https:\/\/noticiasveraces.com\/index.php?rest_route=%2Fwp%2Fv2%2Fcategories&post=36610"},{"taxonomy":"post_tag","embeddable":true,"href":"https:\/\/noticiasveraces.com\/index.php?rest_route=%2Fwp%2Fv2%2Ftags&post=36610"}],"curies":[{"name":"wp","href":"https:\/\/api.w.org\/{rel}","templated":true}]}}