{"id":36602,"date":"2025-07-19T04:52:55","date_gmt":"2025-07-19T08:52:55","guid":{"rendered":"https:\/\/noticiasveraces.com\/?p=36602"},"modified":"2025-07-19T04:52:55","modified_gmt":"2025-07-19T08:52:55","slug":"eslovenia-se-convierte-en-el-primer-pais-de-europa-del-este-en-legalizar-el-suicidio-asistido","status":"publish","type":"post","link":"https:\/\/noticiasveraces.com\/?p=36602","title":{"rendered":"Eslovenia se convierte en el primer pa\u00eds de Europa del Este en legalizar el suicidio asistido"},"content":{"rendered":"<p> \n<\/p>\n<div>\n<div id=\"beyondwords-wrapper\" class=\"beyondwords-wrapper\">\n<p><span class=\"label-bg\">NUEVO<\/span>\u00a1Ahora puedes escuchar art\u00edculos de Fox News!\n  <\/p>\n<\/div>\n<p class=\"speakable\">Los legisladores eslovenos se convirtieron en el primer pa\u00eds de Europa del Este en legalizar una ley el viernes para permitir el suicidio asistido m\u00e9dicamente para los adultos terminales, en un cambio en la pol\u00edtica regional al final de la vida. <\/p>\n<p class=\"speakable\">Los legisladores del pa\u00eds aprobaron el proyecto de ley tras un voto parlamentario observado con 50 votos a favor, 34 en contra y tres absteni\u00e9ndose. La votaci\u00f3n tambi\u00e9n se centr\u00f3 en un refer\u00e9ndum nacional que exig\u00eda los derechos de al final de la vida expandidos. <\/p>\n<p>La legislaci\u00f3n se produce despu\u00e9s de un refer\u00e9ndum consultivo el a\u00f1o pasado en el que el 55% de los votantes apoyaron el derecho a la autonom\u00eda al final de la vida. Si bien la medida se elogia como hist\u00f3rica, la implementaci\u00f3n de la ley no ser\u00e1 inmediata ya que los procedimientos y los mecanismos de supervisi\u00f3n a\u00fan se est\u00e1n desarrollando.<\/p>\n<p>La ley se aplica a adultos con enfermedades terminales que experimentan un sufrimiento insoportable sin posibilidad de mejorar. Para que los candidatos califiquen, deben ser mentalmente competentes y ya han agotado sus opciones de tratamiento disponibles. Las personas que sufren \u00fanicamente por enfermedades mentales ser\u00e1n excluidas de la elegibilidad. El paciente tiene que proporcionar consentimiento informado, voluntario y repetido. Se cree que el proceso puede requerir la evaluaci\u00f3n de m\u00faltiples profesionales m\u00e9dicos.<\/p>\n<p><strong>El proyecto de ley de suicidio asistido de Delaware firm\u00f3 la ley, lo que lo convierte en el 11 \u00b0 estado con tal estatuto<\/strong><\/p>\n<div class=\"image-ct inline\">\n<div class=\"m\"><picture><source media=\"(max-width: 767px)\" srcset=\"https:\/\/a57.foxnews.com\/static.foxnews.com\/foxnews.com\/content\/uploads\/2025\/07\/343\/192\/slovenias-lawmakers.png?ve=1&amp;tl=1, https:\/\/a57.foxnews.com\/static.foxnews.com\/foxnews.com\/content\/uploads\/2025\/07\/686\/384\/slovenias-lawmakers.png?ve=1&amp;tl=1 2x\" height=\"192\" width=\"343\"><source media=\"(min-width: 768px) and (max-width: 1023px)\" srcset=\"https:\/\/a57.foxnews.com\/static.foxnews.com\/foxnews.com\/content\/uploads\/2025\/07\/672\/378\/slovenias-lawmakers.png?ve=1&amp;tl=1, https:\/\/a57.foxnews.com\/static.foxnews.com\/foxnews.com\/content\/uploads\/2025\/07\/1344\/756\/slovenias-lawmakers.png?ve=1&amp;tl=1 2x\" height=\"378\" width=\"672\"><source media=\"(min-width: 1024px) and (max-width: 1279px)\" srcset=\"https:\/\/a57.foxnews.com\/static.foxnews.com\/foxnews.com\/content\/uploads\/2025\/07\/931\/523\/slovenias-lawmakers.png?ve=1&amp;tl=1, https:\/\/a57.foxnews.com\/static.foxnews.com\/foxnews.com\/content\/uploads\/2025\/07\/1862\/1046\/slovenias-lawmakers.png?ve=1&amp;tl=1 2x\" height=\"523\" width=\"931\"><source media=\"(min-width: 1280px)\" srcset=\"https:\/\/a57.foxnews.com\/static.foxnews.com\/foxnews.com\/content\/uploads\/2025\/07\/720\/405\/slovenias-lawmakers.png?ve=1&amp;tl=1, https:\/\/a57.foxnews.com\/static.foxnews.com\/foxnews.com\/content\/uploads\/2025\/07\/1440\/810\/slovenias-lawmakers.png?ve=1&amp;tl=1 2x\" height=\"405\" width=\"720\"><img loading=\"lazy\" decoding=\"async\" src=\"https:\/\/a57.foxnews.com\/static.foxnews.com\/foxnews.com\/content\/uploads\/2025\/07\/1200\/675\/slovenias-lawmakers.png?ve=1&amp;tl=1\" alt=\"El primer ministro esloveno, Robert Golob, habla antes del Parlamento\" width=\"1200\" height=\"675\"\/><\/source><\/source><\/source><\/source><\/picture><\/div>\n<div class=\"info\">\n<div class=\"caption\">\n<p><span>Los legisladores eslovenos aprobaron una ley para permitir el suicidio asistido m\u00e9dicamente para los adultos de la ala terminal.<\/span> <span>(Reuters)<\/span><\/p>\n<\/div>\n<\/div>\n<\/div>\n<p>Aunque se est\u00e1 aclamando como un movimiento hist\u00f3rico, no se implementar\u00e1 inmediatamente como los procedimientos detallados y los mecanismos de supervisi\u00f3n a\u00fan se est\u00e1n finalizando. <\/p>\n<p>\u00abEsta es una victoria para la compasi\u00f3n y la dignidad\u00bb, dijo un legislador en apoyo del proyecto de ley. Un grupo de derechos civiles se opuso al refer\u00e9ndum de la ley para revocar la medida.<\/p>\n<p>Un grupo de derechos civiles que se opone a la nueva ley se comprometi\u00f3 el viernes a buscar el respaldo p\u00fablico para un posible intento de forzar un refer\u00e9ndum sobre la medida.<\/p>\n<p><strong>La Asamblea de Nueva York pasa un proyecto de ley para legalizar el suicidio asistido por los enfermos terminales<\/strong><\/p>\n<div class=\"image-ct inline\">\n<div class=\"m\"><picture><source media=\"(max-width: 767px)\" srcset=\"https:\/\/a57.foxnews.com\/static.foxnews.com\/foxnews.com\/content\/uploads\/2025\/07\/343\/192\/slovenian-peoples-and-national-assembly.png?ve=1&amp;tl=1, https:\/\/a57.foxnews.com\/static.foxnews.com\/foxnews.com\/content\/uploads\/2025\/07\/686\/384\/slovenian-peoples-and-national-assembly.png?ve=1&amp;tl=1 2x\" height=\"192\" width=\"343\"><source media=\"(min-width: 768px) and (max-width: 1023px)\" srcset=\"https:\/\/a57.foxnews.com\/static.foxnews.com\/foxnews.com\/content\/uploads\/2025\/07\/672\/378\/slovenian-peoples-and-national-assembly.png?ve=1&amp;tl=1, https:\/\/a57.foxnews.com\/static.foxnews.com\/foxnews.com\/content\/uploads\/2025\/07\/1344\/756\/slovenian-peoples-and-national-assembly.png?ve=1&amp;tl=1 2x\" height=\"378\" width=\"672\"><source media=\"(min-width: 1024px) and (max-width: 1279px)\" srcset=\"https:\/\/a57.foxnews.com\/static.foxnews.com\/foxnews.com\/content\/uploads\/2025\/07\/931\/523\/slovenian-peoples-and-national-assembly.png?ve=1&amp;tl=1, https:\/\/a57.foxnews.com\/static.foxnews.com\/foxnews.com\/content\/uploads\/2025\/07\/1862\/1046\/slovenian-peoples-and-national-assembly.png?ve=1&amp;tl=1 2x\" height=\"523\" width=\"931\"><source media=\"(min-width: 1280px)\" srcset=\"https:\/\/a57.foxnews.com\/static.foxnews.com\/foxnews.com\/content\/uploads\/2025\/07\/720\/405\/slovenian-peoples-and-national-assembly.png?ve=1&amp;tl=1, https:\/\/a57.foxnews.com\/static.foxnews.com\/foxnews.com\/content\/uploads\/2025\/07\/1440\/810\/slovenian-peoples-and-national-assembly.png?ve=1&amp;tl=1 2x\" height=\"405\" width=\"720\"><img loading=\"lazy\" decoding=\"async\" src=\"https:\/\/a57.foxnews.com\/static.foxnews.com\/foxnews.com\/content\/uploads\/2025\/07\/1200\/675\/slovenian-peoples-and-national-assembly.png?ve=1&amp;tl=1\" alt=\"Asamblea de personas eslovenas y nacionales\" width=\"1200\" height=\"675\"\/><\/source><\/source><\/source><\/source><\/picture><\/div>\n<div class=\"info\">\n<div class=\"caption\">\n<p><span>Los legisladores aprobaron el proyecto de ley con 50 votos a favor, 34 en contra y tres absteni\u00e9ndose.<\/span> <span>(Getty Images)<\/span><\/p>\n<\/div>\n<\/div>\n<\/div>\n<p>Varios otros pa\u00edses, incluidos Canad\u00e1, Alemania, B\u00e9lgica, Suiza, Pa\u00edses Bajos, Australia y Colombia, han legalizado la llamada muerte con dignidad.<\/p>\n<p>El mes pasado, el parlamento de Gran Breta\u00f1a vot\u00f3 para legalizar la muerte asistida, aunque el proyecto de ley a\u00fan debe despejar la C\u00e1mara Superior del Parlamento.<\/p>\n<div class=\"image-ct inline\">\n<div class=\"m\"><picture><source media=\"(max-width: 767px)\" srcset=\"https:\/\/a57.foxnews.com\/static.foxnews.com\/foxnews.com\/content\/uploads\/2025\/07\/343\/192\/slovenian-flag.png?ve=1&amp;tl=1, https:\/\/a57.foxnews.com\/static.foxnews.com\/foxnews.com\/content\/uploads\/2025\/07\/686\/384\/slovenian-flag.png?ve=1&amp;tl=1 2x\" height=\"192\" width=\"343\"><source media=\"(min-width: 768px) and (max-width: 1023px)\" srcset=\"https:\/\/a57.foxnews.com\/static.foxnews.com\/foxnews.com\/content\/uploads\/2025\/07\/672\/378\/slovenian-flag.png?ve=1&amp;tl=1, https:\/\/a57.foxnews.com\/static.foxnews.com\/foxnews.com\/content\/uploads\/2025\/07\/1344\/756\/slovenian-flag.png?ve=1&amp;tl=1 2x\" height=\"378\" width=\"672\"><source media=\"(min-width: 1024px) and (max-width: 1279px)\" srcset=\"https:\/\/a57.foxnews.com\/static.foxnews.com\/foxnews.com\/content\/uploads\/2025\/07\/931\/523\/slovenian-flag.png?ve=1&amp;tl=1, https:\/\/a57.foxnews.com\/static.foxnews.com\/foxnews.com\/content\/uploads\/2025\/07\/1862\/1046\/slovenian-flag.png?ve=1&amp;tl=1 2x\" height=\"523\" width=\"931\"><source media=\"(min-width: 1280px)\" srcset=\"https:\/\/a57.foxnews.com\/static.foxnews.com\/foxnews.com\/content\/uploads\/2025\/07\/720\/405\/slovenian-flag.png?ve=1&amp;tl=1, https:\/\/a57.foxnews.com\/static.foxnews.com\/foxnews.com\/content\/uploads\/2025\/07\/1440\/810\/slovenian-flag.png?ve=1&amp;tl=1 2x\" height=\"405\" width=\"720\"><img loading=\"lazy\" decoding=\"async\" src=\"https:\/\/a57.foxnews.com\/static.foxnews.com\/foxnews.com\/content\/uploads\/2025\/07\/1200\/675\/slovenian-flag.png?ve=1&amp;tl=1\" alt=\"Bandera eslovena frente al parlamento.\" width=\"1200\" height=\"675\"\/><\/source><\/source><\/source><\/source><\/picture><\/div>\n<div class=\"info\">\n<div class=\"caption\">\n<p><span>Varios otros pa\u00edses han legalizado la llamada muerte con dignidad.<\/span> <span>(Getty Images)<\/span><\/p>\n<\/div>\n<\/div>\n<\/div>\n<p><strong><u>Haga clic aqu\u00ed para obtener la aplicaci\u00f3n Fox News<\/u><\/strong><\/p>\n<p>En los Estados Unidos, 11 estados permiten ayuda m\u00e9dica para morir: Delaware, California, Colorado, Hawai, Maine, Montana, Nueva Jersey, Nuevo M\u00e9xico, Oregon, Vermont y Washington. Los legisladores en algunos otros estados est\u00e1n considerando una legislaci\u00f3n similar.<\/p>\n<p>Washington, DC, tambi\u00e9n permite el suicidio asistido por un m\u00e9dico.<\/p>\n<p><i>Reuters contribuy\u00f3 a este informe.<\/i><\/p>\n<p> <!----> <\/div>\n\n","protected":false},"excerpt":{"rendered":"<p>NUEVO\u00a1Ahora puedes escuchar art\u00edculos de Fox News! Los legisladores eslovenos se convirtieron en el primer pa\u00eds de Europa del Este en legalizar una ley el viernes para permitir el suicidio asistido m\u00e9dicamente para los adultos terminales, en un cambio en la pol\u00edtica regional al final de la vida. Los legisladores del pa\u00eds aprobaron el proyecto &hellip;<\/p>\n","protected":false},"author":1,"featured_media":36604,"comment_status":"open","ping_status":"open","sticky":false,"template":"","format":"standard","meta":{"fifu_image_url":"https:\/\/static.foxnews.com\/foxnews.com\/content\/uploads\/2025\/07\/slovenias-lawmakers.png","fifu_image_alt":"","footnotes":""},"categories":[13],"tags":[],"class_list":["post-36602","post","type-post","status-publish","format-standard","has-post-thumbnail","","category-mundo"],"_links":{"self":[{"href":"https:\/\/noticiasveraces.com\/index.php?rest_route=\/wp\/v2\/posts\/36602","targetHints":{"allow":["GET"]}}],"collection":[{"href":"https:\/\/noticiasveraces.com\/index.php?rest_route=\/wp\/v2\/posts"}],"about":[{"href":"https:\/\/noticiasveraces.com\/index.php?rest_route=\/wp\/v2\/types\/post"}],"author":[{"embeddable":true,"href":"https:\/\/noticiasveraces.com\/index.php?rest_route=\/wp\/v2\/users\/1"}],"replies":[{"embeddable":true,"href":"https:\/\/noticiasveraces.com\/index.php?rest_route=%2Fwp%2Fv2%2Fcomments&post=36602"}],"version-history":[{"count":0,"href":"https:\/\/noticiasveraces.com\/index.php?rest_route=\/wp\/v2\/posts\/36602\/revisions"}],"wp:featuredmedia":[{"embeddable":true,"href":"https:\/\/noticiasveraces.com\/index.php?rest_route=\/wp\/v2\/media\/36604"}],"wp:attachment":[{"href":"https:\/\/noticiasveraces.com\/index.php?rest_route=%2Fwp%2Fv2%2Fmedia&parent=36602"}],"wp:term":[{"taxonomy":"category","embeddable":true,"href":"https:\/\/noticiasveraces.com\/index.php?rest_route=%2Fwp%2Fv2%2Fcategories&post=36602"},{"taxonomy":"post_tag","embeddable":true,"href":"https:\/\/noticiasveraces.com\/index.php?rest_route=%2Fwp%2Fv2%2Ftags&post=36602"}],"curies":[{"name":"wp","href":"https:\/\/api.w.org\/{rel}","templated":true}]}}