{"id":36595,"date":"2025-07-19T01:50:13","date_gmt":"2025-07-19T05:50:13","guid":{"rendered":"https:\/\/noticiasveraces.com\/?p=36595"},"modified":"2025-07-19T01:50:13","modified_gmt":"2025-07-19T05:50:13","slug":"rubio-impone-restricciones-de-visa-al-juez-brasileno-sobre-el-caso-de-bolsonaro","status":"publish","type":"post","link":"https:\/\/noticiasveraces.com\/?p=36595","title":{"rendered":"Rubio impone restricciones de visa al juez brasile\u00f1o sobre el caso de Bolsonaro"},"content":{"rendered":"<p> \n<\/p>\n<div>\n<div id=\"beyondwords-wrapper\" class=\"beyondwords-wrapper\">\n<p><span class=\"label-bg\">NUEVO<\/span>\u00a1Ahora puedes escuchar art\u00edculos de Fox News!\n  <\/p>\n<\/div>\n<p class=\"speakable\">El Secretario de Estado de los Estados Unidos, Marco Rubio, anunci\u00f3 restricciones de visa a un juez brasile\u00f1o despu\u00e9s de que la Corte Suprema del pa\u00eds emiti\u00f3 \u00f3rdenes de allanamiento y \u00f3rdenes de restricci\u00f3n contra el ex presidente Jair Bolsonaro.<\/p>\n<p class=\"speakable\">El juez de la Corte Suprema brasile\u00f1a, Alexandre de Moraes, sus aliados no especificados en la corte y sus familiares inmediatos enfrentar\u00e1n revocaciones de visas, seg\u00fan Rubio, quien critic\u00f3 lo que llam\u00f3 una \u00abcaza de brujas pol\u00edticas\u00bb contra el ex presidente.<\/p>\n<p>\u00abEl presidente Trump dej\u00f3 en claro que su administraci\u00f3n responsabilizar\u00e1 a los ciudadanos extranjeros responsables de la censura de la expresi\u00f3n protegida en los Estados Unidos\u00bb, dijo Rubio en un comunicado. <\/p>\n<p>\u00abEl juez de la Corte Federal Suprema brasile\u00f1a, la caza pol\u00edtica de brujas de Moraes, contra Jair Bolsonaro, cre\u00f3 un complejo de persecuci\u00f3n y censura tan amplio que no solo viola los derechos b\u00e1sicos de los brasile\u00f1os, sino que tambi\u00e9n se extiende m\u00e1s all\u00e1 de las costas de Brasil para atacar a los estadounidenses\u00bb, continu\u00f3.<\/p>\n<p><strong>La b\u00fasqueda policial de b\u00fasqueda del ex presidente brasile\u00f1o Jair Bolsonaro, sede pol\u00edtica<\/strong><\/p>\n<div class=\"image-ct inline\">\n<div class=\"m\"><picture><source media=\"(max-width: 767px)\" srcset=\"https:\/\/a57.foxnews.com\/static.foxnews.com\/foxnews.com\/content\/uploads\/2025\/07\/343\/192\/jair-bolsonaro.png?ve=1&amp;tl=1, https:\/\/a57.foxnews.com\/static.foxnews.com\/foxnews.com\/content\/uploads\/2025\/07\/686\/384\/jair-bolsonaro.png?ve=1&amp;tl=1 2x\" height=\"192\" width=\"343\"><source media=\"(min-width: 768px) and (max-width: 1023px)\" srcset=\"https:\/\/a57.foxnews.com\/static.foxnews.com\/foxnews.com\/content\/uploads\/2025\/07\/672\/378\/jair-bolsonaro.png?ve=1&amp;tl=1, https:\/\/a57.foxnews.com\/static.foxnews.com\/foxnews.com\/content\/uploads\/2025\/07\/1344\/756\/jair-bolsonaro.png?ve=1&amp;tl=1 2x\" height=\"378\" width=\"672\"><source media=\"(min-width: 1024px) and (max-width: 1279px)\" srcset=\"https:\/\/a57.foxnews.com\/static.foxnews.com\/foxnews.com\/content\/uploads\/2025\/07\/931\/523\/jair-bolsonaro.png?ve=1&amp;tl=1, https:\/\/a57.foxnews.com\/static.foxnews.com\/foxnews.com\/content\/uploads\/2025\/07\/1862\/1046\/jair-bolsonaro.png?ve=1&amp;tl=1 2x\" height=\"523\" width=\"931\"><source media=\"(min-width: 1280px)\" srcset=\"https:\/\/a57.foxnews.com\/static.foxnews.com\/foxnews.com\/content\/uploads\/2025\/07\/720\/405\/jair-bolsonaro.png?ve=1&amp;tl=1, https:\/\/a57.foxnews.com\/static.foxnews.com\/foxnews.com\/content\/uploads\/2025\/07\/1440\/810\/jair-bolsonaro.png?ve=1&amp;tl=1 2x\" height=\"405\" width=\"720\"><img loading=\"lazy\" decoding=\"async\" src=\"https:\/\/a57.foxnews.com\/static.foxnews.com\/foxnews.com\/content\/uploads\/2025\/07\/1200\/675\/jair-bolsonaro.png?ve=1&amp;tl=1\" alt=\"Ex presidente brasile\u00f1o Jair Bolsonaro\" width=\"1200\" height=\"675\"\/><\/source><\/source><\/source><\/source><\/picture><\/div>\n<div class=\"info\">\n<div class=\"caption\">\n<p><span>El ex presidente brasile\u00f1o Jair Bolsonaro habla con los medios de comunicaci\u00f3n en el Senado Federal en Brasilia, Brasil, el 17 de julio de 2025.<\/span> <span>(Reuters)<\/span><\/p>\n<\/div>\n<\/div>\n<\/div>\n<p>Como parte de las \u00f3rdenes de la Corte, Bolsonaro tiene prohibido contactar a funcionarios extranjeros, usar las redes sociales o acercarse a las embajadas por las acusaciones de que busc\u00f3 la interferencia del presidente de los Estados Unidos, Donald Trump, seg\u00fan la decisi\u00f3n emitida por Moraes, quien cit\u00f3 una \u00abposibilidad concreta\u00bb de \u00e9l de \u00e9l huyendo del pa\u00eds.<\/p>\n<p>La polic\u00eda federal allan\u00f3 la casa de Bolsonaro, y \u00e9l le pusieron un monitor de tobillo.<\/p>\n<p>Trump ya ha intentado presionar a los funcionarios de Brasil para ayudar a Bolsonaro al anunciar un arancel del 50% sobre los bienes del pa\u00eds a partir del 1 de agosto en una carta que comenz\u00f3 criticando el juicio de Bolsonaro ante la Corte Suprema de Brasil sobre las acusaciones de intentar anular la \u00faltima elecci\u00f3n.<\/p>\n<p>El presidente de los Estados Unidos ha presionado a Brasil para poner fin al caso contra Bolsonaro, argumentando que el ex l\u00edder brasile\u00f1o fue v\u00edctima de una \u00abcaza de brujas\u00bb.<\/p>\n<p>Bolsonaro est\u00e1 en juicio ante la Corte Suprema de Brasil por cargos de consignar un golpe de estado para detener al presidente Luiz In\u00e1cio Lula da Silva de asumir el cargo en enero de 2023.<\/p>\n<p>Bolsonaro le dijo a Reuters que cre\u00eda que las \u00f3rdenes en su contra fueron emitidas en respuesta a las cr\u00edticas de Trump a su juicio.<\/p>\n<p>El ex presidente describi\u00f3 a Moraes como un \u00abdictador\u00bb y llam\u00f3 a las \u00faltimas actos de \u00f3rdenes judiciales de \u00abcobard\u00eda\u00bb.<\/p>\n<div class=\"image-ct inline\">\n<div class=\"m\"><picture><source media=\"(max-width: 767px)\" srcset=\"https:\/\/a57.foxnews.com\/static.foxnews.com\/foxnews.com\/content\/uploads\/2025\/07\/343\/192\/jair-bolsonaro.jpg?ve=1&amp;tl=1, https:\/\/a57.foxnews.com\/static.foxnews.com\/foxnews.com\/content\/uploads\/2025\/07\/686\/384\/jair-bolsonaro.jpg?ve=1&amp;tl=1 2x\" height=\"192\" width=\"343\"><source media=\"(min-width: 768px) and (max-width: 1023px)\" srcset=\"https:\/\/a57.foxnews.com\/static.foxnews.com\/foxnews.com\/content\/uploads\/2025\/07\/672\/378\/jair-bolsonaro.jpg?ve=1&amp;tl=1, https:\/\/a57.foxnews.com\/static.foxnews.com\/foxnews.com\/content\/uploads\/2025\/07\/1344\/756\/jair-bolsonaro.jpg?ve=1&amp;tl=1 2x\" height=\"378\" width=\"672\"><source media=\"(min-width: 1024px) and (max-width: 1279px)\" srcset=\"https:\/\/a57.foxnews.com\/static.foxnews.com\/foxnews.com\/content\/uploads\/2025\/07\/931\/523\/jair-bolsonaro.jpg?ve=1&amp;tl=1, https:\/\/a57.foxnews.com\/static.foxnews.com\/foxnews.com\/content\/uploads\/2025\/07\/1862\/1046\/jair-bolsonaro.jpg?ve=1&amp;tl=1 2x\" height=\"523\" width=\"931\"><source media=\"(min-width: 1280px)\" srcset=\"https:\/\/a57.foxnews.com\/static.foxnews.com\/foxnews.com\/content\/uploads\/2025\/07\/720\/405\/jair-bolsonaro.jpg?ve=1&amp;tl=1, https:\/\/a57.foxnews.com\/static.foxnews.com\/foxnews.com\/content\/uploads\/2025\/07\/1440\/810\/jair-bolsonaro.jpg?ve=1&amp;tl=1 2x\" height=\"405\" width=\"720\"><img loading=\"lazy\" decoding=\"async\" src=\"https:\/\/a57.foxnews.com\/static.foxnews.com\/foxnews.com\/content\/uploads\/2025\/07\/1200\/675\/jair-bolsonaro.jpg?ve=1&amp;tl=1\" alt=\"El ex presidente de Brasil, Jair Bolsonaro, llega a la secretar\u00eda estatal de la sede de la administraci\u00f3n penitenciaria\" width=\"1200\" height=\"675\"\/><\/source><\/source><\/source><\/source><\/picture><\/div>\n<div class=\"info\">\n<div class=\"caption\">\n<p><span>El ex presidente de Brasil, Jair Bolsonaro, llega a la Secretar\u00eda del Estado de la Administraci\u00f3n Penitenciaria en Bras\u00edlia, Brasil, el 18 de julio de 2025.<\/span> <span>(Reuters\/Adriano Machado)<\/span><\/p>\n<\/div>\n<\/div>\n<\/div>\n<p>\u00abSiento una humillaci\u00f3n suprema\u00bb, dijo acerca de usar el monitor de tobillo. \u00abTengo 70 a\u00f1os, fui presidente de la Rep\u00fablica durante cuatro a\u00f1os\u00bb.<\/p>\n<p>Bolsonaro neg\u00f3 cualquier plan para abandonar el pa\u00eds, pero dijo que se reunir\u00eda con Trump si pudiera obtener acceso a su pasaporte, que fue incautado el a\u00f1o pasado. Tambi\u00e9n dijo que hab\u00eda contactado al principal diplom\u00e1tico estadounidense en Brasil para discutir la amenaza de tarifa de Trump.<\/p>\n<p>La portavoz de la Casa Blanca, Anna Kelly, dijo el viernes, citando comentarios anteriores de Trump, que \u00abBolsonaro y sus partidarios est\u00e1n bajo ataque de un sistema judicial armado\u00bb.<\/p>\n<p>El jueves, Trump comparti\u00f3 una carta que envi\u00f3 a Bolsonaro.<\/p>\n<p>\u00abHe visto el terrible tratamiento que est\u00e1 recibiendo a manos de un sistema injusto en su contra. \u00a1Esta prueba deber\u00eda terminar de inmediato!\u00bb \u00c9l escribi\u00f3.<\/p>\n<p>Moraes dijo en su decisi\u00f3n que las restricciones contra Bolsonaro se deb\u00edan a las acusaciones de que el ex presidente estaba intentando que el \u00abjefe de estado de una naci\u00f3n extranjera\u00bb interfiera en los tribunales brasile\u00f1os, que el juez llam\u00f3 un ataque contra la soberan\u00eda nacional.<\/p>\n<p><strong><u>Trump pide fin inmediato al juicio \u00abinjusto\u00bb del ex presidente brasile\u00f1o Jair Bolsonaro<\/u><\/strong><\/p>\n<div class=\"image-ct inline\">\n<div class=\"m\"><picture><source media=\"(max-width: 767px)\" srcset=\"https:\/\/a57.foxnews.com\/static.foxnews.com\/foxnews.com\/content\/uploads\/2025\/04\/343\/192\/rubio-2.jpg?ve=1&amp;tl=1, https:\/\/a57.foxnews.com\/static.foxnews.com\/foxnews.com\/content\/uploads\/2025\/04\/686\/384\/rubio-2.jpg?ve=1&amp;tl=1 2x\" height=\"192\" width=\"343\"><source media=\"(min-width: 768px) and (max-width: 1023px)\" srcset=\"https:\/\/a57.foxnews.com\/static.foxnews.com\/foxnews.com\/content\/uploads\/2025\/04\/672\/378\/rubio-2.jpg?ve=1&amp;tl=1, https:\/\/a57.foxnews.com\/static.foxnews.com\/foxnews.com\/content\/uploads\/2025\/04\/1344\/756\/rubio-2.jpg?ve=1&amp;tl=1 2x\" height=\"378\" width=\"672\"><source media=\"(min-width: 1024px) and (max-width: 1279px)\" srcset=\"https:\/\/a57.foxnews.com\/static.foxnews.com\/foxnews.com\/content\/uploads\/2025\/04\/931\/523\/rubio-2.jpg?ve=1&amp;tl=1, https:\/\/a57.foxnews.com\/static.foxnews.com\/foxnews.com\/content\/uploads\/2025\/04\/1862\/1046\/rubio-2.jpg?ve=1&amp;tl=1 2x\" height=\"523\" width=\"931\"><source media=\"(min-width: 1280px)\" srcset=\"https:\/\/a57.foxnews.com\/static.foxnews.com\/foxnews.com\/content\/uploads\/2025\/04\/720\/405\/rubio-2.jpg?ve=1&amp;tl=1, https:\/\/a57.foxnews.com\/static.foxnews.com\/foxnews.com\/content\/uploads\/2025\/04\/1440\/810\/rubio-2.jpg?ve=1&amp;tl=1 2x\" height=\"405\" width=\"720\"><img loading=\"lazy\" decoding=\"async\" src=\"https:\/\/a57.foxnews.com\/static.foxnews.com\/foxnews.com\/content\/uploads\/2025\/04\/1200\/675\/rubio-2.jpg?ve=1&amp;tl=1\" alt=\"Secretario de Estado Marco Rubio\" width=\"1200\" height=\"675\"\/><\/source><\/source><\/source><\/source><\/picture><\/div>\n<div class=\"info\">\n<div class=\"caption\">\n<p><span>El Secretario de Estado de los Estados Unidos, Marco Rubio, anunci\u00f3 restricciones de visa al juez de la Corte Suprema de Brasil Alexandre de Moraes, sus aliados no especificados en la corte y sus familiares inmediatos.<\/span> <span>(JULIEN DE ROSA\/POOL\/AFP via Getty Images)<\/span><\/p>\n<\/div>\n<\/div>\n<\/div>\n<p><strong><u>Haga clic aqu\u00ed para obtener la aplicaci\u00f3n Fox News<\/u><\/strong><\/p>\n<p>El juez agreg\u00f3 que las amenazas de Trump de tarifas m\u00e1s altas buscaban crear una grave crisis econ\u00f3mica en Brasil para interferir en el sistema judicial del pa\u00eds.<\/p>\n<p>Bolsonaro tambi\u00e9n se le prohibi\u00f3 contactar a los aliados clave, incluido su hijo Eduardo Bolsonaro, un congresista brasile\u00f1o que ha estado trabajando en los Estados Unidos para obtener apoyo para su padre.<\/p>\n<p>El ex presidente brasile\u00f1o le dijo a Reuters que hab\u00eda estado hablando con su hijo casi a diario y neg\u00f3 cualquier esfuerzo de cabildeo de los Estados Unidos en su nombre. Dijo que esperaba que su hijo buscara la ciudadan\u00eda estadounidense para evitar regresar a Brasil.<\/p>\n<p>Un panel de cinco jueces de jueces de la Corte Suprema brasile\u00f1a confirm\u00f3 la decisi\u00f3n de Moraes.<\/p>\n<p><i>Reuters contribuy\u00f3 a este informe.<\/i><\/p>\n<p> <!----> <\/div>\n\n","protected":false},"excerpt":{"rendered":"<p>NUEVO\u00a1Ahora puedes escuchar art\u00edculos de Fox News! El Secretario de Estado de los Estados Unidos, Marco Rubio, anunci\u00f3 restricciones de visa a un juez brasile\u00f1o despu\u00e9s de que la Corte Suprema del pa\u00eds emiti\u00f3 \u00f3rdenes de allanamiento y \u00f3rdenes de restricci\u00f3n contra el ex presidente Jair Bolsonaro. El juez de la Corte Suprema brasile\u00f1a, Alexandre &hellip;<\/p>\n","protected":false},"author":1,"featured_media":36597,"comment_status":"open","ping_status":"open","sticky":false,"template":"","format":"standard","meta":{"fifu_image_url":"https:\/\/static.foxnews.com\/foxnews.com\/content\/uploads\/2025\/01\/rubio-dos.jpg","fifu_image_alt":"","footnotes":""},"categories":[13],"tags":[],"class_list":["post-36595","post","type-post","status-publish","format-standard","has-post-thumbnail","","category-mundo"],"_links":{"self":[{"href":"https:\/\/noticiasveraces.com\/index.php?rest_route=\/wp\/v2\/posts\/36595","targetHints":{"allow":["GET"]}}],"collection":[{"href":"https:\/\/noticiasveraces.com\/index.php?rest_route=\/wp\/v2\/posts"}],"about":[{"href":"https:\/\/noticiasveraces.com\/index.php?rest_route=\/wp\/v2\/types\/post"}],"author":[{"embeddable":true,"href":"https:\/\/noticiasveraces.com\/index.php?rest_route=\/wp\/v2\/users\/1"}],"replies":[{"embeddable":true,"href":"https:\/\/noticiasveraces.com\/index.php?rest_route=%2Fwp%2Fv2%2Fcomments&post=36595"}],"version-history":[{"count":0,"href":"https:\/\/noticiasveraces.com\/index.php?rest_route=\/wp\/v2\/posts\/36595\/revisions"}],"wp:featuredmedia":[{"embeddable":true,"href":"https:\/\/noticiasveraces.com\/index.php?rest_route=\/wp\/v2\/media\/36597"}],"wp:attachment":[{"href":"https:\/\/noticiasveraces.com\/index.php?rest_route=%2Fwp%2Fv2%2Fmedia&parent=36595"}],"wp:term":[{"taxonomy":"category","embeddable":true,"href":"https:\/\/noticiasveraces.com\/index.php?rest_route=%2Fwp%2Fv2%2Fcategories&post=36595"},{"taxonomy":"post_tag","embeddable":true,"href":"https:\/\/noticiasveraces.com\/index.php?rest_route=%2Fwp%2Fv2%2Ftags&post=36595"}],"curies":[{"name":"wp","href":"https:\/\/api.w.org\/{rel}","templated":true}]}}