{"id":36588,"date":"2025-07-19T00:20:12","date_gmt":"2025-07-19T04:20:12","guid":{"rendered":"https:\/\/noticiasveraces.com\/?p=36588"},"modified":"2025-07-19T00:20:12","modified_gmt":"2025-07-19T04:20:12","slug":"chespirito-sin-querer-queriendo-el-error-sobre-futbol-que-nadie-dejo-pasar-curiosidades-de-futbol","status":"publish","type":"post","link":"https:\/\/noticiasveraces.com\/?p=36588","title":{"rendered":"Chespirito: sin querer queriendo, el error sobre f\u00fatbol que nadie dej\u00f3 pasar | Curiosidades de f\u00fatbol"},"content":{"rendered":"<p> \n<\/p>\n<div id=\"cuerpoArticulo\">\n<p class=\"texto intro\" id=\"pnull-m194-193-195\">La serie biogr\u00e1fica (con algunos tintes de ficci\u00f3n) <b><i>Chespirito: sin querer queriendo<\/i> est\u00e1 siendo un verdadero \u00e9xito en Latinoam\u00e9rica<\/b>con televidentes fan\u00e1ticos (y tambi\u00e9n otros que no) de El Chavo del 8, el Chapul\u00edn Colorado y dem\u00e1s. Sin embargo, en el \u00faltimo episodio (7) ocurri\u00f3 un error sobre f\u00fatbol que casi ning\u00fan aficionado dej\u00f3 pasar.<\/p>\n<p class=\"texto contenido-parrafo-articulo\" id=\"pnull-m206-2-207\">Los aficionados se descargan en redes sociales con cosas que no les gustan y ahora fue el turno para la serie mexicana. Es que todo comienza en una escena situada en 1979, en una charla entre <b>&#8216;Chespirito\u2019 (interpretado por Pablo Cruz) y Ram\u00f3n Vald\u00e9s (Miguel Islas), en la que se refieren al paso del entrenador Carlos Miloc desde Tigres a Chivas <\/b>de Guadalajara.<\/p>\n<div class=\"fotografia caja-articulo\" id=\"pnull-m305-3-306\">\n<div class=\"imagen-cuerpo-bk\">\n<figure itemscope=\"\" itemtype=\"https:\/\/schema.org\/ImageObject\" itemprop=\"image\" class=\"foto-galeria-articulo imagen-articulo foto-texto-articulo-galeria\" id=\"m310-309-311\"><img decoding=\"async\" src=\"data:image\/png;base64,iVBORw0KGgoAAAANSUhEUgAAAAEAAAABCAQAAAC1HAwCAAAAC0lEQVR42mP8\/x0AAvsB+DlKarAAAAAASUVORK5CYII=\" style=\" display: inline;\" alt=\"Chespirito Futbol\" data-original=\"\/files\/article_content\/uploads\/2019\/02\/21\/5c6ef57b48916.jpeg\"\/><meta itemprop=\"width\" content=\"600\"\/><meta itemprop=\"height\" content=\"450\"\/> <meta itemprop=\"url\" content=\"https:\/\/www.futbolred.com\/files\/article_content\/uploads\/2019\/02\/21\/5c6ef57b48916.jpeg\"\/><\/figure>\n<\/div>\n<div class=\"figcaption-cuerpo-bk credito-image-bk\"><figcaption class=\"foto-info\">\n<div class=\"titulo-foto-bk\">\n<p class=\"titulo pie-de-foto\" id=\"m317-1-318\">El Chanfle, pel\u00edcula de Roberto G\u00f3mez Bola\u00f1os<\/p>\n<\/div>\n<p class=\"credito\">\n                            <span class=\"linea pre_credito\">Foto:<\/span><\/p>\n<p>                        <span class=\"autor\" id=\"m323-2-324\">Gorjeo<\/span><\/p>\n<\/figcaption><\/div>\n<\/p><\/div>\n<p class=\"texto contenido-parrafo-articulo\" id=\"pnull-m253-3-254\"><b>\u201c\u00bfC\u00f3mo ves eso que dicen del entrenador Carlos Miloc, que va a dejar a los Tigres y se lo van a llevar a entrenar a las Chivas?\u201d<\/b>le dice Ram\u00f3n a Chespirito. Sin embargo, el error est\u00e1 inmediatamente despu\u00e9s: \u201c\u00bfQu\u00e9 pas\u00f3? Como que suena a traici\u00f3n, \u00bfno? <b>\u00c9l dej\u00f3 su alma ah\u00ed con los Rayados (Monterrey)<\/b>con su afici\u00f3n; no se puede ir as\u00ed nada m\u00e1s sin dar las gracias\u201d.<\/p>\n<p class=\"texto contenido-parrafo-articulo\" id=\"pnull-m261-4-262\">El error b\u00e1sicamente es que<b> los guionistas confundieron Tigres con Rayados<\/b>siendo que este \u00faltimo es el club Monterrey. Adem\u00e1s, el entrenador uruguayo efectivamente dirigi\u00f3 en los \u2018Felinos\u2019 y en el \u2018Reba\u00f1o sagrado\u2019, pero nunca estuvo al frente de la \u2018Pandilla\u2019.<\/p>\n<p>                                                    <span class=\"articulo-subtitulo subtitulo2 espacio-contenido\" id=\"pnull-m269-5-270\" style=\"width: auto;\">\u00bfQui\u00e9n es Carlos Miloc, el entrenador mencionado en <i>Chespirito: sin querer queriendo<\/i>?<br \/><\/span><\/p>\n<p class=\"texto contenido-parrafo-articulo\" id=\"pnull-m277-6-278\"><b>Carlos Miloc fue entrenador de Tigres y no tuvo ning\u00fan paso por Rayados de Monterrey.<\/b> Con el conjunto felino consigui\u00f3 el primer campeonato de liga para un equipo de Nuevo Le\u00f3n (temporada 1977-78).<\/p>\n<div id=\"pnull-m504-9-505\" class=\"\">\n<blockquote class=\"twitter-tweet\" data-media-max-width=\"560\">\n<p lang=\"es\" dir=\"ltr\">Un peque\u00f1o error en el gui\u00f3n de la Serie \u201cChespirito\u201d. <\/p>\n<p>Ram\u00f3n Valdez comentando a G\u00f3mez Bola\u00f1os sobre el cambio de Don Carlos Miloc en la temporada 1979-80 de Tigres a Chivas. <\/p>\n<p>Pero remata diciendo que dej\u00f3 su alma con los Rayados. <a href=\"https:\/\/t.co\/y2IAbVjXzn\">pic.twitter.com\/y2iabvjxzn<\/a><\/p>\n<p>&#8211; Fos (@Medicenfos) <a href=\"https:\/\/twitter.com\/medicenfos\/status\/1945850031916863857?ref_src=twsrc%5Etfw\">17 de julio de 2025<\/a><\/p><\/blockquote><\/div>\n<p class=\"texto contenido-parrafo-articulo\" id=\"pnull-m285-7-286\">El &#8216;Tanque&#8217; Miloc se retir\u00f3 como futbolista en 1969 y dirigi\u00f3 a varios clubes antes de llegar a <b>Tigres, equipo al que le dio sus dos primeras estrellas (la segunda en un segundo ciclo)<\/b>por lo que se convirti\u00f3 en un verdadero \u00eddolo de la instituci\u00f3n. En la temporada <b>1979-80 asumi\u00f3 la direcci\u00f3n t\u00e9cnica de las Chivas <\/b>de Guadalajara, aunque sin resultados destacados.<\/p>\n<p class=\"texto contenido-parrafo-articulo\" id=\"pnull-m293-8-294\"><b>En M\u00e9xico \u00fanicamente sali\u00f3 campe\u00f3n con Tigres y con el Am\u00e9rica,<\/b> en el cual gan\u00f3 la Copa Campeones Concacaf y la Copa Interamericana, ambas en 1991. <b>Miloc falleci\u00f3 en 2017, a sus 85 a\u00f1os<\/b>.<\/p>\n<\/p><\/div>\n<p><script async src=\"https:\/\/platform.twitter.com\/widgets.js\" charset=\"utf-8\"><\/script><br \/>\n<br \/>\n","protected":false},"excerpt":{"rendered":"<p>La serie biogr\u00e1fica (con algunos tintes de ficci\u00f3n) Chespirito: sin querer queriendo est\u00e1 siendo un verdadero \u00e9xito en Latinoam\u00e9ricacon televidentes fan\u00e1ticos (y tambi\u00e9n otros que no) de El Chavo del 8, el Chapul\u00edn Colorado y dem\u00e1s. Sin embargo, en el \u00faltimo episodio (7) ocurri\u00f3 un error sobre f\u00fatbol que casi ning\u00fan aficionado dej\u00f3 pasar. Los &hellip;<\/p>\n","protected":false},"author":1,"featured_media":36589,"comment_status":"open","ping_status":"open","sticky":false,"template":"","format":"standard","meta":{"fifu_image_url":"https:\/\/www.futbolred.com\/files\/og_thumbnail\/uploads\/2025\/07\/18\/687a764a2fc9f.jpeg","fifu_image_alt":"","footnotes":""},"categories":[6],"tags":[],"class_list":["post-36588","post","type-post","status-publish","format-standard","has-post-thumbnail","","category-deportes"],"_links":{"self":[{"href":"https:\/\/noticiasveraces.com\/index.php?rest_route=\/wp\/v2\/posts\/36588","targetHints":{"allow":["GET"]}}],"collection":[{"href":"https:\/\/noticiasveraces.com\/index.php?rest_route=\/wp\/v2\/posts"}],"about":[{"href":"https:\/\/noticiasveraces.com\/index.php?rest_route=\/wp\/v2\/types\/post"}],"author":[{"embeddable":true,"href":"https:\/\/noticiasveraces.com\/index.php?rest_route=\/wp\/v2\/users\/1"}],"replies":[{"embeddable":true,"href":"https:\/\/noticiasveraces.com\/index.php?rest_route=%2Fwp%2Fv2%2Fcomments&post=36588"}],"version-history":[{"count":0,"href":"https:\/\/noticiasveraces.com\/index.php?rest_route=\/wp\/v2\/posts\/36588\/revisions"}],"wp:featuredmedia":[{"embeddable":true,"href":"https:\/\/noticiasveraces.com\/index.php?rest_route=\/wp\/v2\/media\/36589"}],"wp:attachment":[{"href":"https:\/\/noticiasveraces.com\/index.php?rest_route=%2Fwp%2Fv2%2Fmedia&parent=36588"}],"wp:term":[{"taxonomy":"category","embeddable":true,"href":"https:\/\/noticiasveraces.com\/index.php?rest_route=%2Fwp%2Fv2%2Fcategories&post=36588"},{"taxonomy":"post_tag","embeddable":true,"href":"https:\/\/noticiasveraces.com\/index.php?rest_route=%2Fwp%2Fv2%2Ftags&post=36588"}],"curies":[{"name":"wp","href":"https:\/\/api.w.org\/{rel}","templated":true}]}}