{"id":36562,"date":"2025-07-18T21:41:56","date_gmt":"2025-07-19T01:41:56","guid":{"rendered":"https:\/\/noticiasveraces.com\/?p=36562"},"modified":"2025-07-18T21:41:56","modified_gmt":"2025-07-19T01:41:56","slug":"manifestante-anti-israel-abordado-por-seguridad-en-la-linea-de-meta-del-tour-de-francia","status":"publish","type":"post","link":"https:\/\/noticiasveraces.com\/?p=36562","title":{"rendered":"Manifestante anti-Israel abordado por seguridad en la l\u00ednea de meta del Tour de Francia"},"content":{"rendered":"<p> \n<\/p>\n<div>\n<div id=\"beyondwords-wrapper\" class=\"beyondwords-wrapper\">\n<p><span class=\"label-bg\">NUEVO<\/span>\u00a1Ahora puedes escuchar art\u00edculos de Fox News!\n  <\/p>\n<\/div>\n<p class=\"speakable\">Un manifestante que se opone a la participaci\u00f3n de Israel en el Tour de Francia fue aprehendida r\u00e1pidamente despu\u00e9s de intentar interrumpir la prestigiosa carrera ciclista. <\/p>\n<p class=\"speakable\">El hombre salt\u00f3 una barricada cerca de la l\u00ednea de meta y corri\u00f3 hacia los corredores, seg\u00fan los informes, gritando objeciones a la participaci\u00f3n de Israel y llevando art\u00edculos no identificados.<\/p>\n<p>El personal de seguridad actu\u00f3 r\u00e1pidamente con un guardia interceptando al manifestante a solo 25 metros de la l\u00ednea de meta, abord\u00e1ndolo y luego arroj\u00e1ndolo con fuerza sobre la barrera hacia la multitud.<\/p>\n<p>El momento dram\u00e1tico se desarroll\u00f3 durante la etapa 11 de la competencia de tres semanas cuando los principales ciclistas se acercaron al final de la ruta de 97.5 millas alrededor de Toulouse en el sur de Francia. <\/p>\n<p><strong>La DSA de Zohran Mamdani patrocina con la protesta con &#8216;\u00a1Muerte, muerte a las FDI!&#8217; Llito de guerra<\/strong><\/p>\n<div class=\"image-ct inline\">\n<div class=\"m\"><picture><source media=\"(max-width: 767px)\" srcset=\"https:\/\/a57.foxnews.com\/static.foxnews.com\/foxnews.com\/content\/uploads\/2025\/07\/343\/192\/gettyimages-2225393273-scaled.jpg?ve=1&amp;tl=1, https:\/\/a57.foxnews.com\/static.foxnews.com\/foxnews.com\/content\/uploads\/2025\/07\/686\/384\/gettyimages-2225393273-scaled.jpg?ve=1&amp;tl=1 2x\" height=\"192\" width=\"343\"><source media=\"(min-width: 768px) and (max-width: 1023px)\" srcset=\"https:\/\/a57.foxnews.com\/static.foxnews.com\/foxnews.com\/content\/uploads\/2025\/07\/672\/378\/gettyimages-2225393273-scaled.jpg?ve=1&amp;tl=1, https:\/\/a57.foxnews.com\/static.foxnews.com\/foxnews.com\/content\/uploads\/2025\/07\/1344\/756\/gettyimages-2225393273-scaled.jpg?ve=1&amp;tl=1 2x\" height=\"378\" width=\"672\"><source media=\"(min-width: 1024px) and (max-width: 1279px)\" srcset=\"https:\/\/a57.foxnews.com\/static.foxnews.com\/foxnews.com\/content\/uploads\/2025\/07\/931\/523\/gettyimages-2225393273-scaled.jpg?ve=1&amp;tl=1, https:\/\/a57.foxnews.com\/static.foxnews.com\/foxnews.com\/content\/uploads\/2025\/07\/1862\/1046\/gettyimages-2225393273-scaled.jpg?ve=1&amp;tl=1 2x\" height=\"523\" width=\"931\"><source media=\"(min-width: 1280px)\" srcset=\"https:\/\/a57.foxnews.com\/static.foxnews.com\/foxnews.com\/content\/uploads\/2025\/07\/720\/405\/gettyimages-2225393273-scaled.jpg?ve=1&amp;tl=1, https:\/\/a57.foxnews.com\/static.foxnews.com\/foxnews.com\/content\/uploads\/2025\/07\/1440\/810\/gettyimages-2225393273-scaled.jpg?ve=1&amp;tl=1 2x\" height=\"405\" width=\"720\"><img loading=\"lazy\" decoding=\"async\" src=\"https:\/\/a57.foxnews.com\/static.foxnews.com\/foxnews.com\/content\/uploads\/2025\/07\/1200\/675\/gettyimages-2225393273-scaled.jpg?ve=1&amp;tl=1\" alt=\"Protesta en el Tour de Francia 2025\" width=\"1200\" height=\"675\"\/><\/source><\/source><\/source><\/source><\/picture><\/div>\n<div class=\"info\">\n<div class=\"caption\">\n<p><span>(LR) Ganador de la etapa Jonas Abrahamsen de Noruega y el equipo UNO-X Mobility y Mauro Schmid de Suiza y el equipo Jayco Alula Sprint hasta la l\u00ednea de meta durante el 112\u00ba Tour de Francia 2025, Etapa 11, en Toulouse, Francia. <\/span> <span>(Dario Belingheri\/Getty Images)<\/span><\/p>\n<\/div>\n<\/div>\n<\/div>\n<p>Las im\u00e1genes de video del incidente se extendieron r\u00e1pidamente en l\u00ednea, mostrando al hombre con una camisa que dec\u00eda \u00abIsrael fuera de la gira\u00bb y sosteniendo un Keffiyeh, una bufanda com\u00fanmente asociada con el apoyo a la causa palestina.<\/p>\n<p>\u00abEstos pro-palestinos son realmente las peores personas. Imagine desperdiciar su vida haciendo esto\u00bb, coment\u00f3 una persona sobre el video. <\/p>\n<p><strong>Surgen nuevos detalles sobre incidentes violentos contra los fan\u00e1ticos del f\u00fatbol israel\u00ed<\/strong><\/p>\n<div class=\"image-ct inline\">\n<div class=\"m\"><picture><source media=\"(max-width: 767px)\" srcset=\"https:\/\/a57.foxnews.com\/static.foxnews.com\/foxnews.com\/content\/uploads\/2025\/07\/343\/192\/gettyimages-2224904141-scaled.jpg?ve=1&amp;tl=1, https:\/\/a57.foxnews.com\/static.foxnews.com\/foxnews.com\/content\/uploads\/2025\/07\/686\/384\/gettyimages-2224904141-scaled.jpg?ve=1&amp;tl=1 2x\" height=\"192\" width=\"343\"><source media=\"(min-width: 768px) and (max-width: 1023px)\" srcset=\"https:\/\/a57.foxnews.com\/static.foxnews.com\/foxnews.com\/content\/uploads\/2025\/07\/672\/378\/gettyimages-2224904141-scaled.jpg?ve=1&amp;tl=1, https:\/\/a57.foxnews.com\/static.foxnews.com\/foxnews.com\/content\/uploads\/2025\/07\/1344\/756\/gettyimages-2224904141-scaled.jpg?ve=1&amp;tl=1 2x\" height=\"378\" width=\"672\"><source media=\"(min-width: 1024px) and (max-width: 1279px)\" srcset=\"https:\/\/a57.foxnews.com\/static.foxnews.com\/foxnews.com\/content\/uploads\/2025\/07\/931\/523\/gettyimages-2224904141-scaled.jpg?ve=1&amp;tl=1, https:\/\/a57.foxnews.com\/static.foxnews.com\/foxnews.com\/content\/uploads\/2025\/07\/1862\/1046\/gettyimages-2224904141-scaled.jpg?ve=1&amp;tl=1 2x\" height=\"523\" width=\"931\"><source media=\"(min-width: 1280px)\" srcset=\"https:\/\/a57.foxnews.com\/static.foxnews.com\/foxnews.com\/content\/uploads\/2025\/07\/720\/405\/gettyimages-2224904141-scaled.jpg?ve=1&amp;tl=1, https:\/\/a57.foxnews.com\/static.foxnews.com\/foxnews.com\/content\/uploads\/2025\/07\/1440\/810\/gettyimages-2224904141-scaled.jpg?ve=1&amp;tl=1 2x\" height=\"405\" width=\"720\"><img loading=\"lazy\" decoding=\"async\" src=\"https:\/\/a57.foxnews.com\/static.foxnews.com\/foxnews.com\/content\/uploads\/2025\/07\/1200\/675\/gettyimages-2224904141-scaled.jpg?ve=1&amp;tl=1\" alt=\"Tour de France 2025\" width=\"1200\" height=\"675\"\/><\/source><\/source><\/source><\/source><\/picture><\/div>\n<div class=\"info\">\n<div class=\"caption\">\n<p><span>Tim Merlier de B\u00e9lgica y el equipo Soudal r\u00e1pido celebra en la l\u00ednea de meta como ganador del escenario el 13 de julio de 2025 en Chateauroux, Francia. <\/span> <span>(Tim de Waele\/Getty Images)<\/span><\/p>\n<\/div>\n<\/div>\n<\/div>\n<p>\u00abLa seguridad del Tour de Francia no estaba jugando: un manifestante anti-Israel corri\u00f3 hacia la pista, pero fue abordado, atacado y aclarado en un movimiento r\u00e1pido\u00bb, coment\u00f3 otra persona. <\/p>\n<p>La protesta ocurri\u00f3 despu\u00e9s del movimiento de boicot, desinversi\u00f3n y sanciones (BDS) calific\u00f3 el \u00abGenocidio del equipo\u00bb del equipo de tecnolog\u00eda de Israel y pidi\u00f3 manifestaciones no violentas en los principales eventos de ciclismo donde el equipo compite, incluido el Giro d&#8217;Italia, Vuelta A Espa\u00f1a y Tour de France.<\/p>\n<p><strong>El autoproclamado &#8216;jud\u00edo enemigo&#8217; se declara culpable despu\u00e9s de atacar a las v\u00edctimas en las protestas de Nueva York<\/strong><\/p>\n<div class=\"image-ct inline\">\n<div class=\"m\"><picture><source media=\"(max-width: 767px)\" srcset=\"https:\/\/a57.foxnews.com\/static.foxnews.com\/foxnews.com\/content\/uploads\/2025\/07\/343\/192\/gettyimages-2223423060-scaled.jpg?ve=1&amp;tl=1, https:\/\/a57.foxnews.com\/static.foxnews.com\/foxnews.com\/content\/uploads\/2025\/07\/686\/384\/gettyimages-2223423060-scaled.jpg?ve=1&amp;tl=1 2x\" height=\"192\" width=\"343\"><source media=\"(min-width: 768px) and (max-width: 1023px)\" srcset=\"https:\/\/a57.foxnews.com\/static.foxnews.com\/foxnews.com\/content\/uploads\/2025\/07\/672\/378\/gettyimages-2223423060-scaled.jpg?ve=1&amp;tl=1, https:\/\/a57.foxnews.com\/static.foxnews.com\/foxnews.com\/content\/uploads\/2025\/07\/1344\/756\/gettyimages-2223423060-scaled.jpg?ve=1&amp;tl=1 2x\" height=\"378\" width=\"672\"><source media=\"(min-width: 1024px) and (max-width: 1279px)\" srcset=\"https:\/\/a57.foxnews.com\/static.foxnews.com\/foxnews.com\/content\/uploads\/2025\/07\/931\/523\/gettyimages-2223423060-scaled.jpg?ve=1&amp;tl=1, https:\/\/a57.foxnews.com\/static.foxnews.com\/foxnews.com\/content\/uploads\/2025\/07\/1862\/1046\/gettyimages-2223423060-scaled.jpg?ve=1&amp;tl=1 2x\" height=\"523\" width=\"931\"><source media=\"(min-width: 1280px)\" srcset=\"https:\/\/a57.foxnews.com\/static.foxnews.com\/foxnews.com\/content\/uploads\/2025\/07\/720\/405\/gettyimages-2223423060-scaled.jpg?ve=1&amp;tl=1, https:\/\/a57.foxnews.com\/static.foxnews.com\/foxnews.com\/content\/uploads\/2025\/07\/1440\/810\/gettyimages-2223423060-scaled.jpg?ve=1&amp;tl=1 2x\" height=\"405\" width=\"720\"><img loading=\"lazy\" decoding=\"async\" src=\"https:\/\/a57.foxnews.com\/static.foxnews.com\/foxnews.com\/content\/uploads\/2025\/07\/1200\/675\/gettyimages-2223423060-scaled.jpg?ve=1&amp;tl=1\" alt=\"Tour de Francia 2025 banderas\" width=\"1200\" height=\"675\"\/><\/source><\/source><\/source><\/source><\/picture><\/div>\n<div class=\"info\">\n<div class=\"caption\">\n<p><span>Los fan\u00e1ticos saludan las banderas durante la presentaci\u00f3n del equipo antes del 112\u00ba Tour de Francia el 3 de julio de 2025, en Lille, Francia.<\/span> <span>(Tim de Waele\/Getty Images)<\/span><\/p>\n<\/div>\n<\/div>\n<\/div>\n<p>El grupo pidi\u00f3 m\u00e1s \u00abprotestas pac\u00edficas\u00bb a lo largo de la ruta. <\/p>\n<p>\u00abAseguremos que las carreteras est\u00e9n cerradas a los perpetradores de genocidio\u00bb, declar\u00f3 el grupo en su sitio web.<\/p>\n<p><strong><u>Haga clic aqu\u00ed para obtener la aplicaci\u00f3n Fox News<\/u><\/strong><\/p>\n<p>El Tour de Francia, compuesto por 21 etapas, concluir\u00e1 el 27 de julio a lo largo de los Campos-Elys\u00e9es en Par\u00eds.<\/p>\n<p>Fox News Digital contact\u00f3 al Tour de Francia para hacer comentarios, pero no recibi\u00f3 inmediatamente una respuesta. <\/p>\n<p><i>Stepheny Price es escritora de Fox News Digital y Fox Business. Ella cubre temas que incluyen personas desaparecidas, homicidios, casos nacionales de delitos, inmigraci\u00f3n ilegal y m\u00e1s. Los consejos e ideas de la historia se pueden enviar a stepheny.price@fox.com<\/i><\/p>\n<div class=\"article-meta\">\n<div class=\"author-bio\">\n<p>Stepheny Price es escritora de Fox News con un enfoque en West Coast y Midwest News, personas desaparecidas, historias de cr\u00edmenes nacionales e internacionales, casos de homicidios y seguridad fronteriza.<\/p>\n<\/div>\n<\/div>\n<\/div>\n\n","protected":false},"excerpt":{"rendered":"<p>NUEVO\u00a1Ahora puedes escuchar art\u00edculos de Fox News! Un manifestante que se opone a la participaci\u00f3n de Israel en el Tour de Francia fue aprehendida r\u00e1pidamente despu\u00e9s de intentar interrumpir la prestigiosa carrera ciclista. El hombre salt\u00f3 una barricada cerca de la l\u00ednea de meta y corri\u00f3 hacia los corredores, seg\u00fan los informes, gritando objeciones a &hellip;<\/p>\n","protected":false},"author":1,"featured_media":36564,"comment_status":"open","ping_status":"open","sticky":false,"template":"","format":"standard","meta":{"fifu_image_url":"https:\/\/static.foxnews.com\/foxnews.com\/content\/uploads\/2025\/07\/gettyimages-2225393273-scaled.jpg","fifu_image_alt":"","footnotes":""},"categories":[13],"tags":[],"class_list":["post-36562","post","type-post","status-publish","format-standard","has-post-thumbnail","","category-mundo"],"_links":{"self":[{"href":"https:\/\/noticiasveraces.com\/index.php?rest_route=\/wp\/v2\/posts\/36562","targetHints":{"allow":["GET"]}}],"collection":[{"href":"https:\/\/noticiasveraces.com\/index.php?rest_route=\/wp\/v2\/posts"}],"about":[{"href":"https:\/\/noticiasveraces.com\/index.php?rest_route=\/wp\/v2\/types\/post"}],"author":[{"embeddable":true,"href":"https:\/\/noticiasveraces.com\/index.php?rest_route=\/wp\/v2\/users\/1"}],"replies":[{"embeddable":true,"href":"https:\/\/noticiasveraces.com\/index.php?rest_route=%2Fwp%2Fv2%2Fcomments&post=36562"}],"version-history":[{"count":0,"href":"https:\/\/noticiasveraces.com\/index.php?rest_route=\/wp\/v2\/posts\/36562\/revisions"}],"wp:featuredmedia":[{"embeddable":true,"href":"https:\/\/noticiasveraces.com\/index.php?rest_route=\/wp\/v2\/media\/36564"}],"wp:attachment":[{"href":"https:\/\/noticiasveraces.com\/index.php?rest_route=%2Fwp%2Fv2%2Fmedia&parent=36562"}],"wp:term":[{"taxonomy":"category","embeddable":true,"href":"https:\/\/noticiasveraces.com\/index.php?rest_route=%2Fwp%2Fv2%2Fcategories&post=36562"},{"taxonomy":"post_tag","embeddable":true,"href":"https:\/\/noticiasveraces.com\/index.php?rest_route=%2Fwp%2Fv2%2Ftags&post=36562"}],"curies":[{"name":"wp","href":"https:\/\/api.w.org\/{rel}","templated":true}]}}