{"id":36551,"date":"2025-07-18T18:39:09","date_gmt":"2025-07-18T22:39:09","guid":{"rendered":"https:\/\/noticiasveraces.com\/?p=36551"},"modified":"2025-07-18T18:39:09","modified_gmt":"2025-07-18T22:39:09","slug":"porsche-anuncia-nuevo-plan-de-recorte-ante-situacion-grave-dw-18-07-2025","status":"publish","type":"post","link":"https:\/\/noticiasveraces.com\/?p=36551","title":{"rendered":"Porsche anuncia nuevo plan de recorte ante situaci\u00f3n \u00abgrave\u00bb \u2013 DW \u2013 18\/07\/2025"},"content":{"rendered":"<p> \n<\/p>\n<div>\n<p>El fabricante alem\u00e1n de veh\u00edculos de lujo Porsche dijo este viernes (18.07.2025) que estaba preparando un nuevo plan de reducci\u00f3n de costos ante las dificultades en el sector automotriz a nivel internacional.<\/p>\n<p>\u00abLa situaci\u00f3n sigue siendo grave y el sector se est\u00e1 desarrollando de forma muy din\u00e1mica\u00bb, escribi\u00f3 la direcci\u00f3n de la compa\u00f1\u00eda en una carta a sus empleados, de la que se enviaron extractos a agencias de noticias.<\/p>\n<p>Los representantes sindicales y patronales negociar\u00e1n por lo tanto \u00abun segundo paquete de medidas estructurales\u00bb, precis\u00f3 la misiva, sin dar detalles de las acciones previstas.<\/p>\n<p>El objetivo es garantizar \u00ablos resultados de la empresa a largo plazo\u00bb, agreg\u00f3 la direcci\u00f3n, que justific\u00f3 los recortes por los \u00abretos considerables\u00bb que enfrenta la compa\u00f1\u00eda a escala mundial.<\/p>\n<figure class=\"placeholder-image master_landscape big\"><img data-format=\"MASTER_LANDSCAPE\" data-id=\"55462313\" data-url=\"https:\/\/static.dw.com\/image\/55462313_${formatId}.jpg\" data-aspect-ratio=\"16\/9\" alt=\"Porsche no ha precisado si los recortes incluyen despidos, aunque la estabilidad laboral de los empleados est\u00e1 garantizada hasta 2030\" style=\"padding-bottom: 56.25%; height: 0; max-height: 0;\"\/><figcaption class=\"img-caption\">Porsche no ha precisado si los recortes incluyen despidos, aunque la estabilidad laboral de los empleados est\u00e1 garantizada hasta 2030<small class=\"copyright\">Imagen: Marijn Murat\/DPA\/Picture Alliance<\/small><\/figcaption><\/figure>\n<h2><strong>Las\u00a0condiciones \u00abse han deteriorado dr\u00e1sticamente en un corto per\u00edodo de tiempo\u00bb<\/strong><\/h2>\n<p>Inicialmente no queda claro si se planean m\u00e1s recortes de empleo. A principios de a\u00f1o, la empresa anunci\u00f3 su intenci\u00f3n de recortar 1.900 puestos de trabajo en la regi\u00f3n de Stuttgart para 2029, de forma socialmente responsable.<\/p>\n<p>Sin embargo, la estabilidad laboral de los empleados de Porsche est\u00e1 garantizada hasta 2030. Antes de este l\u00edmite, se descartan los despidos por motivos operativos, por lo que el grupo debe aspirar a las salidas voluntarias.<\/p>\n<p>El modelo de negocio que ha sustentado a la empresa por d\u00e9cadas ya no funciona en su forma actual, contin\u00faa la carta. \u00abNuestras condiciones marco se han deteriorado dr\u00e1sticamente en un corto per\u00edodo de tiempo\u00bb, observa.<\/p>\n<p>Los problemas de la compa\u00f1\u00eda se reflejan en las cifras. Tras la ca\u00edda de 2024, los beneficios de Porsche cayeron a\u00fan m\u00e1s en el primer trimestre de 2025. El beneficio operativo ascendi\u00f3 a 760 millones de euros, 40,6 % menos que el a\u00f1o anterior.<\/p>\n<p>RR AFP\/DPA<\/p>\n<\/div>\n\n","protected":false},"excerpt":{"rendered":"<p>El fabricante alem\u00e1n de veh\u00edculos de lujo Porsche dijo este viernes (18.07.2025) que estaba preparando un nuevo plan de reducci\u00f3n de costos ante las dificultades en el sector automotriz a nivel internacional. \u00abLa situaci\u00f3n sigue siendo grave y el sector se est\u00e1 desarrollando de forma muy din\u00e1mica\u00bb, escribi\u00f3 la direcci\u00f3n de la compa\u00f1\u00eda en una &hellip;<\/p>\n","protected":false},"author":1,"featured_media":36552,"comment_status":"open","ping_status":"open","sticky":false,"template":"","format":"standard","meta":{"fifu_image_url":"https:\/\/static.dw.com\/image\/63241912_6.jpg","fifu_image_alt":"","footnotes":""},"categories":[13],"tags":[],"class_list":["post-36551","post","type-post","status-publish","format-standard","has-post-thumbnail","","category-mundo"],"_links":{"self":[{"href":"https:\/\/noticiasveraces.com\/index.php?rest_route=\/wp\/v2\/posts\/36551","targetHints":{"allow":["GET"]}}],"collection":[{"href":"https:\/\/noticiasveraces.com\/index.php?rest_route=\/wp\/v2\/posts"}],"about":[{"href":"https:\/\/noticiasveraces.com\/index.php?rest_route=\/wp\/v2\/types\/post"}],"author":[{"embeddable":true,"href":"https:\/\/noticiasveraces.com\/index.php?rest_route=\/wp\/v2\/users\/1"}],"replies":[{"embeddable":true,"href":"https:\/\/noticiasveraces.com\/index.php?rest_route=%2Fwp%2Fv2%2Fcomments&post=36551"}],"version-history":[{"count":0,"href":"https:\/\/noticiasveraces.com\/index.php?rest_route=\/wp\/v2\/posts\/36551\/revisions"}],"wp:featuredmedia":[{"embeddable":true,"href":"https:\/\/noticiasveraces.com\/index.php?rest_route=\/wp\/v2\/media\/36552"}],"wp:attachment":[{"href":"https:\/\/noticiasveraces.com\/index.php?rest_route=%2Fwp%2Fv2%2Fmedia&parent=36551"}],"wp:term":[{"taxonomy":"category","embeddable":true,"href":"https:\/\/noticiasveraces.com\/index.php?rest_route=%2Fwp%2Fv2%2Fcategories&post=36551"},{"taxonomy":"post_tag","embeddable":true,"href":"https:\/\/noticiasveraces.com\/index.php?rest_route=%2Fwp%2Fv2%2Ftags&post=36551"}],"curies":[{"name":"wp","href":"https:\/\/api.w.org\/{rel}","templated":true}]}}