{"id":36541,"date":"2025-07-18T17:38:36","date_gmt":"2025-07-18T21:38:36","guid":{"rendered":"https:\/\/noticiasveraces.com\/?p=36541"},"modified":"2025-07-18T17:38:36","modified_gmt":"2025-07-18T21:38:36","slug":"el-avion-robado-desencadena-importantes-incidentes-de-seguridad-en-el-aeropuerto-internacional-de-vancouver","status":"publish","type":"post","link":"https:\/\/noticiasveraces.com\/?p=36541","title":{"rendered":"El avi\u00f3n robado desencadena importantes incidentes de seguridad en el aeropuerto internacional de Vancouver"},"content":{"rendered":"<p> \n<\/p>\n<div>\n<div id=\"beyondwords-wrapper\" class=\"beyondwords-wrapper\">\n<p><span class=\"label-bg\">NUEVO<\/span>\u00a1Ahora puedes escuchar art\u00edculos de Fox News!\n  <\/p>\n<\/div>\n<p class=\"speakable\">Un avi\u00f3n robado desencaden\u00f3 un importante incidente de seguridad en el Aeropuerto Internacional de Vancouver (YVR) el martes por la tarde, deteniendo temporalmente las operaciones y forzando m\u00faltiples vuelos a la redici\u00f3n.<\/p>\n<p class=\"speakable\">Justo antes de la 1:30 p.m. hora local el 15 de julio, un \u00abincidente de seguridad\u00bb que involucra un peque\u00f1o avi\u00f3n privado llev\u00f3 a una parada temporal en las operaciones del aeropuerto, seg\u00fan un comunicado de YVR. El avi\u00f3n, volando dentro del espacio a\u00e9reo de YVR, oblig\u00f3 a nueve vuelos entrantes a redirios a diferentes aeropuertos.<\/p>\n<p>Aproximadamente a las 1:45 p.m., luego de una suspensi\u00f3n de tr\u00e1fico a\u00e9reo de 39 minutos, el Cessna 172, operado por un solo individuo, aterriz\u00f3 con seguridad. La Royal Canadian Monted Police (RCMP) luego detuvo al piloto.<\/p>\n<p>En una grabaci\u00f3n de control de tr\u00e1fico a\u00e9reo obtenida por el Vancouver Sun a trav\u00e9s de Liveatc.net, un controlador alert\u00f3 a otros pilotos: \u00abTenemos un avi\u00f3n que ha sido secuestrado y est\u00e1 cerca del aeropuerto &#8230; en caso de que cualquier cosa comience a dirigirse hacia [you]tiene la capacidad de moverse a su discreci\u00f3n \u00ab.<\/p>\n<p><strong>Pasajero bajo custodia despu\u00e9s de &#8216;amenaza directa&#8217; al avi\u00f3n que cierra las pistas del aeropuerto de Seattle<\/strong><\/p>\n<div class=\"image-ct inline\">\n<div class=\"m\"><picture><source media=\"(max-width: 767px)\" srcset=\"https:\/\/a57.foxnews.com\/static.foxnews.com\/foxnews.com\/content\/uploads\/2025\/07\/343\/192\/pilot-arrested-at-major-international-airport.png?ve=1&amp;tl=1, https:\/\/a57.foxnews.com\/static.foxnews.com\/foxnews.com\/content\/uploads\/2025\/07\/686\/384\/pilot-arrested-at-major-international-airport.png?ve=1&amp;tl=1 2x\" height=\"192\" width=\"343\"><source media=\"(min-width: 768px) and (max-width: 1023px)\" srcset=\"https:\/\/a57.foxnews.com\/static.foxnews.com\/foxnews.com\/content\/uploads\/2025\/07\/672\/378\/pilot-arrested-at-major-international-airport.png?ve=1&amp;tl=1, https:\/\/a57.foxnews.com\/static.foxnews.com\/foxnews.com\/content\/uploads\/2025\/07\/1344\/756\/pilot-arrested-at-major-international-airport.png?ve=1&amp;tl=1 2x\" height=\"378\" width=\"672\"><source media=\"(min-width: 1024px) and (max-width: 1279px)\" srcset=\"https:\/\/a57.foxnews.com\/static.foxnews.com\/foxnews.com\/content\/uploads\/2025\/07\/931\/523\/pilot-arrested-at-major-international-airport.png?ve=1&amp;tl=1, https:\/\/a57.foxnews.com\/static.foxnews.com\/foxnews.com\/content\/uploads\/2025\/07\/1862\/1046\/pilot-arrested-at-major-international-airport.png?ve=1&amp;tl=1 2x\" height=\"523\" width=\"931\"><source media=\"(min-width: 1280px)\" srcset=\"https:\/\/a57.foxnews.com\/static.foxnews.com\/foxnews.com\/content\/uploads\/2025\/07\/720\/405\/pilot-arrested-at-major-international-airport.png?ve=1&amp;tl=1, https:\/\/a57.foxnews.com\/static.foxnews.com\/foxnews.com\/content\/uploads\/2025\/07\/1440\/810\/pilot-arrested-at-major-international-airport.png?ve=1&amp;tl=1 2x\" height=\"405\" width=\"720\"><img loading=\"lazy\" decoding=\"async\" src=\"https:\/\/a57.foxnews.com\/static.foxnews.com\/foxnews.com\/content\/uploads\/2025\/07\/1200\/675\/pilot-arrested-at-major-international-airport.png?ve=1&amp;tl=1\" alt=\"Escena del aeropuerto internacional\" width=\"1200\" height=\"675\"\/><\/source><\/source><\/source><\/source><\/picture><\/div>\n<div class=\"info\">\n<div class=\"caption\">\n<p><span>Hombre acusado de secuestrar despu\u00e9s de robar un peque\u00f1o avi\u00f3n de Cessna desde Victoria Flying Club<\/span> <span>(Azhar Akhtar a trav\u00e9s de Storyful)<\/span><\/p>\n<\/div>\n<\/div>\n<\/div>\n<p>\u00abActualmente est\u00e1n volando por encima\u00bb, se puede escuchar una voz del control de tr\u00e1fico a\u00e9reo. \u00abEn este momento, no tengo m\u00e1s actualizaciones. Tenemos la aeronave en el rango visual, por favor defender m\u00e1s instrucciones\u00bb.<\/p>\n<p>M\u00e1s tarde, los controladores de tr\u00e1fico a\u00e9reo instruyeron a los aviones a tierra que permanecieran en espera durante la situaci\u00f3n en curso:<\/p>\n<p>\u00abNo estamos seguros de lo que suceder\u00e1 a continuaci\u00f3n. El avi\u00f3n contin\u00faa rodeando arriba, y sus intenciones siguen siendo desconocidas. Por ahora, estamos manteniendo la posici\u00f3n\u00bb.<\/p>\n<p>M\u00e1s tarde, RCMP confirm\u00f3 que el avi\u00f3n hab\u00eda sido tomado del Aeropuerto Internacional de Victoria y hab\u00eda volado alrededor de 40 millas en el espacio a\u00e9reo de Vancouver.<\/p>\n<p><strong>Manhunt despu\u00e9s de que un recluso escapa en el aeropuerto de Seattle, tableros de tren<\/strong><\/p>\n<div class=\"image-ct inline\">\n<div class=\"m\"><picture><source media=\"(max-width: 767px)\" srcset=\"https:\/\/a57.foxnews.com\/static.foxnews.com\/foxnews.com\/content\/uploads\/2025\/07\/343\/192\/police-apprehend-plane-thief.png?ve=1&amp;tl=1, https:\/\/a57.foxnews.com\/static.foxnews.com\/foxnews.com\/content\/uploads\/2025\/07\/686\/384\/police-apprehend-plane-thief.png?ve=1&amp;tl=1 2x\" height=\"192\" width=\"343\"><source media=\"(min-width: 768px) and (max-width: 1023px)\" srcset=\"https:\/\/a57.foxnews.com\/static.foxnews.com\/foxnews.com\/content\/uploads\/2025\/07\/672\/378\/police-apprehend-plane-thief.png?ve=1&amp;tl=1, https:\/\/a57.foxnews.com\/static.foxnews.com\/foxnews.com\/content\/uploads\/2025\/07\/1344\/756\/police-apprehend-plane-thief.png?ve=1&amp;tl=1 2x\" height=\"378\" width=\"672\"><source media=\"(min-width: 1024px) and (max-width: 1279px)\" srcset=\"https:\/\/a57.foxnews.com\/static.foxnews.com\/foxnews.com\/content\/uploads\/2025\/07\/931\/523\/police-apprehend-plane-thief.png?ve=1&amp;tl=1, https:\/\/a57.foxnews.com\/static.foxnews.com\/foxnews.com\/content\/uploads\/2025\/07\/1862\/1046\/police-apprehend-plane-thief.png?ve=1&amp;tl=1 2x\" height=\"523\" width=\"931\"><source media=\"(min-width: 1280px)\" srcset=\"https:\/\/a57.foxnews.com\/static.foxnews.com\/foxnews.com\/content\/uploads\/2025\/07\/720\/405\/police-apprehend-plane-thief.png?ve=1&amp;tl=1, https:\/\/a57.foxnews.com\/static.foxnews.com\/foxnews.com\/content\/uploads\/2025\/07\/1440\/810\/police-apprehend-plane-thief.png?ve=1&amp;tl=1 2x\" height=\"405\" width=\"720\"><img loading=\"lazy\" decoding=\"async\" src=\"https:\/\/a57.foxnews.com\/static.foxnews.com\/foxnews.com\/content\/uploads\/2025\/07\/1200\/675\/police-apprehend-plane-thief.png?ve=1&amp;tl=1\" alt=\"Sospechoso de arresto policial que rob\u00f3 avi\u00f3n \" width=\"1200\" height=\"675\"\/><\/source><\/source><\/source><\/source><\/picture><\/div>\n<div class=\"info\">\n<div class=\"caption\">\n<p><span>Hombre arrestado despu\u00e9s de robar aviones de Cessna en el aeropuerto internacional de Vancouver<\/span> <span>(Azhar Akhtar a trav\u00e9s de Storyful)<\/span><\/p>\n<\/div>\n<\/div>\n<\/div>\n<p>Un portavoz de la Autoridad del Aeropuerto de Vancouver dijo en un comunicado a Fox News Digital que el problema que involucr\u00f3 un avi\u00f3n del Victoria Flying Club hab\u00eda resuelto sin lesiones. <\/p>\n<p>\u00abLa seguridad y la seguridad son nuestras principales prioridades, y continuamente revisamos nuestros procesos y procedimientos en el servicio de nuestra operaci\u00f3n, nuestros pasajeros y nuestros clientes de la aerol\u00ednea\u00bb, se lee en el comunicado. \u00abDespu\u00e9s de cualquier situaci\u00f3n significativa o activaci\u00f3n de operaciones de emergencia y, como parte de nuestros procedimientos est\u00e1ndar, informamos sobre lo que ocurri\u00f3 y hacemos recomendaciones para cambios o mejoras cuando sea necesario\u00bb. <\/p>\n<p>Un testigo ocular, hablando con CBC, describi\u00f3 ver el avi\u00f3n de bajo vuelo y sospechaba que algo estaba mal.<\/p>\n<p>\u00abUnos minutos m\u00e1s tarde, el avi\u00f3n hizo un segundo pase, dando vueltas en un giro en sentido oscuro\u00bb, dijo Paul Heeny a CBC.<\/p>\n<p><strong>Nosotros, el hombre, secuestra un avi\u00f3n peque\u00f1o en Belice, apu\u00f1ala a 3 personas antes de que lo maten a tiros<\/strong><\/p>\n<div class=\"image-ct inline\">\n<div class=\"m\"><picture><source media=\"(max-width: 767px)\" srcset=\"https:\/\/a57.foxnews.com\/static.foxnews.com\/foxnews.com\/content\/uploads\/2025\/07\/343\/192\/gettyimages-104053312-scaled.jpg?ve=1&amp;tl=1, https:\/\/a57.foxnews.com\/static.foxnews.com\/foxnews.com\/content\/uploads\/2025\/07\/686\/384\/gettyimages-104053312-scaled.jpg?ve=1&amp;tl=1 2x\" height=\"192\" width=\"343\"><source media=\"(min-width: 768px) and (max-width: 1023px)\" srcset=\"https:\/\/a57.foxnews.com\/static.foxnews.com\/foxnews.com\/content\/uploads\/2025\/07\/672\/378\/gettyimages-104053312-scaled.jpg?ve=1&amp;tl=1, https:\/\/a57.foxnews.com\/static.foxnews.com\/foxnews.com\/content\/uploads\/2025\/07\/1344\/756\/gettyimages-104053312-scaled.jpg?ve=1&amp;tl=1 2x\" height=\"378\" width=\"672\"><source media=\"(min-width: 1024px) and (max-width: 1279px)\" srcset=\"https:\/\/a57.foxnews.com\/static.foxnews.com\/foxnews.com\/content\/uploads\/2025\/07\/931\/523\/gettyimages-104053312-scaled.jpg?ve=1&amp;tl=1, https:\/\/a57.foxnews.com\/static.foxnews.com\/foxnews.com\/content\/uploads\/2025\/07\/1862\/1046\/gettyimages-104053312-scaled.jpg?ve=1&amp;tl=1 2x\" height=\"523\" width=\"931\"><source media=\"(min-width: 1280px)\" srcset=\"https:\/\/a57.foxnews.com\/static.foxnews.com\/foxnews.com\/content\/uploads\/2025\/07\/720\/405\/gettyimages-104053312-scaled.jpg?ve=1&amp;tl=1, https:\/\/a57.foxnews.com\/static.foxnews.com\/foxnews.com\/content\/uploads\/2025\/07\/1440\/810\/gettyimages-104053312-scaled.jpg?ve=1&amp;tl=1 2x\" height=\"405\" width=\"720\"><img loading=\"lazy\" decoding=\"async\" src=\"https:\/\/a57.foxnews.com\/static.foxnews.com\/foxnews.com\/content\/uploads\/2025\/07\/1200\/675\/gettyimages-104053312-scaled.jpg?ve=1&amp;tl=1\" alt=\"Aeropuerto Internacional de Vancouver\" width=\"1200\" height=\"675\"\/><\/source><\/source><\/source><\/source><\/picture><\/div>\n<div class=\"info\">\n<div class=\"caption\">\n<p><span>Un Air Canada Embraer 190 Jet Aircraft Taxis a una puerta del Aeropuerto Internacional de Vancouver el 7 de julio de 2010, en Vancouver, Columbia Brit\u00e1nica, Canad\u00e1. Vancouver fue la ciudad anfitriona de los Juegos Ol\u00edmpicos de Invierno 2010.<\/span> <span>(Foto de George Rose\/Getty Images)<\/span><\/p>\n<\/div>\n<\/div>\n<\/div>\n<p>El 16 de julio, RCMP revel\u00f3 la identidad del piloto como Shaheer Cassim, de 39 a\u00f1os, quien ahora enfrenta un cargo de secuestro. Las autoridades alegan que amenaz\u00f3 a un instructor de vuelo en YYJ antes de tomar el control de la aeronave.<\/p>\n<p>RCMP Portavoz Sargento. Tammy Lobb dijo en un comunicado de prensa que el sospechoso parec\u00eda tener un \u00abmotivo ideol\u00f3gico\u00bb destinado a interrumpir el tr\u00e1fico a\u00e9reo. Afortunadamente, no se informaron heridos.<\/p>\n<p>La polic\u00eda se\u00f1al\u00f3 que la investigaci\u00f3n todav\u00eda est\u00e1 en sus primeras etapas y permanece activa.<\/p>\n<p>El Ministro de Seguridad P\u00fablica y el Procurador General de Columbia Brit\u00e1nica, Garry Begg, elogi\u00f3 las acciones r\u00e1pidas de los socorristas. <\/p>\n<p><strong><u>Haga clic aqu\u00ed para obtener la aplicaci\u00f3n Fox News<\/u><\/strong><\/p>\n<p>\u00abAgradecido por la profesionalidad mostrada por la polic\u00eda, el control del tr\u00e1fico a\u00e9reo y el personal del aeropuerto durante el incidente de hoy\u00bb, public\u00f3 en X. \u00abAlivio de que no hubo lesiones y que las operaciones normales se han reanudado\u00bb.<\/p>\n<p>El aeropuerto dice que los vuelos se han reanudado en YVR, aunque los retrasos menores pueden persistir. Se recomienda a los viajeros que consulten con sus aerol\u00edneas las \u00faltimas actualizaciones.<\/p>\n<p>Fox News Digital se comunic\u00f3 con la Royal Canadian Monted Police, pero no recibi\u00f3 inmediatamente una respuesta. <\/p>\n<p><i>Stepheny Price es escritora de Fox News Digital y Fox Business. Ella cubre temas que incluyen personas desaparecidas, homicidios, casos nacionales de delitos, inmigraci\u00f3n ilegal y m\u00e1s. Los consejos e ideas de la historia se pueden enviar a stepheny.price@fox.com<\/i><\/p>\n<div class=\"article-meta\">\n<div class=\"author-bio\">\n<p>Stepheny Price es escritora de Fox News con un enfoque en West Coast y Midwest News, personas desaparecidas, historias de cr\u00edmenes nacionales e internacionales, casos de homicidios y seguridad fronteriza.<\/p>\n<\/div>\n<\/div>\n<\/div>\n\n","protected":false},"excerpt":{"rendered":"<p>NUEVO\u00a1Ahora puedes escuchar art\u00edculos de Fox News! Un avi\u00f3n robado desencaden\u00f3 un importante incidente de seguridad en el Aeropuerto Internacional de Vancouver (YVR) el martes por la tarde, deteniendo temporalmente las operaciones y forzando m\u00faltiples vuelos a la redici\u00f3n. Justo antes de la 1:30 p.m. hora local el 15 de julio, un \u00abincidente de seguridad\u00bb &hellip;<\/p>\n","protected":false},"author":1,"featured_media":36543,"comment_status":"open","ping_status":"open","sticky":false,"template":"","format":"standard","meta":{"fifu_image_url":"https:\/\/static.foxnews.com\/foxnews.com\/content\/uploads\/2025\/07\/airport-standoff.gif","fifu_image_alt":"","footnotes":""},"categories":[13],"tags":[],"class_list":["post-36541","post","type-post","status-publish","format-standard","has-post-thumbnail","","category-mundo"],"_links":{"self":[{"href":"https:\/\/noticiasveraces.com\/index.php?rest_route=\/wp\/v2\/posts\/36541","targetHints":{"allow":["GET"]}}],"collection":[{"href":"https:\/\/noticiasveraces.com\/index.php?rest_route=\/wp\/v2\/posts"}],"about":[{"href":"https:\/\/noticiasveraces.com\/index.php?rest_route=\/wp\/v2\/types\/post"}],"author":[{"embeddable":true,"href":"https:\/\/noticiasveraces.com\/index.php?rest_route=\/wp\/v2\/users\/1"}],"replies":[{"embeddable":true,"href":"https:\/\/noticiasveraces.com\/index.php?rest_route=%2Fwp%2Fv2%2Fcomments&post=36541"}],"version-history":[{"count":0,"href":"https:\/\/noticiasveraces.com\/index.php?rest_route=\/wp\/v2\/posts\/36541\/revisions"}],"wp:featuredmedia":[{"embeddable":true,"href":"https:\/\/noticiasveraces.com\/index.php?rest_route=\/wp\/v2\/media\/36543"}],"wp:attachment":[{"href":"https:\/\/noticiasveraces.com\/index.php?rest_route=%2Fwp%2Fv2%2Fmedia&parent=36541"}],"wp:term":[{"taxonomy":"category","embeddable":true,"href":"https:\/\/noticiasveraces.com\/index.php?rest_route=%2Fwp%2Fv2%2Fcategories&post=36541"},{"taxonomy":"post_tag","embeddable":true,"href":"https:\/\/noticiasveraces.com\/index.php?rest_route=%2Fwp%2Fv2%2Ftags&post=36541"}],"curies":[{"name":"wp","href":"https:\/\/api.w.org\/{rel}","templated":true}]}}