{"id":36512,"date":"2025-07-18T12:31:19","date_gmt":"2025-07-18T16:31:19","guid":{"rendered":"https:\/\/noticiasveraces.com\/?p=36512"},"modified":"2025-07-18T12:31:19","modified_gmt":"2025-07-18T16:31:19","slug":"alemania-deporta-a-81-afganos-con-condenas-judiciales-dw-18-07-2025","status":"publish","type":"post","link":"https:\/\/noticiasveraces.com\/?p=36512","title":{"rendered":"Alemania deporta a 81 afganos con condenas judiciales \u2013 DW \u2013 18\/07\/2025"},"content":{"rendered":"<p> \n<\/p>\n<div>\n<p>El gobierno de Alemania anunci\u00f3 este viernes (18.07.2025) la expulsi\u00f3n de 81 hombres afganos \u00abcon \u00f3rdenes de expulsi\u00f3n\u00bb y sentencias, la segunda operaci\u00f3n de este tipo, que muestra la voluntad de Berl\u00edn de endurecer la pol\u00edtica migratoria.<\/p>\n<p>\u00abA todos nos preocupa que la sobrecarga de nuestros pa\u00edses por la migraci\u00f3n ilegal tambi\u00e9n contribuya enormemente a la polarizaci\u00f3n de la sociedad. Queremos contrarrestar esta polarizaci\u00f3n\u00bb, afirm\u00f3 el ministro del Interior, Alexander Dobrindt.<\/p>\n<h2><strong>ONU: la gente no deber\u00eda ser enviada de regreso a Afganist\u00e1n<\/strong><\/h2>\n<p>La oficina de derechos humanos de la ONU reaccion\u00f3 e insisti\u00f3 en que no se debe devolver a nadie a Afganist\u00e1n y que el creciente n\u00famero de afganos que se ven obligados a regresar a su pa\u00eds est\u00e1 creando \u00abuna crisis de derechos humanos de m\u00faltiples niveles\u00bb.<\/p>\n<p>\u00abEl alto comisionado de la ONU para los Derechos Humanos, Volker Turk, pide que se ponga fin de inmediato al retorno forzoso de todos los refugiados y solicitantes afganos de asilo, en particular los que corren riesgo de sufrir persecuci\u00f3n, detenci\u00f3n arbitraria o tortura a su regreso\u00bb, declar\u00f3 a la prensa en Ginebra la portavoz Ravina Shamdasani.<\/p>\n<h2><strong>Tres millones de afganos podr\u00edan ser deportados para finales del a\u00f1o<\/strong><\/h2>\n<p>Las expulsiones de este viernes se producen cuando Afganist\u00e1n ya est\u00e1 afectada por las devoluciones de m\u00e1s de 1,9 millones de personas desde principios de a\u00f1o desde Ir\u00e1n y Pakist\u00e1n. Ir\u00e1n deport\u00f3 a unas 500.000 personas s\u00f3lo en el \u00faltimo mes, precis\u00f3 Shamdasani.<\/p>\n<p>La ONU advirti\u00f3 la semana pasada que el n\u00famero de expulsados podr\u00eda llegar hasta los tres millones para el final del a\u00f1o. \u00abLas personas que regresan a Afganist\u00e1n, ya sea por obligaci\u00f3n o por voluntad propia, se encuentran con un pa\u00eds enfrentado a una grave crisis humanitaria y de derechos humanos\u00bb, agreg\u00f3.<\/p>\n<p>Alemania suspendi\u00f3 las deportaciones hacia Afganist\u00e1n y cerr\u00f3 su embajada en Kabul tras el retorno al poder de los talibanes en 2021. Desde entonces solo tiene contactos indirectos con las autoridades afganas.<\/p>\n<p>RR AFP\/DPA\/Reuters<\/p>\n<\/div>\n\n","protected":false},"excerpt":{"rendered":"<p>El gobierno de Alemania anunci\u00f3 este viernes (18.07.2025) la expulsi\u00f3n de 81 hombres afganos \u00abcon \u00f3rdenes de expulsi\u00f3n\u00bb y sentencias, la segunda operaci\u00f3n de este tipo, que muestra la voluntad de Berl\u00edn de endurecer la pol\u00edtica migratoria. \u00abA todos nos preocupa que la sobrecarga de nuestros pa\u00edses por la migraci\u00f3n ilegal tambi\u00e9n contribuya enormemente a &hellip;<\/p>\n","protected":false},"author":1,"featured_media":36513,"comment_status":"open","ping_status":"open","sticky":false,"template":"","format":"standard","meta":{"fifu_image_url":"https:\/\/static.dw.com\/image\/73320745_6.jpg","fifu_image_alt":"","footnotes":""},"categories":[13],"tags":[],"class_list":["post-36512","post","type-post","status-publish","format-standard","has-post-thumbnail","","category-mundo"],"_links":{"self":[{"href":"https:\/\/noticiasveraces.com\/index.php?rest_route=\/wp\/v2\/posts\/36512","targetHints":{"allow":["GET"]}}],"collection":[{"href":"https:\/\/noticiasveraces.com\/index.php?rest_route=\/wp\/v2\/posts"}],"about":[{"href":"https:\/\/noticiasveraces.com\/index.php?rest_route=\/wp\/v2\/types\/post"}],"author":[{"embeddable":true,"href":"https:\/\/noticiasveraces.com\/index.php?rest_route=\/wp\/v2\/users\/1"}],"replies":[{"embeddable":true,"href":"https:\/\/noticiasveraces.com\/index.php?rest_route=%2Fwp%2Fv2%2Fcomments&post=36512"}],"version-history":[{"count":0,"href":"https:\/\/noticiasveraces.com\/index.php?rest_route=\/wp\/v2\/posts\/36512\/revisions"}],"wp:featuredmedia":[{"embeddable":true,"href":"https:\/\/noticiasveraces.com\/index.php?rest_route=\/wp\/v2\/media\/36513"}],"wp:attachment":[{"href":"https:\/\/noticiasveraces.com\/index.php?rest_route=%2Fwp%2Fv2%2Fmedia&parent=36512"}],"wp:term":[{"taxonomy":"category","embeddable":true,"href":"https:\/\/noticiasveraces.com\/index.php?rest_route=%2Fwp%2Fv2%2Fcategories&post=36512"},{"taxonomy":"post_tag","embeddable":true,"href":"https:\/\/noticiasveraces.com\/index.php?rest_route=%2Fwp%2Fv2%2Ftags&post=36512"}],"curies":[{"name":"wp","href":"https:\/\/api.w.org\/{rel}","templated":true}]}}