{"id":36510,"date":"2025-07-18T12:17:40","date_gmt":"2025-07-18T16:17:40","guid":{"rendered":"https:\/\/noticiasveraces.com\/?p=36510"},"modified":"2025-07-18T12:17:40","modified_gmt":"2025-07-18T16:17:40","slug":"fue-campeon-en-nacional-se-rieron-de-el-por-ser-vegano-y-hoy-busca-trabajo-curiosidades-de-futbol","status":"publish","type":"post","link":"https:\/\/noticiasveraces.com\/?p=36510","title":{"rendered":"Fue campe\u00f3n en Nacional, se rieron de \u00e9l por ser vegano y hoy busca trabajo | Curiosidades de f\u00fatbol"},"content":{"rendered":"<p> \n<\/p>\n<div id=\"cuerpoArticulo\">\n<p class=\"texto intro\" id=\"pnull-m194-193-195\">Corr\u00eda el 2016 cuando Atl\u00e9tico Nacional dominaba el f\u00fatbol en todo el continente. El equipo de Medell\u00edn consegu\u00eda la Copa Libertadores y entregaba la Sudamericana a Chapecoense por su tr\u00e1gico accidente a\u00e9reo. Todas las piezas eran importantes, pero uno de los futbolistas luego emigr\u00f3 al extranjero por su nivel. Sin embargo, <b>tras recibir burlas por hacerse vegano y a\u00f1os lejos del mapa, hoy busca trabajo.<\/b><\/p>\n<p class=\"texto contenido-parrafo-articulo\" id=\"pnull-m206-2-207\"><b>Sebasti\u00e1n P\u00e9rez <\/b>era ese futbolista que tanto le gustaba al hincha de Nacional (que hoy se manifiesta descontento en redes sociales) por su gran nivel en un equipo que funcionaba bien en todas las l\u00edneas. Sin embargo, su paso por Boca Juniors fue p\u00e9simo y cargado de lesiones, <b>sumado a su paso al veganismo, que provoc\u00f3 risas y cr\u00edticas de los aficionados malintencionados.<\/b><\/p>\n<div class=\"fotografia caja-articulo\" id=\"pnull-m293-3-294\">\n<div class=\"imagen-cuerpo-bk\">\n<figure itemscope=\"\" itemtype=\"https:\/\/schema.org\/ImageObject\" itemprop=\"image\" class=\"foto-galeria-articulo imagen-articulo foto-texto-articulo-galeria\" id=\"m298-297-299\"><img decoding=\"async\" src=\"data:image\/png;base64,iVBORw0KGgoAAAANSUhEUgAAAAEAAAABCAQAAAC1HAwCAAAAC0lEQVR42mP8\/x0AAvsB+DlKarAAAAAASUVORK5CYII=\" style=\" display: inline;\" alt=\"Sebasti\u00e1n P\u00e9rez\" data-original=\"\/files\/article_content\/uploads\/2023\/05\/12\/645eab2611086.jpeg\"\/><meta itemprop=\"width\" content=\"600\"\/><meta itemprop=\"height\" content=\"450\"\/> <meta itemprop=\"url\" content=\"https:\/\/www.futbolred.com\/files\/article_content\/uploads\/2023\/05\/12\/645eab2611086.jpeg\"\/><\/figure>\n<\/div>\n<div class=\"figcaption-cuerpo-bk credito-image-bk\"><figcaption class=\"foto-info\">\n<div class=\"titulo-foto-bk\">\n<p class=\"titulo pie-de-foto\" id=\"m305-1-306\">Sebasti\u00e1n P\u00e9rez con Boavista<\/p>\n<\/div>\n<p class=\"credito\">\n                            <span class=\"linea pre_credito\">Foto:<\/span><\/p>\n<p>                        <span class=\"autor\" id=\"m311-2-312\">Patricia de Melo Moreira \/ AFP<\/span><\/p>\n<\/figcaption><\/div>\n<\/p><\/div>\n<p class=\"texto contenido-parrafo-articulo\" id=\"pnull-m253-3-254\">Tras dos temporadas en el f\u00fatbol argentino (de 2016 a 2018), donde apenas pudo disputar 19 partidos y no demostr\u00f3 su mejor nivel, <b>P\u00e9rez se fue cedido a Pachuca, Barcelona de Ecuador y finalmente al Boavista de Portugal<\/b>. Este \u00faltimo lo compr\u00f3 por 1,3 millones de euros, seg\u00fan <i>Mercado de transferencia<\/i>. No obstante, tras 5 temporadas en el club, su v\u00ednculo finaliz\u00f3 y no fue renovado, seg\u00fan el diario <i>El juego<\/i>. Hoy no tiene club.<\/p>\n<div id=\"pnull-m514-6-515\" class=\"\">\n<blockquote class=\"twitter-tweet\">\n<p lang=\"es\" dir=\"ltr\">seba P\u00e9rez querido, me acuerdo que lo boludeaban por Vegano, si las lesiones lo respetaban no era menos que Kroos, Casemiro, Modric juntos https:\/\/t.co\/67ERZ4lSy0<\/p>\n<p>&#8211; T\u00e9rmino de Boca (@Palemira_) <a href=\"https:\/\/twitter.com\/palemira_\/status\/1940917161448689777?ref_src=twsrc%5Etfw\">3 de julio de 2025<\/a><\/p><\/blockquote><\/div>\n<p class=\"texto contenido-parrafo-articulo\" id=\"pnull-m261-4-262\"><b>En Portugal, Seba P\u00e9rez disput\u00f3 147 partidos (129 de titular)<\/b>en los que convirti\u00f3 7 goles y aport\u00f3 4 asistencias, seg\u00fan las estad\u00edsticas de <i>Bisuter<\/i>. Adem\u00e1s, le mostraron la tarjeta amarilla en 51 ocasiones y fue expulsado 6 veces. Est\u00e1 claro que m\u00e1s all\u00e1 de este \u00faltimo n\u00famero, el mediocampista colombiano tuvo un rendimiento abismalmente superior al de Boca y Barcelona de Guayaquil.<\/p>\n<div id=\"pnull-m351-6-352\" class=\"\">\n<blockquote class=\"twitter-tweet\">\n<p lang=\"pt\" dir=\"ltr\">\ud83d\udea8\ud83d\udd34 | Seba P\u00e9rez reforzar\u00e1 a los tristes avs.<\/p>\n<p>El centrocampista colombiano deja Boavista despu\u00e9s de poner fin a un contrato.<\/p>\n<p>\u00abEl bol\u00edgrafo ya tiene pintura\u00bb \u270d\ufe0f <\/p>\n<p>{ <a href=\"https:\/\/twitter.com\/ojogo?ref_src=twsrc%5Etfw\">@ijogo<\/a> } \ud83d\uddde\ufe0f <a href=\"https:\/\/t.co\/F5kTHZRP9c\">pic.twitter.com\/f5kthzrp9c<\/a><\/p>\n<p>\u2014 Radar de Mercado (@tugaotransfers) <a href=\"https:\/\/twitter.com\/tugaotransfers\/status\/1943702661800276281?ref_src=twsrc%5Etfw\">11 de julio de 2025<\/a><\/p><\/blockquote><\/div>\n<p>                                                    <span class=\"articulo-subtitulo subtitulo2 espacio-contenido\" id=\"pnull-m269-5-270\" style=\"width: auto;\">Los n\u00fameros de Sebasti\u00e1n P\u00e9rez en Atl\u00e9tico Nacional<br \/><\/span><\/p>\n<p class=\"texto contenido-parrafo-articulo\" id=\"pnull-m277-6-278\">Sin dudas <b>Atl\u00e9tico Nacional fue el equipo donde Sebasti\u00e1n P\u00e9rez consigui\u00f3 su mejor versi\u00f3n<\/b>. El futbolista que hoy tiene 32 a\u00f1os supo jugar 181 partidos con el \u2018Verdolaga\u2019 (127 desde el comienzo), en los que aport\u00f3 5 goles, 2 asistencias y <b>consigui\u00f3 10 t\u00edtulos entre 2011 y 2016<\/b>. Claro, la Copa Libertadores fue la m\u00e1s rutilante.<\/p>\n<p class=\"texto contenido-parrafo-articulo\" id=\"pnull-m285-7-286\">Ahora, con la salida de Boavista, hay <b>algunos hinchas de Nacional que se ilusionan con el regreso de Seba P\u00e9rez en las redes sociales<\/b>pero todav\u00eda no hay ninguna informaci\u00f3n que lo vincule con un posible regreso al FPC.<\/p>\n<\/p><\/div>\n<p><script async src=\"https:\/\/platform.twitter.com\/widgets.js\" charset=\"utf-8\"><\/script><br \/>\n<br \/>\n","protected":false},"excerpt":{"rendered":"<p>Corr\u00eda el 2016 cuando Atl\u00e9tico Nacional dominaba el f\u00fatbol en todo el continente. El equipo de Medell\u00edn consegu\u00eda la Copa Libertadores y entregaba la Sudamericana a Chapecoense por su tr\u00e1gico accidente a\u00e9reo. Todas las piezas eran importantes, pero uno de los futbolistas luego emigr\u00f3 al extranjero por su nivel. Sin embargo, tras recibir burlas por &hellip;<\/p>\n","protected":false},"author":1,"featured_media":36511,"comment_status":"open","ping_status":"open","sticky":false,"template":"","format":"standard","meta":{"fifu_image_url":"https:\/\/www.futbolred.com\/files\/og_thumbnail\/uploads\/2025\/07\/18\/687a5af2919a0.jpeg","fifu_image_alt":"","footnotes":""},"categories":[6],"tags":[],"class_list":["post-36510","post","type-post","status-publish","format-standard","has-post-thumbnail","","category-deportes"],"_links":{"self":[{"href":"https:\/\/noticiasveraces.com\/index.php?rest_route=\/wp\/v2\/posts\/36510","targetHints":{"allow":["GET"]}}],"collection":[{"href":"https:\/\/noticiasveraces.com\/index.php?rest_route=\/wp\/v2\/posts"}],"about":[{"href":"https:\/\/noticiasveraces.com\/index.php?rest_route=\/wp\/v2\/types\/post"}],"author":[{"embeddable":true,"href":"https:\/\/noticiasveraces.com\/index.php?rest_route=\/wp\/v2\/users\/1"}],"replies":[{"embeddable":true,"href":"https:\/\/noticiasveraces.com\/index.php?rest_route=%2Fwp%2Fv2%2Fcomments&post=36510"}],"version-history":[{"count":0,"href":"https:\/\/noticiasveraces.com\/index.php?rest_route=\/wp\/v2\/posts\/36510\/revisions"}],"wp:featuredmedia":[{"embeddable":true,"href":"https:\/\/noticiasveraces.com\/index.php?rest_route=\/wp\/v2\/media\/36511"}],"wp:attachment":[{"href":"https:\/\/noticiasveraces.com\/index.php?rest_route=%2Fwp%2Fv2%2Fmedia&parent=36510"}],"wp:term":[{"taxonomy":"category","embeddable":true,"href":"https:\/\/noticiasveraces.com\/index.php?rest_route=%2Fwp%2Fv2%2Fcategories&post=36510"},{"taxonomy":"post_tag","embeddable":true,"href":"https:\/\/noticiasveraces.com\/index.php?rest_route=%2Fwp%2Fv2%2Ftags&post=36510"}],"curies":[{"name":"wp","href":"https:\/\/api.w.org\/{rel}","templated":true}]}}