{"id":36505,"date":"2025-07-18T11:30:13","date_gmt":"2025-07-18T15:30:13","guid":{"rendered":"https:\/\/noticiasveraces.com\/?p=36505"},"modified":"2025-07-18T11:30:13","modified_gmt":"2025-07-18T15:30:13","slug":"ucranianos-con-discapacidades-forzados-a-combatir-dw-18-07-2025","status":"publish","type":"post","link":"https:\/\/noticiasveraces.com\/?p=36505","title":{"rendered":"Ucranianos con discapacidades, forzados a combatir \u2013 DW \u2013 18\/07\/2025"},"content":{"rendered":"<p> \n<\/p>\n<div>\n<p>P\u00e9rdidas frecuentes de memoria, desorientaci\u00f3n, confusi\u00f3n de n\u00fameros y colores: esos son los problemas cotidianos de Wassyl, de 28 a\u00f1os, oriundo del centro de Ucrania. Desde 2015 est\u00e1 en tratamiento psiqui\u00e1trico por un trastorno de personalidad. Sin embargo, eso no impidi\u00f3 que las Fuerzas Armadas de Ucrania lo reclutaran.<\/p>\n<p>Seg\u00fan su pareja, Olena, Wassyl nunca reconoce sus limitaciones. Tal vez no las mencion\u00f3 durante el examen m\u00e9dico. Fue declarado plenamente apto para el servicio militar y enviado al sur del pa\u00eds para recibir instrucci\u00f3n b\u00e1sica.<\/p>\n<p>Olena intent\u00f3 explicar al comandante de Wassyl que su reclutamiento era un error. Al principio, el oficial mostr\u00f3 comprensi\u00f3n y pidi\u00f3 documentos m\u00e9dicos para una eventual baja. Sin embargo, rechaz\u00f3 como desactualizado el informe de una cl\u00ednica psiqui\u00e1trica de 2015. \u00ab\u00bfC\u00f3mo puede no ser motivo de baja si su condici\u00f3n es irreversible?\u201d, se pregunta Olena, desesperada, en di\u00e1logo con DW.<\/p>\n<h2>\u00abUn peligro para s\u00ed mismo y para otros\u00bb<\/h2>\n<p>DW tuvo acceso al informe de 2015. All\u00ed se lee: \u00abWassyl tiene un vocabulario pobre, baja capacidad de abstracci\u00f3n, un coeficiente intelectual (CI) de 66 (el promedio es 100) y ni siquiera comprende el nombre del pa\u00eds o de la capital de Ucrania.\u201d Bajo estr\u00e9s, sus s\u00edntomas se agravan, cuenta Olena.<\/p>\n<p>Una cl\u00ednica psiqui\u00e1trica que revis\u00f3 el informe \u2014anonimizado\u2014 diagnostic\u00f3 discapacidad intelectual con inestabilidad emocional y volitiva. \u00abBajo presi\u00f3n, una persona as\u00ed es impredecible y representa un peligro para s\u00ed misma y para los dem\u00e1s\u201d, advierte una integrante de las Fuerzas Armadas ucranianas que prefiere permanecer en el anonimato.<\/p>\n<figure class=\"placeholder-image master_landscape big\"><img data-format=\"MASTER_LANDSCAPE\" data-id=\"73230333\" data-url=\"https:\/\/static.dw.com\/image\/73230333_${formatId}.jpg\" data-aspect-ratio=\"16\/9\" alt=\"Foto de Wassyl con el rostro difuminado, vestido con ropa de camuflaje y con un arma en la mano.\" style=\"padding-bottom: 56.25%; height: 0; max-height: 0;\"\/><figcaption class=\"img-caption\">El ej\u00e9rcito entreg\u00f3 un arma a Wassyl.<small class=\"copyright\">Imagen: privat<\/small><\/figcaption><\/figure>\n<h2>C\u00f3mo se pas\u00f3 por alto el diagn\u00f3stico de Wassyl<\/h2>\n<p>\u00abHelsi\u201d es el nombre de una base de datos a la que acceden los m\u00e9dicos militares. All\u00ed figuran los pacientes de hospitales p\u00fablicos. Pero el diagn\u00f3stico de Wassyl no aparec\u00eda, explica el abogado Jewhen Zechmister, porque los datos sobre enfermedades mentales s\u00f3lo pueden almacenarse con el consentimiento del paciente.<\/p>\n<p>Seg\u00fan la orden 402 del Ministerio de Defensa, el diagn\u00f3stico de Wassyl no es motivo suficiente para evitar su reclutamiento. Los m\u00e9dicos militares s\u00f3lo conf\u00edan en documentos oficiales, dice Zechmister, ya que muchos hombres fingen trastornos mentales para evadir el servicio. \u00abSi se hubiese buscado apoyo legal a tiempo para presentar certificados m\u00e1s recientes, Wassyl no habr\u00eda sido reclutado.\u201d<\/p>\n<p>Olha Reschetylowa, comisionada presidencial para los derechos de los militares y sus familias, aconseja actualizar personalmente la informaci\u00f3n m\u00e9dica tanto en el Ej\u00e9rcito como en el sistema \u00abHelsi\u201d. Sobre todo, porque la salud mental de los reclutas puede deteriorarse durante el entrenamiento. Seg\u00fan Reschetylowa, los comandantes no quieren soldados con problemas psiqui\u00e1tricos, por eso muchas veces permiten tratamientos.<\/p>\n<h2>\u00bfQu\u00e9 dice el defensor del pueblo ucraniano?<\/h2>\n<p>Desde comienzos de a\u00f1o se han recibido m\u00e1s de 2.000 quejas sobre violaciones de derechos humanos en el contexto de la movilizaci\u00f3n, informa Dmytro Lubinez, defensor del pueblo del Parlamento. En 2024 fueron unas 3.500. \u00abSiempre respondemos. En algunos casos, nuestros representantes acuden a las oficinas de reclutamiento para hacer valer los derechos de los ciudadanos\u201d, dice a DW. \u00abGracias a nuestra intervenci\u00f3n, personas enfermas han sido dadas de baja.\u201d Aunque no todas las quejas son fundadas.<\/p>\n<p>Lubinez reconoce que incluso personas gravemente enfermas han sido reclutadas. No hay cifras oficiales. \u00abEso sucede cuando se ignoran los expedientes m\u00e9dicos o el estado real de las personas\u201d, critica. Y sugiere distribuir mejor a los reclutas: \u00abNo toda discapacidad implica ineptitud. Alguien con problemas de espalda no puede ir al frente, pero s\u00ed trabajar con computadoras.\u201d<\/p>\n<p><span data-slot-id=\"Article_InContent-1\" class=\"rich-text-ad\"\/><\/p>\n<h2>\u00bfQu\u00e9 reportan los militares ucranianos?<\/h2>\n<p>Un oficial de brigada cont\u00f3 a DW su experiencia en un centro de entrenamiento: \u00abTuve el privilegio de elegir a mi gente. Pero llegaron tipos sin dientes o con tuberculosis. \u00a1Al centro de entrenamiento!\u201d, relata el oficial, que pide anonimato. Esos hombres ya hab\u00edan sido ofrecidos varias veces a diferentes brigadas, pero ninguna los quiso. Ni siquiera para cavar trincheras.<\/p>\n<p>Kyrylo (nombre cambiado) fue reclutado esta primavera. En la oficina de alistamiento vio a personas sin hogar con las piernas hinchadas, drogadictos y alcoh\u00f3licos, relata con indignaci\u00f3n. El primer examen m\u00e9dico suele ser s\u00f3lo un tr\u00e1mite, y en algunos lugares ni siquiera se realiza. Reci\u00e9n en el centro de entrenamiento hay una evaluaci\u00f3n m\u00e1s rigurosa.<\/p>\n<p>El soldado Oleksandr (nombre cambiado) afirma que incluso vio epil\u00e9pticos en el examen m\u00e9dico. Ese tipo de negligencia explicar\u00eda, seg\u00fan \u00e9l, que en 2024 un recluta con esquizofrenia fuera asignado a una brigada naval tras el entrenamiento b\u00e1sico. Por suerte, lo detectaron a tiempo. \u00abNo le dieron un arma y lo enviaron de vuelta a los pocos d\u00edas.\u201d<\/p>\n<p>Mientras tanto, Wassyl est\u00e1 por terminar su instrucci\u00f3n b\u00e1sica. Luego ser\u00e1 asignado a una unidad. Seg\u00fan Olena, ya tiene acceso a armas. El abogado Zechmister intenta conseguir una segunda evaluaci\u00f3n psiqui\u00e1trica por parte de m\u00e9dicos militares. \u00abSi lo mandan al frente, representa un peligro para su unidad\u201d, advierte el abogado. \u00abNo se puede prever cu\u00e1ndo su mente fallar\u00e1. Y qui\u00e9n quedar\u00e1 en su mira.\u201d<\/p>\n<p>(GG)<\/p>\n<\/div>\n\n","protected":false},"excerpt":{"rendered":"<p>P\u00e9rdidas frecuentes de memoria, desorientaci\u00f3n, confusi\u00f3n de n\u00fameros y colores: esos son los problemas cotidianos de Wassyl, de 28 a\u00f1os, oriundo del centro de Ucrania. Desde 2015 est\u00e1 en tratamiento psiqui\u00e1trico por un trastorno de personalidad. Sin embargo, eso no impidi\u00f3 que las Fuerzas Armadas de Ucrania lo reclutaran. Seg\u00fan su pareja, Olena, Wassyl nunca &hellip;<\/p>\n","protected":false},"author":1,"featured_media":36506,"comment_status":"open","ping_status":"open","sticky":false,"template":"","format":"standard","meta":{"fifu_image_url":"https:\/\/static.dw.com\/image\/66566536_6.jpg","fifu_image_alt":"","footnotes":""},"categories":[13],"tags":[],"class_list":["post-36505","post","type-post","status-publish","format-standard","has-post-thumbnail","","category-mundo"],"_links":{"self":[{"href":"https:\/\/noticiasveraces.com\/index.php?rest_route=\/wp\/v2\/posts\/36505","targetHints":{"allow":["GET"]}}],"collection":[{"href":"https:\/\/noticiasveraces.com\/index.php?rest_route=\/wp\/v2\/posts"}],"about":[{"href":"https:\/\/noticiasveraces.com\/index.php?rest_route=\/wp\/v2\/types\/post"}],"author":[{"embeddable":true,"href":"https:\/\/noticiasveraces.com\/index.php?rest_route=\/wp\/v2\/users\/1"}],"replies":[{"embeddable":true,"href":"https:\/\/noticiasveraces.com\/index.php?rest_route=%2Fwp%2Fv2%2Fcomments&post=36505"}],"version-history":[{"count":0,"href":"https:\/\/noticiasveraces.com\/index.php?rest_route=\/wp\/v2\/posts\/36505\/revisions"}],"wp:featuredmedia":[{"embeddable":true,"href":"https:\/\/noticiasveraces.com\/index.php?rest_route=\/wp\/v2\/media\/36506"}],"wp:attachment":[{"href":"https:\/\/noticiasveraces.com\/index.php?rest_route=%2Fwp%2Fv2%2Fmedia&parent=36505"}],"wp:term":[{"taxonomy":"category","embeddable":true,"href":"https:\/\/noticiasveraces.com\/index.php?rest_route=%2Fwp%2Fv2%2Fcategories&post=36505"},{"taxonomy":"post_tag","embeddable":true,"href":"https:\/\/noticiasveraces.com\/index.php?rest_route=%2Fwp%2Fv2%2Ftags&post=36505"}],"curies":[{"name":"wp","href":"https:\/\/api.w.org\/{rel}","templated":true}]}}