{"id":36454,"date":"2025-07-18T03:20:53","date_gmt":"2025-07-18T07:20:53","guid":{"rendered":"https:\/\/noticiasveraces.com\/?p=36454"},"modified":"2025-07-18T03:20:53","modified_gmt":"2025-07-18T07:20:53","slug":"muere-medallista-olimpico-noruego-alcanzado-por-un-rayo-dw-17-07-2025","status":"publish","type":"post","link":"https:\/\/noticiasveraces.com\/?p=36454","title":{"rendered":"Muere medallista ol\u00edmpico noruego alcanzado por un rayo \u2013 DW \u2013 17\/07\/2025"},"content":{"rendered":"<p> \n<\/p>\n<div>\n<p>El exesquiador noruego Audun Gr\u00f8nvold, medallista ol\u00edmpico en los Juegos de Invierno de Vancouver de 2010, falleci\u00f3 a los 49 a\u00f1os tras ser alcanzado por un rayo cuando se encontraba con su esposa en una caba\u00f1a rural, seg\u00fan confirm\u00f3 la Federaci\u00f3n Noruega de Esqu\u00ed.<\/p>\n<p>Gr\u00f8nvold fue alcanzado por un rayo el pasado s\u00e1bado (12.07.2025) y fue r\u00e1pidamente trasladado a un hospital, pero no pudo recuperarse de las heridas sufridas y falleci\u00f3 d\u00edas despu\u00e9s.<\/p>\n<p>\u00abCon gran tristeza hemos recibido la noticia del prematuro fallecimiento de Audun Gr\u00f8nvold. Nuestros pensamientos est\u00e1n con la familia de Audun, sus amigos y todos aquellos que estaban cerca de \u00e9l\u00bb, se\u00f1al\u00f3 la Federaci\u00f3n Noruega de Esqu\u00ed en un comunicado.<\/p>\n<p>Seg\u00fan la federaci\u00f3n, Gr\u00f8nvold fue un atleta destacado en el equipo nacional alpino durante varios a\u00f1os antes de convertirse en pionero del estilo libre noruego y del ski cross.<\/p>\n<blockquote class=\"tweet embed\" data-id=\"1945526000634175802\"\/>\n<p>Fue esquiador alpino del equipo nacional noruego desde la 1993 a 2004, \u00e9poca en la que consigui\u00f3 un tercer puesto en la prueba de la Copa del Mundo de esqu\u00ed alpino celebrada en Sierra Nevada (Espa\u00f1a) en 1999 y dos campeonatos nacionales noruegos.<\/p>\n<p>Tras cambiar de disciplina, gan\u00f3 una medalla de bronce en el Campeonato Mundial de Esqu\u00ed Acrob\u00e1tico de 2005 y fue bronce ol\u00edmpico de esqu\u00ed cross en los Juegos de Invierno de Vancouver de 2010.<\/p>\n<p>Pocos meses despu\u00e9s de lograr la medalla ol\u00edmpica, dej\u00f3 el deporte \u00e9lite debido a una lesi\u00f3n y se dedic\u00f3 a desarrollar el esqu\u00ed noruego como entrenador de la selecci\u00f3n nacional y miembro de la junta directiva de la federaci\u00f3n noruega.<\/p>\n<p>Seg\u00fan la federaci\u00f3n, Gr\u00f8nvold demostr\u00f3 \u00abun compromiso ferviente con el esqu\u00ed como deportista, entrenador y l\u00edder\u00bb.<\/p>\n<p>EE (AFP, The Guardian, Reuters)<\/p>\n<\/div>\n\n","protected":false},"excerpt":{"rendered":"<p>El exesquiador noruego Audun Gr\u00f8nvold, medallista ol\u00edmpico en los Juegos de Invierno de Vancouver de 2010, falleci\u00f3 a los 49 a\u00f1os tras ser alcanzado por un rayo cuando se encontraba con su esposa en una caba\u00f1a rural, seg\u00fan confirm\u00f3 la Federaci\u00f3n Noruega de Esqu\u00ed. Gr\u00f8nvold fue alcanzado por un rayo el pasado s\u00e1bado (12.07.2025) y &hellip;<\/p>\n","protected":false},"author":1,"featured_media":36455,"comment_status":"open","ping_status":"open","sticky":false,"template":"","format":"standard","meta":{"fifu_image_url":"https:\/\/static.dw.com\/image\/73315636_6.jpg","fifu_image_alt":"","footnotes":""},"categories":[13],"tags":[],"class_list":["post-36454","post","type-post","status-publish","format-standard","has-post-thumbnail","","category-mundo"],"_links":{"self":[{"href":"https:\/\/noticiasveraces.com\/index.php?rest_route=\/wp\/v2\/posts\/36454","targetHints":{"allow":["GET"]}}],"collection":[{"href":"https:\/\/noticiasveraces.com\/index.php?rest_route=\/wp\/v2\/posts"}],"about":[{"href":"https:\/\/noticiasveraces.com\/index.php?rest_route=\/wp\/v2\/types\/post"}],"author":[{"embeddable":true,"href":"https:\/\/noticiasveraces.com\/index.php?rest_route=\/wp\/v2\/users\/1"}],"replies":[{"embeddable":true,"href":"https:\/\/noticiasveraces.com\/index.php?rest_route=%2Fwp%2Fv2%2Fcomments&post=36454"}],"version-history":[{"count":0,"href":"https:\/\/noticiasveraces.com\/index.php?rest_route=\/wp\/v2\/posts\/36454\/revisions"}],"wp:featuredmedia":[{"embeddable":true,"href":"https:\/\/noticiasveraces.com\/index.php?rest_route=\/wp\/v2\/media\/36455"}],"wp:attachment":[{"href":"https:\/\/noticiasveraces.com\/index.php?rest_route=%2Fwp%2Fv2%2Fmedia&parent=36454"}],"wp:term":[{"taxonomy":"category","embeddable":true,"href":"https:\/\/noticiasveraces.com\/index.php?rest_route=%2Fwp%2Fv2%2Fcategories&post=36454"},{"taxonomy":"post_tag","embeddable":true,"href":"https:\/\/noticiasveraces.com\/index.php?rest_route=%2Fwp%2Fv2%2Ftags&post=36454"}],"curies":[{"name":"wp","href":"https:\/\/api.w.org\/{rel}","templated":true}]}}