{"id":36442,"date":"2025-07-18T00:14:52","date_gmt":"2025-07-18T04:14:52","guid":{"rendered":"https:\/\/noticiasveraces.com\/?p=36442"},"modified":"2025-07-18T00:14:52","modified_gmt":"2025-07-18T04:14:52","slug":"anuncian-colecta-para-pagar-gastos-medicos-de-ivan-rene-valenciano-piden-donaciones-de-urgencia-curiosidades-de-futbol","status":"publish","type":"post","link":"https:\/\/noticiasveraces.com\/?p=36442","title":{"rendered":"Anuncian colecta para pagar gastos m\u00e9dicos de Iv\u00e1n Ren\u00e9 Valenciano: piden donaciones de urgencia | Curiosidades de f\u00fatbol"},"content":{"rendered":"<p> \n<br \/><img decoding=\"async\" src=\"https:\/\/www.futbolred.com\/files\/article_graphic\/uploads\/2023\/11\/01\/65425e8c28eba.jpeg\" \/><\/p>\n<div id=\"cuerpoArticulo\">\n<p class=\"texto intro\" id=\"pnull-m194-193-195\">Iv\u00e1n Ren\u00e9 Valenciano gener\u00f3 preocupaci\u00f3n en miles de seguidores en Colombia por su estado de salud. <\/p>\n<p class=\"texto contenido-parrafo-articulo\" id=\"pnull-m206-2-207\">El ex futbolista fue recluido en una cl\u00ednica en Weston, Florida,\u00a0a donde lleg\u00f3 con una descompensaci\u00f3n y la hemoglobina baja, lo que preocup\u00f3 a sus allegados.<\/p>\n<p>\u201cTiene un desbalance de hemoglobina, eso le caus\u00f3 un desmayo. Tuvo un baj\u00f3n fuerte. Est\u00e1n estudiando donde qued\u00f3 esa sangre que \u00e9l perdi\u00f3. Le est\u00e1n haciendo an\u00e1lisis y ex\u00e1menes para ver qu\u00e9 paso. Tambi\u00e9n le van a hacer una endoscopia. Ya ven\u00eda sintiendo leves molestias desde hace algunos d\u00edas\u201d, confirm\u00f3 su amigo Hans Guti\u00e9rrez.<\/p>\n<p class=\"texto contenido-parrafo-articulo\" id=\"pnull-m324-3-325\"><b>No tiene suficiente dinero para cubrir los gastos m\u00e9dicos<br \/><\/b><br \/>El &#8216;bombardero&#8217; se mostr\u00f3 en sus redes sociales en una camilla y coment\u00f3:\u00a0\u00abSin salud no somos nada\u00bb.<\/p>\n<p>Entre tanto, aunque felizmente el ex futbolista ha ido mejorando en su condici\u00f3n, surgi\u00f3 una nueva preocupaci\u00f3n. <\/p>\n<p>\u00abEl Bomber nos necesita! Lamentablemente Iv\u00e1n Valenciano no cuenta con un seguro m\u00e9dico en USA y las cuentas del hospital han crecido mucho por todos los ex\u00e1menes realizados\u00bb, dijo el periodista Fabio Poveda<\/p>\n<div id=\"pnull-m225-3-226\" class=\"\">\n<blockquote class=\"twitter-tweet\" data-media-max-width=\"560\">\n<p lang=\"es\" dir=\"ltr\">El Bomber nos necesita! Lamentablemente Iv\u00e1n Valenciano no cuenta con un seguro m\u00e9dico en USA y las cuentas del hospital han crecido mucho por todos los ex\u00e1menes realizados. Por eso tocamos las puertas de sus corazones. Cualquier aporte es una bendici\u00f3n. https:\/\/t.co\/mppXHl1C4Y<\/p>\n<p>&#8211; Fabio dir\u00e1 (@fabiatovatiraiz) <a href=\"https:\/\/twitter.com\/FabioPovedaRuiz\/status\/1945927657939402876?ref_src=twsrc%5Etfw\">17 de julio de 2025<\/a><\/p><\/blockquote><\/div>\n<p class=\"texto contenido-parrafo-articulo\" id=\"pnull-m236-4-237\">\u00abPor eso tocamos las puertas de sus corazones. Cualquier aporte es una bendici\u00f3n\u00bb, a\u00f1adi\u00f3.<\/p>\n<p>Valenciano est\u00e1 en Estados Unidos intentando formar a j\u00f3venes talentos en Florida, pero este contratiempo arruin\u00f3 sus finanzas.<\/p>\n<p>Seg\u00fan la informaci\u00f3n de sus allegados, las donaciones se pueden hacer en la plataforma Gofundme relacionada en la cuenta de X de Poveda. Est\u00e1 a cargo de Guti\u00e9rrez y la meta es recaudar 7.500 d\u00f3lares.<\/p>\n<\/p><\/div>\n<p><script async src=\"https:\/\/platform.twitter.com\/widgets.js\" charset=\"utf-8\"><\/script><br \/>\n<br \/>\n","protected":false},"excerpt":{"rendered":"<p>Iv\u00e1n Ren\u00e9 Valenciano gener\u00f3 preocupaci\u00f3n en miles de seguidores en Colombia por su estado de salud. El ex futbolista fue recluido en una cl\u00ednica en Weston, Florida,\u00a0a donde lleg\u00f3 con una descompensaci\u00f3n y la hemoglobina baja, lo que preocup\u00f3 a sus allegados. \u201cTiene un desbalance de hemoglobina, eso le caus\u00f3 un desmayo. Tuvo un baj\u00f3n &hellip;<\/p>\n","protected":false},"author":1,"featured_media":36444,"comment_status":"open","ping_status":"open","sticky":false,"template":"","format":"standard","meta":{"fifu_image_url":"https:\/\/www.futbolred.com\/files\/og_thumbnail\/uploads\/2023\/11\/01\/65425e8c28eba.jpeg","fifu_image_alt":"","footnotes":""},"categories":[6],"tags":[],"class_list":["post-36442","post","type-post","status-publish","format-standard","has-post-thumbnail","","category-deportes"],"_links":{"self":[{"href":"https:\/\/noticiasveraces.com\/index.php?rest_route=\/wp\/v2\/posts\/36442","targetHints":{"allow":["GET"]}}],"collection":[{"href":"https:\/\/noticiasveraces.com\/index.php?rest_route=\/wp\/v2\/posts"}],"about":[{"href":"https:\/\/noticiasveraces.com\/index.php?rest_route=\/wp\/v2\/types\/post"}],"author":[{"embeddable":true,"href":"https:\/\/noticiasveraces.com\/index.php?rest_route=\/wp\/v2\/users\/1"}],"replies":[{"embeddable":true,"href":"https:\/\/noticiasveraces.com\/index.php?rest_route=%2Fwp%2Fv2%2Fcomments&post=36442"}],"version-history":[{"count":0,"href":"https:\/\/noticiasveraces.com\/index.php?rest_route=\/wp\/v2\/posts\/36442\/revisions"}],"wp:featuredmedia":[{"embeddable":true,"href":"https:\/\/noticiasveraces.com\/index.php?rest_route=\/wp\/v2\/media\/36444"}],"wp:attachment":[{"href":"https:\/\/noticiasveraces.com\/index.php?rest_route=%2Fwp%2Fv2%2Fmedia&parent=36442"}],"wp:term":[{"taxonomy":"category","embeddable":true,"href":"https:\/\/noticiasveraces.com\/index.php?rest_route=%2Fwp%2Fv2%2Fcategories&post=36442"},{"taxonomy":"post_tag","embeddable":true,"href":"https:\/\/noticiasveraces.com\/index.php?rest_route=%2Fwp%2Fv2%2Ftags&post=36442"}],"curies":[{"name":"wp","href":"https:\/\/api.w.org\/{rel}","templated":true}]}}