{"id":36436,"date":"2025-07-17T23:16:02","date_gmt":"2025-07-18T03:16:02","guid":{"rendered":"https:\/\/noticiasveraces.com\/?p=36436"},"modified":"2025-07-17T23:16:02","modified_gmt":"2025-07-18T03:16:02","slug":"francia-deja-senegal-dw-17-07-2025","status":"publish","type":"post","link":"https:\/\/noticiasveraces.com\/?p=36436","title":{"rendered":"Francia deja Senegal \u2013 DW \u2013 17\/07\/2025"},"content":{"rendered":"<p> \n<\/p>\n<div>\n<p>Francia entreg\u00f3 este jueves (17.07.2025) su aer\u00f3dromo y sus \u00faltimas bases a las autoridades senegalesas, con lo que termina su presencia militar permanente en \u00c1frica Occidental y Central.<\/p>\n<p>La retirada, que pone fin a 65 a\u00f1os de presencia del ej\u00e9rcito franc\u00e9s en Senegal, se produce despu\u00e9s de otras similares en todo el continente, donde las antiguas colonias francesas le han venido dando la espalda a Par\u00eds.<\/p>\n<p>Alrededor de 350 soldados franceses, encargados principalmente de llevar a cabo operaciones conjuntas con el ej\u00e9rcito senegal\u00e9s, abandonaron el pa\u00eds tras un proceso de salida iniciado en marzo.<\/p>\n<p>La ceremonia de entrega se realiz\u00f3 este jueves en la capital Dakar. El jefe del Estado Mayor de las Fuerzas Armadas de Senegal, general Mbaye Ciss\u00e9, y el general Pascal Ianni, jefe del Mando del Ej\u00e9rcito franc\u00e9s en \u00c1frica, organizaron una entrega simb\u00f3lica de las llaves del Camp Geille, la mayor instalaci\u00f3n militar francesa en Senegal.<\/p>\n<figure class=\"placeholder-image master_landscape big\"><img data-format=\"MASTER_LANDSCAPE\" data-id=\"73313176\" data-url=\"https:\/\/static.dw.com\/image\/73313176_${formatId}.jpg\" data-aspect-ratio=\"16\/9\" alt=\"Un soldado senegal\u00e9s marcha junto al personal del ej\u00e9rcito franc\u00e9s antes de la ceremonia de retirada de Francia (17.07.2025)\" style=\"padding-bottom: 56.25%; height: 0; max-height: 0;\"\/><figcaption class=\"img-caption\">Un soldado senegal\u00e9s marcha junto al personal del ej\u00e9rcito franc\u00e9s antes de la ceremonia de retirada de Francia (17.07.2025)<small class=\"copyright\">Imagen: Patrick Meinhardt\/AFP\/Getty Images<\/small><\/figcaption><\/figure>\n<p>Para Ciss\u00e9, la ceremonia del jueves marca \u00abun importante punto de inflexi\u00f3n en la larga y rica historia militar\u00bb entre los dos pa\u00edses\u00bb. El ej\u00e9rcito senegal\u00e9s \u00abse compromete a trabajar por el establecimiento efectivo de una asociaci\u00f3n eficaz y equilibrada, basada en el respeto mutuo y la soberan\u00eda de cada parte\u00bb, afirm\u00f3.<\/p>\n<p>Tras su independencia en 1960, Senegal se convirti\u00f3 en uno de los aliados africanos m\u00e1s firmes de Francia, al acoger tropas francesas a lo largo de su historia.<\/p>\n<p>Pero cuando Bassirou Diomaye Faye lleg\u00f3 a la presidencia en 2024, exigi\u00f3 a Francia que retirara sus tropas para 2025, y en campa\u00f1a electoral asegur\u00f3 que tratar\u00eda a Francia como un socio m\u00e1s.<\/p>\n<p>RR AFP\/Reuters\/AP<\/p>\n<\/div>\n\n","protected":false},"excerpt":{"rendered":"<p>Francia entreg\u00f3 este jueves (17.07.2025) su aer\u00f3dromo y sus \u00faltimas bases a las autoridades senegalesas, con lo que termina su presencia militar permanente en \u00c1frica Occidental y Central. La retirada, que pone fin a 65 a\u00f1os de presencia del ej\u00e9rcito franc\u00e9s en Senegal, se produce despu\u00e9s de otras similares en todo el continente, donde las &hellip;<\/p>\n","protected":false},"author":1,"featured_media":36437,"comment_status":"open","ping_status":"open","sticky":false,"template":"","format":"standard","meta":{"fifu_image_url":"https:\/\/static.dw.com\/image\/73313150_6.jpg","fifu_image_alt":"","footnotes":""},"categories":[13],"tags":[],"class_list":["post-36436","post","type-post","status-publish","format-standard","has-post-thumbnail","","category-mundo"],"_links":{"self":[{"href":"https:\/\/noticiasveraces.com\/index.php?rest_route=\/wp\/v2\/posts\/36436","targetHints":{"allow":["GET"]}}],"collection":[{"href":"https:\/\/noticiasveraces.com\/index.php?rest_route=\/wp\/v2\/posts"}],"about":[{"href":"https:\/\/noticiasveraces.com\/index.php?rest_route=\/wp\/v2\/types\/post"}],"author":[{"embeddable":true,"href":"https:\/\/noticiasveraces.com\/index.php?rest_route=\/wp\/v2\/users\/1"}],"replies":[{"embeddable":true,"href":"https:\/\/noticiasveraces.com\/index.php?rest_route=%2Fwp%2Fv2%2Fcomments&post=36436"}],"version-history":[{"count":0,"href":"https:\/\/noticiasveraces.com\/index.php?rest_route=\/wp\/v2\/posts\/36436\/revisions"}],"wp:featuredmedia":[{"embeddable":true,"href":"https:\/\/noticiasveraces.com\/index.php?rest_route=\/wp\/v2\/media\/36437"}],"wp:attachment":[{"href":"https:\/\/noticiasveraces.com\/index.php?rest_route=%2Fwp%2Fv2%2Fmedia&parent=36436"}],"wp:term":[{"taxonomy":"category","embeddable":true,"href":"https:\/\/noticiasveraces.com\/index.php?rest_route=%2Fwp%2Fv2%2Fcategories&post=36436"},{"taxonomy":"post_tag","embeddable":true,"href":"https:\/\/noticiasveraces.com\/index.php?rest_route=%2Fwp%2Fv2%2Ftags&post=36436"}],"curies":[{"name":"wp","href":"https:\/\/api.w.org\/{rel}","templated":true}]}}