{"id":36422,"date":"2025-07-17T22:15:17","date_gmt":"2025-07-18T02:15:17","guid":{"rendered":"https:\/\/noticiasveraces.com\/?p=36422"},"modified":"2025-07-17T22:15:17","modified_gmt":"2025-07-18T02:15:17","slug":"cierre-de-al-jazeera-balkans-sacude-la-industria-mediatica-dw-17-07-2025","status":"publish","type":"post","link":"https:\/\/noticiasveraces.com\/?p=36422","title":{"rendered":"Cierre de Al Jazeera Balkans sacude la industria medi\u00e1tica \u2013 DW \u2013 17\/07\/2025"},"content":{"rendered":"<p> \n<\/p>\n<div>\n<p>La cadena de televisi\u00f3n regional Al Jazeera Balkans (AJB), con sede en Sarajevo, Bosnia, cerr\u00f3 sus puertas el s\u00e1bado 12 de julio de 2025. Hasta finales de julio, se emitir\u00e1 material pregrabado.<\/p>\n<p>El motivo del cierre es econ\u00f3mico, seg\u00fan los medios, y por decisi\u00f3n de la direcci\u00f3n de Al Jazeera en Doha, capital de Qatar. AJB emit\u00eda desde 2011 en serbocroata, croatoserbio o serbio\/croata\/bosnio en Bosnia y Herzegovina, Croacia, Kosovo, Montenegro y Serbia, y tambi\u00e9n en Kosovo, Macedonia del Norte y Eslovenia.<\/p>\n<p>Los medios de comunicaci\u00f3n de Bosnia tambi\u00e9n informaron de una serie de graves irregularidades internas. Los auditores de Doha identificaron \u00abtransacciones sospechosas\u00bb. Posteriormente, se propuso la sustituci\u00f3n de la direcci\u00f3n de AJB, pero esta rechaz\u00f3 la propuesta.<\/p>\n<p>El portal de investigaci\u00f3n bosnio istraga.ba escribi\u00f3, citando fuentes de Qatar: \u00abSi el gerente de AJB, Edhem Foco, y el director general, Tarik Djodjic, hubieran acordado dimitir de la c\u00fapula de AJB, no se habr\u00eda cerrado la empresa. (&#8230;) Pero tras el rechazo de la propuesta de Doha, los propietarios decidieron cerrar por completo su programa en los Balcanes\u00bb.<\/p>\n<h2>Desmentido y preguntas sin respuesta<\/h2>\n<p>Djodjic no respondi\u00f3 a una consulta de DW sobre los motivos del cierre de la cadena. Foco neg\u00f3 las acusaciones de istraga.ba en el popular sitio web bosnio klix.ba y afirm\u00f3 que AJB hab\u00eda recibido las \u00abmejores calificaciones\u201d de los auditores en Doha.<\/p>\n<p>Seg\u00fan Foco, Qatar tom\u00f3\u00a0la decisi\u00f3n de cerrar AJB a principios de julio, aunque \u00abtodos los a\u00f1os, al elaborar el presupuesto en mayo, se planteaba la cuesti\u00f3n de si AJB pod\u00eda mantenerse abierta. De alguna manera, siempre hemos logrado sobrevivir. Este a\u00f1o, la situaci\u00f3n es tal que ya no era una opci\u00f3n\u00bb.<\/p>\n<figure class=\"placeholder-image master_landscape big\"><img data-format=\"MASTER_LANDSCAPE\" data-id=\"73311669\" data-url=\"https:\/\/static.dw.com\/image\/73311669_${formatId}.jpg\" data-aspect-ratio=\"16\/9\" alt=\"Edhem Focus.\" style=\"padding-bottom: 56.25%; height: 0; max-height: 0;\"\/><figcaption class=\"img-caption\">Edhem Foco fue director general de Al Jazeera Balkans.<small class=\"copyright\">Imagen: Samir Jordamovic\/AA\/picture alliance<\/small><\/figcaption><\/figure>\n<h2>\u00abNunca hubo resultados positivos\u00bb<\/h2>\n<p>AJB recibi\u00f3 casi 20 millones de d\u00f3lares anuales de Doha, pero \u00abnunca obtuvo resultados positivos\u00bb, escribi\u00f3 el diario de Sarajevo <em>Dnevni avaz<\/em>. A pesar de las inversiones, las investigaciones apuntaron a una gesti\u00f3n poco transparente y posibles abusos, lo que finalmente condujo al cierre total del programa.<\/p>\n<p>El sitio web croata teleskop.hr inform\u00f3 que \u00abgrandes sumas de dinero\u00bb fluyeron de AJB a una empresa llamada Foto Art, que participaba en coproducciones de AJB. Teleskop.hr cuestion\u00f3 por qu\u00e9 se contrat\u00f3 a una empresa externa como Foto Art, si AJB contaba con la capacidad necesaria.<\/p>\n<h2>Cada vez menos medios de comunicaci\u00f3n internacionales<\/h2>\n<p>AJB cierra en un momento en que otros medios internacionales tambi\u00e9n se encuentran bajo presi\u00f3n. A mediados de marzo, Donald Trump firm\u00f3 una orden ejecutiva para cerrar los medios de comunicaci\u00f3n internacionales estadounidenses Voice of America (VOA) y Radio Free Europe\/Radio Liberty (RFE\/RL). Todos los empleados de VOA se encuentran en suspensi\u00f3n administrativa desde el 15 de marzo. Sin embargo, RFE\/RL ha continuado operando desde finales de marzo, gracias a una orden preliminar de un tribunal federal en Washington.<\/p>\n<p>La presidenta de la Federaci\u00f3n Europea de Periodistas, la periodista croata Maja Sever, advierte que el cierre de AJB supone una gran p\u00e9rdida para la ciudadan\u00eda y la democracia en la regi\u00f3n de los Balcanes Occidentales. \u00abEste no es s\u00f3lo otro ataque contra los periodistas y el periodismo, sino tambi\u00e9n contra la democracia. Por lo tanto, todos debemos preguntarnos: \u00bfQui\u00e9nes ser\u00e1n los pr\u00f3ximos en ser atacados por el populismo, la austeridad y la ignorancia?\u201d, afirm\u00f3 Sever.<\/p>\n<p>Tambi\u00e9n record\u00f3 el reciente despido de 26 empleados de la cadena de televisi\u00f3n N1, filial de CNN International para los Balcanes Occidentales. El motivo esgrimido fue una restructuraci\u00f3n. \u00abImag\u00ednense cu\u00e1ntos esc\u00e1ndalos, corrupci\u00f3n y robos habr\u00edan permanecido ocultos sin estos periodistas\u00bb, coment\u00f3 Sever sobre los despidos.<\/p>\n<p><span data-slot-id=\"Article_InContent-1\" class=\"rich-text-ad\"\/><\/p>\n<h2>Sin control actores pol\u00edticos<\/h2>\n<p>Lejla Turcilo, profesora del Instituto de Comunicaci\u00f3n\/Periodismo de la Facultad de Ciencias Pol\u00edticas de la Universidad de Sarajevo, cree que \u00abpara la industria medi\u00e1tica local, esto supone una reducci\u00f3n significativa del pluralismo y la diversidad de fuentes y perspectivas que ten\u00edan los ciudadanos para comprender los acontecimientos locales y globales\u00bb.<\/p>\n<p>Alrededor de 200 empleados de AJB perdieron sus empleos. \u00abEs dif\u00edcil imaginar que el mercado medi\u00e1tico regional pueda absorber a tantos profesionales. Esto afecta no solo a los periodistas, sino tambi\u00e9n a sus familias, y tambi\u00e9n tiene un impacto en la sociedad\u00bb, declar\u00f3 la investigadora de medios a DW. Advierte que el cierre de medios influyentes como Voice of America y Al Jazeera Balkans tambi\u00e9n reducir\u00e1 el control social sobre actores pol\u00edticos, \u00absobre todo, las instituciones pol\u00edticas\u00bb.<\/p>\n<p>Boro Kontic, director de la ONG Media Center Sarajevo, declar\u00f3 a DW que tanto Al Jazeera Balkans como VOA \u00abson medios de comunicaci\u00f3n que constituyeron la columna vertebral de la profesionalidad y la independencia editorial\u00bb.<\/p>\n<p>(RMR\/EL)<\/p>\n<\/p>\n<\/div>\n\n","protected":false},"excerpt":{"rendered":"<p>La cadena de televisi\u00f3n regional Al Jazeera Balkans (AJB), con sede en Sarajevo, Bosnia, cerr\u00f3 sus puertas el s\u00e1bado 12 de julio de 2025. Hasta finales de julio, se emitir\u00e1 material pregrabado. El motivo del cierre es econ\u00f3mico, seg\u00fan los medios, y por decisi\u00f3n de la direcci\u00f3n de Al Jazeera en Doha, capital de Qatar. &hellip;<\/p>\n","protected":false},"author":1,"featured_media":36423,"comment_status":"open","ping_status":"open","sticky":false,"template":"","format":"standard","meta":{"fifu_image_url":"https:\/\/static.dw.com\/image\/73311847_6.jpg","fifu_image_alt":"","footnotes":""},"categories":[13],"tags":[],"class_list":["post-36422","post","type-post","status-publish","format-standard","has-post-thumbnail","","category-mundo"],"_links":{"self":[{"href":"https:\/\/noticiasveraces.com\/index.php?rest_route=\/wp\/v2\/posts\/36422","targetHints":{"allow":["GET"]}}],"collection":[{"href":"https:\/\/noticiasveraces.com\/index.php?rest_route=\/wp\/v2\/posts"}],"about":[{"href":"https:\/\/noticiasveraces.com\/index.php?rest_route=\/wp\/v2\/types\/post"}],"author":[{"embeddable":true,"href":"https:\/\/noticiasveraces.com\/index.php?rest_route=\/wp\/v2\/users\/1"}],"replies":[{"embeddable":true,"href":"https:\/\/noticiasveraces.com\/index.php?rest_route=%2Fwp%2Fv2%2Fcomments&post=36422"}],"version-history":[{"count":0,"href":"https:\/\/noticiasveraces.com\/index.php?rest_route=\/wp\/v2\/posts\/36422\/revisions"}],"wp:featuredmedia":[{"embeddable":true,"href":"https:\/\/noticiasveraces.com\/index.php?rest_route=\/wp\/v2\/media\/36423"}],"wp:attachment":[{"href":"https:\/\/noticiasveraces.com\/index.php?rest_route=%2Fwp%2Fv2%2Fmedia&parent=36422"}],"wp:term":[{"taxonomy":"category","embeddable":true,"href":"https:\/\/noticiasveraces.com\/index.php?rest_route=%2Fwp%2Fv2%2Fcategories&post=36422"},{"taxonomy":"post_tag","embeddable":true,"href":"https:\/\/noticiasveraces.com\/index.php?rest_route=%2Fwp%2Fv2%2Ftags&post=36422"}],"curies":[{"name":"wp","href":"https:\/\/api.w.org\/{rel}","templated":true}]}}