{"id":36420,"date":"2025-07-17T21:13:45","date_gmt":"2025-07-18T01:13:45","guid":{"rendered":"https:\/\/noticiasveraces.com\/?p=36420"},"modified":"2025-07-17T21:13:45","modified_gmt":"2025-07-18T01:13:45","slug":"netanyahu-reconoce-error-en-ataque-a-iglesia-de-gaza-dw-18-07-2025","status":"publish","type":"post","link":"https:\/\/noticiasveraces.com\/?p=36420","title":{"rendered":"Netanyahu reconoce \u00aberror\u00bb en ataque a iglesia de Gaza \u2013 DW \u2013 18\/07\/2025"},"content":{"rendered":"<p> \n<\/p>\n<div>\n<p>El primer ministro israel\u00ed, Benjamin Netanyahu, dijo este jueves (17.08.2025) al presidente estadounidense, Donald Trump, que el ataque a la \u00fanica iglesia cat\u00f3lica de Gaza ha sido \u00abun error\u00bb, inform\u00f3 la Casa Blanca.<\/p>\n<p>Trump llam\u00f3 a Netanyahu al enterarse del ataque, explic\u00f3 a periodistas su portavoz Karoline Leavitt. \u00abFue un error de los israel\u00edes atacar esa iglesia cat\u00f3lica, eso fue lo que el primer ministro le comunic\u00f3 al presidente\u00bb, declar\u00f3.<\/p>\n<p>\u00abIsrael lamenta profundamente que un disparo fortuito alcanzara la iglesia de la Sagrada Familia en Gaza. Cada vida inocente perdida es una tragedia. Compartimos el dolor de las familias y de los fieles\u00bb, dijo luego un comunicado de la oficina del primer ministro israel\u00ed.<\/p>\n<p>Poco despu\u00e9s del bombardeo, en otro comunicado el Ej\u00e9rcito israel\u00ed dijo que \u00ablamenta los da\u00f1os causados\u00bb a la iglesia y las v\u00edctimas.<\/p>\n<p>El ataque caus\u00f3 cuatro muertos, seg\u00fan inform\u00f3 el Ministerio de Sanidad gazat\u00ed, si bien el Patriarcado Latino de Jerusal\u00e9n (la m\u00e1xima representaci\u00f3n cat\u00f3lica en Tierra Santa) redujo la cifra a dos.<\/p>\n<p>Entre los heridos se encuentra su p\u00e1rroco, el argentino Gabriel Romanelli, al que el papa Francisco telefoneaba todos los d\u00edas desde que comenz\u00f3 la invasi\u00f3n israel\u00ed contra la Franja y hasta poco antes de su fallecimiento, el pasado abril.<\/p>\n<p><span data-slot-id=\"Article_InContent-1\" class=\"rich-text-ad\"\/><\/p>\n<h2>M\u00e1s condenas al ataque<\/h2>\n<p>El bombardeo ha sido ampliamente condenado alrededor del mundo. El papa Le\u00f3n XIV dijo haber recibido \u00abcon profunda tristeza la noticia de la p\u00e9rdida de vidas humanas y de los heridos causados por el ataque militar a la iglesia cat\u00f3lica de la Sagrada Familia en Gaza\u00bb.<\/p>\n<p>El presidente franc\u00e9s, Emmanuel Macron, conden\u00f3 \u00abfirmemente\u00bb el ataque israel\u00ed y calific\u00f3 de \u00abinfierno\u00bb la situaci\u00f3n que vive la poblaci\u00f3n de la Franja.<\/p>\n<p>Macron habl\u00f3 por tel\u00e9fono con el patriarca latino de Jerusal\u00e9n, el cardenal Pizzaballa, tras ese ataque, \u00abque condeno firmemente\u00bb, seg\u00fan dijo tras la conversaci\u00f3n en un mensaje en X.<\/p>\n<p>\u00abNuestros pensamientos est\u00e1n con las v\u00edctimas, sus familias y todos los cristianos que, al igual que todos los civiles palestinos en Gaza y los rehenes, viven un infierno\u00bb, manifest\u00f3 Macron, que tambi\u00e9n denunci\u00f3 que \u00abcada d\u00eda, decenas de palestinos mueren en Gaza: la continuaci\u00f3n de esta guerra es injustificable, el alto el fuego debe acordarse ya\u00bb.<\/p>\n<p>\u00abLos ataques a los lugares de culto son inaceptables\u00bb, enfatiz\u00f3 por su parte el secretario general de la UNO Antonio Guterres, que record\u00f3 que ese templo serv\u00eda adem\u00e1s como lugar de refugio a civiles desplazados por la guerra en Gaza.\u00a0\u00abLas personas que buscan refugio deben ser respetadas y protegidas, y no bombardeadas. Ya se han perdido demasiadas vidas\u00bb, razon\u00f3.<\/p>\n<p>El Gobierno de Espa\u00f1a tambi\u00e9n\u00a0conden\u00f3 el bombardeo a la iglesia de la Sagrada Familia en Ciudad de Gaza.\u00a0\u00abExigimos el respeto de los lugares especialmente protegidos por el derecho internacional humanitario, e instamos al cese inmediato de las hostilidades y de los ataques indiscriminados a la poblaci\u00f3n civil\u00bb, refiere el Ministerio espa\u00f1ol de Asuntos Exteriores, Uni\u00f3n Europea y Cooperaci\u00f3n en un comunicado. <\/p>\n<p>Por su parte, el Patriarcado Latino dijo que \u00abatacar un lugar sagrado que alberga a unas 600 personas desplazadas, en su mayor\u00eda ni\u00f1os, es una violaci\u00f3n flagrante de la dignidad humana (&#8230;) y del car\u00e1cter sagrado de los lugares religiosos, que han de proporcionar un refugio seguro en tiempos de guerra\u00bb.<\/p>\n<p>JC (EFE, AFP)<\/p>\n<\/p>\n<\/div>\n\n","protected":false},"excerpt":{"rendered":"<p>El primer ministro israel\u00ed, Benjamin Netanyahu, dijo este jueves (17.08.2025) al presidente estadounidense, Donald Trump, que el ataque a la \u00fanica iglesia cat\u00f3lica de Gaza ha sido \u00abun error\u00bb, inform\u00f3 la Casa Blanca. Trump llam\u00f3 a Netanyahu al enterarse del ataque, explic\u00f3 a periodistas su portavoz Karoline Leavitt. \u00abFue un error de los israel\u00edes atacar &hellip;<\/p>\n","protected":false},"author":1,"featured_media":36421,"comment_status":"open","ping_status":"open","sticky":false,"template":"","format":"standard","meta":{"fifu_image_url":"https:\/\/static.dw.com\/image\/73314523_6.jpg","fifu_image_alt":"","footnotes":""},"categories":[13],"tags":[],"class_list":["post-36420","post","type-post","status-publish","format-standard","has-post-thumbnail","","category-mundo"],"_links":{"self":[{"href":"https:\/\/noticiasveraces.com\/index.php?rest_route=\/wp\/v2\/posts\/36420","targetHints":{"allow":["GET"]}}],"collection":[{"href":"https:\/\/noticiasveraces.com\/index.php?rest_route=\/wp\/v2\/posts"}],"about":[{"href":"https:\/\/noticiasveraces.com\/index.php?rest_route=\/wp\/v2\/types\/post"}],"author":[{"embeddable":true,"href":"https:\/\/noticiasveraces.com\/index.php?rest_route=\/wp\/v2\/users\/1"}],"replies":[{"embeddable":true,"href":"https:\/\/noticiasveraces.com\/index.php?rest_route=%2Fwp%2Fv2%2Fcomments&post=36420"}],"version-history":[{"count":0,"href":"https:\/\/noticiasveraces.com\/index.php?rest_route=\/wp\/v2\/posts\/36420\/revisions"}],"wp:featuredmedia":[{"embeddable":true,"href":"https:\/\/noticiasveraces.com\/index.php?rest_route=\/wp\/v2\/media\/36421"}],"wp:attachment":[{"href":"https:\/\/noticiasveraces.com\/index.php?rest_route=%2Fwp%2Fv2%2Fmedia&parent=36420"}],"wp:term":[{"taxonomy":"category","embeddable":true,"href":"https:\/\/noticiasveraces.com\/index.php?rest_route=%2Fwp%2Fv2%2Fcategories&post=36420"},{"taxonomy":"post_tag","embeddable":true,"href":"https:\/\/noticiasveraces.com\/index.php?rest_route=%2Fwp%2Fv2%2Ftags&post=36420"}],"curies":[{"name":"wp","href":"https:\/\/api.w.org\/{rel}","templated":true}]}}