{"id":36416,"date":"2025-07-17T20:13:03","date_gmt":"2025-07-18T00:13:03","guid":{"rendered":"https:\/\/noticiasveraces.com\/?p=36416"},"modified":"2025-07-17T20:13:03","modified_gmt":"2025-07-18T00:13:03","slug":"trump-diagnosticado-con-insuficiencia-venosa-cronica-dw-18-07-2025","status":"publish","type":"post","link":"https:\/\/noticiasveraces.com\/?p=36416","title":{"rendered":"Trump diagnosticado con insuficiencia venosa cr\u00f3nica \u2013 DW \u2013 18\/07\/2025"},"content":{"rendered":"<p> \n<\/p>\n<div>\n<p>La Casa Blanca inform\u00f3 este jueves (17.07.2025) que el presidente estadounidense, Donald Trump, padece insuficiencia venosa cr\u00f3nica, una afecci\u00f3n com\u00fan en personas de la tercera edad, y concluy\u00f3 que goza de \u00abexcelente salud\u00bb.<\/p>\n<p>El mandatario, de 79 a\u00f1os, fue sometido a pruebas m\u00e9dicas por \u00abprecauci\u00f3n\u00bb tras mostrar moretones en una mano y una leve inflamaci\u00f3n en las piernas en las \u00faltimas semanas, molestias calificadas de menores.<\/p>\n<p>El informe m\u00e9dico difundido por el doctor presidencial, Sean P. Barbabella, enmarc\u00f3 dicho chequeo en los cuidados m\u00e9dicos rutinarios a los que se somete al l\u00edder republicano y subray\u00f3 que este fue evaluado \u00abexhaustivamente por exceso de precauci\u00f3n\u00bb.<\/p>\n<p>Seg\u00fan el m\u00e9dico presidencial, Trump padece una afecci\u00f3n en la que las venas da\u00f1adas de las piernas no mantienen un flujo sangu\u00edneo adecuado.<\/p>\n<p>La portavoz presidencial, Karoline Leavitt, calific\u00f3 a su vez de \u00abespeculaciones\u00bb los informes sobre los \u00abhematomas y la hinchaz\u00f3n en las piernas\u00bb de Trump.<\/p>\n<h2>El m\u00e1s anciano en asumir la presidencia de EE.UU.<\/h2>\n<p>Trump se convirti\u00f3 en la persona m\u00e1s anciana en asumir la presidencia de Estados Unidos al comienzo de su segundo mandato en enero, en sustituci\u00f3n del dem\u00f3crata Joe Biden, quien termin\u00f3 su mandato a los 81 a\u00f1os.<\/p>\n<p>El republicano de 79 a\u00f1os suele presumir de tener mucha energ\u00eda.<\/p>\n<p>\u00abEl presidente se mantiene en excelente estado de salud, algo que creo que todos ustedes presencian a diario\u00bb, dijo Leavitt en una rueda de prensa.<\/p>\n<p>Trump fue sometido \u00aba un examen completo, que incluy\u00f3 estudios vasculares de diagn\u00f3stico y ecograf\u00edas Doppler venosas bilaterales de las extremidades inferiores, que revelaron insuficiencia venosa cr\u00f3nica AB 9, una afecci\u00f3n com\u00fan, especialmente en personas mayores de 70 a\u00f1os\u00bb, indic\u00f3 Leavitt.<\/p>\n<p>La portavoz presidencial agreg\u00f3 que no se observaron \u00abindicios de trombosis venosa profunda ni enfermedad arterial\u00bb, como tampoco se\u00f1ales de \u00abinsuficiencia card\u00edaca, insuficiencia renal ni enfermedad sist\u00e9mica\u00bb tras otras pruebas de laboratorio.<\/p>\n<p><span data-slot-id=\"Article_InContent-1\" class=\"rich-text-ad\"\/><\/p>\n<h2>Un \u00abligero\u00bb moret\u00f3n en el dorso de la mano<\/h2>\n<p>Leavitt reconoci\u00f3 que Trump s\u00ed presentaba \u00abun ligero hematoma en el dorso de la mano\u00bb como muestran las fotos publicadas en la prensa, lo cual, seg\u00fan la portavoz, \u00abconcuerda con una leve irritaci\u00f3n de los tejidos blandos\u00bb debido a los \u00abfrecuentes apretones de mano\u00bb y \u00abel uso de aspirina\u00bb que toma como parte de un r\u00e9gimen preventivo cardiovascular.<\/p>\n<p>El informe m\u00e9dico precis\u00f3 que se trata de un efecto secundario benigno y conocido debido a la toma de aspirinas.<\/p>\n<p>\u00abEl presidente no presenta ninguna molestia. Y probablemente todos ustedes lo ven d\u00eda a d\u00eda, ya que trabaja sin descanso\u00bb, zanj\u00f3 la secretaria de Prensa, quien insisti\u00f3 en la \u00abtransparencia\u00bb de la Administraci\u00f3n al compartir esta informaci\u00f3n.<\/p>\n<p>Estas declaraciones tienen lugar tras una pol\u00e9mica surgida a la luz del diagn\u00f3stico de c\u00e1ncer del expresidente Joe Biden (2021-2025), de 82 a\u00f1os, y las cr\u00edticas de los republicanos al anterior Gobierno dem\u00f3crata, al que acusan de esconder su verdadero estado de salud cuando estaba en la Casa Blanca.<\/p>\n<p>JC (EFE, AFP, AP)<\/p>\n<\/p>\n<\/div>\n\n","protected":false},"excerpt":{"rendered":"<p>La Casa Blanca inform\u00f3 este jueves (17.07.2025) que el presidente estadounidense, Donald Trump, padece insuficiencia venosa cr\u00f3nica, una afecci\u00f3n com\u00fan en personas de la tercera edad, y concluy\u00f3 que goza de \u00abexcelente salud\u00bb. El mandatario, de 79 a\u00f1os, fue sometido a pruebas m\u00e9dicas por \u00abprecauci\u00f3n\u00bb tras mostrar moretones en una mano y una leve inflamaci\u00f3n &hellip;<\/p>\n","protected":false},"author":1,"featured_media":36417,"comment_status":"open","ping_status":"open","sticky":false,"template":"","format":"standard","meta":{"fifu_image_url":"https:\/\/static.dw.com\/image\/73279179_6.jpg","fifu_image_alt":"","footnotes":""},"categories":[13],"tags":[],"class_list":["post-36416","post","type-post","status-publish","format-standard","has-post-thumbnail","","category-mundo"],"_links":{"self":[{"href":"https:\/\/noticiasveraces.com\/index.php?rest_route=\/wp\/v2\/posts\/36416","targetHints":{"allow":["GET"]}}],"collection":[{"href":"https:\/\/noticiasveraces.com\/index.php?rest_route=\/wp\/v2\/posts"}],"about":[{"href":"https:\/\/noticiasveraces.com\/index.php?rest_route=\/wp\/v2\/types\/post"}],"author":[{"embeddable":true,"href":"https:\/\/noticiasveraces.com\/index.php?rest_route=\/wp\/v2\/users\/1"}],"replies":[{"embeddable":true,"href":"https:\/\/noticiasveraces.com\/index.php?rest_route=%2Fwp%2Fv2%2Fcomments&post=36416"}],"version-history":[{"count":0,"href":"https:\/\/noticiasveraces.com\/index.php?rest_route=\/wp\/v2\/posts\/36416\/revisions"}],"wp:featuredmedia":[{"embeddable":true,"href":"https:\/\/noticiasveraces.com\/index.php?rest_route=\/wp\/v2\/media\/36417"}],"wp:attachment":[{"href":"https:\/\/noticiasveraces.com\/index.php?rest_route=%2Fwp%2Fv2%2Fmedia&parent=36416"}],"wp:term":[{"taxonomy":"category","embeddable":true,"href":"https:\/\/noticiasveraces.com\/index.php?rest_route=%2Fwp%2Fv2%2Fcategories&post=36416"},{"taxonomy":"post_tag","embeddable":true,"href":"https:\/\/noticiasveraces.com\/index.php?rest_route=%2Fwp%2Fv2%2Ftags&post=36416"}],"curies":[{"name":"wp","href":"https:\/\/api.w.org\/{rel}","templated":true}]}}