{"id":36413,"date":"2025-07-17T20:09:09","date_gmt":"2025-07-18T00:09:09","guid":{"rendered":"https:\/\/noticiasveraces.com\/?p=36413"},"modified":"2025-07-17T20:09:09","modified_gmt":"2025-07-18T00:09:09","slug":"los-jesuitas-imputados-por-encubrir-abusos-en-bolivia-afirman-que-conocieron-el-caso-por-el-pais-sociedad","status":"publish","type":"post","link":"https:\/\/noticiasveraces.com\/?p=36413","title":{"rendered":"Los jesuitas imputados por encubrir abusos en Bolivia afirman que conocieron el caso por EL PA\u00cdS | Sociedad"},"content":{"rendered":"<p> \n<br \/><img decoding=\"async\" src=\"https:\/\/imagenes.elpais.com\/resizer\/v2\/ZUDSFSILGBIAJDHXQGGPZIQO2Q.jpg?auth=3b8e2cb21cb3fd99779307cc47aca8ea49a1f7957e07a152c948a77bc4593e2a\" \/><\/p>\n<div data-dtm-region=\"articulo_cuerpo\">\n<p class=\"\"><i>EL PA\u00cdS puso en marcha en 2018 una investigaci\u00f3n de la pederastia en la Iglesia espa\u00f1ola y tiene <\/i><i>una base de datos<\/i><i>  actualizada con todos los casos conocidos. Si conoce alg\u00fan caso que no haya visto la luz, nos puede escribir a: <\/i><i>abusos@elpais.es<\/i><i>. Si es un caso en Am\u00e9rica Latina, la direcci\u00f3n es: <\/i><i>abusasamerica@elpais.es<\/i><i>.<\/i><\/p>\n<p class=\"\">\u2500omo<\/p>\n<p class=\"\">Era la primera vez que Bolivia ve\u00eda la imagen de dos ex altos cargos de la Compa\u00f1\u00eda de Jes\u00fas pisaban un juzgado para sentarse en el banquillo acusados de encubrir un caso de pederastia. Los espa\u00f1oles Marcos Recolons, de 81 a\u00f1os y con una mascarilla, y Ram\u00f3n Alaix, de 83 y en silla de ruedas, atravesaron este mi\u00e9rcoles a las 8.30 (hora boliviana) el Juzgado de Sentencia Penal Anticorrupci\u00f3n y contra la Violencia hacia las Mujeres N\u00famero 4 de Cochabamba. Dentro les esperaba un grupo de v\u00edctimas del sacerdote espa\u00f1ol Alfonso Pedrajas, fallecido en 2009, al que le acusan de proteger cuando tuvieron conocimiento de sus cr\u00edmenes. \u201cSoy inocente de los hechos de los que se me acusa\u201d, ha declarado Recolons, seg\u00fan han se\u00f1alado fuentes judiciales presentes en la audiencia, que se celebr\u00f3 a puerta cerrada. Alaix tambi\u00e9n ha negado que encubriera los casos de abusos de Pedrajas y ambos han restado credibilidad al diario y han subrayado que conocieron el caso cuando EL PA\u00cdS lo public\u00f3 en abril de 2023. \u201cNo nos consta que este diario fuera escrito por Pedrajas. No tenemos garant\u00edas\u201d, ha dicho Alaix, seg\u00fan han indicado las mismas fuentes de los tribunales bolivianos. Los dos responsables han indicado, adem\u00e1s, que en los escritos del pederasta espa\u00f1ol no hay constancia de que este les comunicara ning\u00fan delito.<\/p>\n<p class=\"\">El diario de Alfonso Pedrajas estuvo oculto hasta abril de 2023, cuando sali\u00f3 a la luz en EL PA\u00cdS. En \u00e9l, admiti\u00f3 que abus\u00f3 de al menos 85 menores entre 1972 y comienzos de los a\u00f1os 2000 en varios colegios de la orden, con el amparo de sus superiores. Tras la publicaci\u00f3n, la Fiscal\u00eda boliviana reaccion\u00f3 y abri\u00f3 una investigaci\u00f3n: entr\u00f3 en la sede de los jesuitas para recabar documentos, recibi\u00f3 denuncias de v\u00edctimas y tom\u00f3 declaraci\u00f3n a los responsables de la orden. El pasado marzo acab\u00f3 imputando a estos dos jesuitas por encubrimiento.<\/p>\n<p class=\"\">Las declaraciones de estos dos antiguos provinciales de la orden chocan con el contenido del diario personal de Pedrajas, de m\u00e1s de 383 p\u00e1ginas y al que bautiz\u00f3 como <i>Historia<\/i>. En \u00e9l, describe su \u201cproblema\u201d y plasma el esquema que sigui\u00f3 para revel\u00e1rselo a Recolons. En ese boceto aparecen las palabras clave para citar los abusos: \u201cRepresi\u00f3n religiosa\u201d, \u201cF. sin consentimiento\u201d, \u201cno ve\u00eda consecuencias de todo aquello\u201d, \u201ccasos aislados\u201d, \u201cgran interrogante: \u00bfpecado?\u201d.<\/p>\n<p class=\"\">En el caso de Alaix, Pedrajas lo cita varias veces en los a\u00f1os 2000 y describe como este tapa al menos dos denuncias y le pide que lo traslade a Valencia para huir de todo aquello. A\u00f1os despu\u00e9s, en 2008, el pederasta espa\u00f1ol escribe que su superior cancela un homenaje por las acusaciones sobre abusos que hay contra \u00e9l. \u201cOtra reuni\u00f3n-homenaje que estaba planificada en La Paz anteriormente la suspendimos a \u00faltima hora. Alguien hab\u00eda insistido en la vieja denuncia a Ram\u00f3n [Alaix, su provincial]. Ram\u00f3n se asust\u00f3. Incluso habl\u00f3 de enviarme a Espa\u00f1a. Lo fren\u00e9 como pude y hasta ahora no me ha dicho nada de lo que se comprometi\u00f3: hablar con el interesado de nuevo y pedirle perd\u00f3n.<\/p>\n<p class=\"\">Los dos imputados ocuparon el puesto de provincial (m\u00e1ximo cargo de la Compa\u00f1\u00eda de Jes\u00fas dentro de un pa\u00eds y cuyo mandato suele alargarse varios a\u00f1os) durante los periodos en los que m\u00e1s denuncias contra Pedrajas llegaron a la orden. Recolons desde 1993 hasta 1999, y Alaix entre 1999 y 2007. El primero, adem\u00e1s, lleg\u00f3 a ser el <i>n\u00famero dos<\/i> de la orden en Roma, en la curia general, entre 2004 y 2012. Como aparece en el diario y as\u00ed lo atestiguan v\u00edctimas y testigos, los jesuitas espa\u00f1oles conocieron los delitos de boca de Pedrajas y de varias de sus v\u00edctimas, pero no lo denunciaron ante las autoridades civiles. En algunos casos, se revela c\u00f3mo taparon denuncias y silenciaron a los afectados. As\u00ed concluye el ministerio p\u00fablico boliviano: \u201cTen\u00edan la obligaci\u00f3n de controlar el funcionamiento de cada una de las obras jesuitas, m\u00e1s a\u00fan en la que ten\u00edan bajo su cuidado y protecci\u00f3n a ni\u00f1os y adolescentes en evidente estado de vulnerabilidad\u201d.<\/p>\n<p class=\"\">Adem\u00e1s del diario, que est\u00e1 en poder de los tribunales bolivianos, el escrito de acusaci\u00f3n, de 855 p\u00e1ginas y al que ha tenido acceso EL PA\u00cdS, incorpora m\u00faltiples pruebas contra los acusados. Destacan las denuncias de 18 v\u00edctimas y sus respectivos informes psicol\u00f3gicos, que apoyan la veracidad de los hechos narrados. Su lectura es demoledora. \u201cSent\u00ed que me estaban manoseando y empiezo a sentir mis labios mojados. Era el Pica [mote con el que se conoc\u00eda a Pedrajas] que estaba bes\u00e1ndome. Me despert\u00e9 y le empuj\u00e9. \u00c9l me dijo: \u2018Pero \u00bfqu\u00e9 pasa? Solamente estamos jugando. Yo te amo\u2019. Yo no entend\u00eda nada\u00bb, es uno de los testimonios recopilados. La mayor\u00eda de estas v\u00edctimas, seg\u00fan determinan sus dosieres psicol\u00f3gicos, padecen graves secuelas y requieren asistencia profesional.<\/p>\n<p class=\"\">El documento tambi\u00e9n enumera otras 21 evidencias materiales (como CDs y sobres con documentos internos de la orden) y 52 pruebas testificales (v\u00edctimas, denunciantes, investigadores e investigados). La fiscal\u00eda da veracidad a las acusaciones de encubrimiento: \u201cSe ha evidenciado que algunas v\u00edctimas de las agresiones sufridas lograron comunicar a los provinciales sobre la conducta desplegada por Alfonso Pedrajas quienes, no obstante, de tener la obligaci\u00f3n de indagar al respecto, ya que se trataba de v\u00edctimas menores de edad, no adoptaron ning\u00fan tipo de acci\u00f3n de protecci\u00f3n\u201d.<\/p>\n<\/div>\n\n","protected":false},"excerpt":{"rendered":"<p>EL PA\u00cdS puso en marcha en 2018 una investigaci\u00f3n de la pederastia en la Iglesia espa\u00f1ola y tiene una base de datos actualizada con todos los casos conocidos. Si conoce alg\u00fan caso que no haya visto la luz, nos puede escribir a: abusos@elpais.es. Si es un caso en Am\u00e9rica Latina, la direcci\u00f3n es: abusasamerica@elpais.es. \u2500omo &hellip;<\/p>\n","protected":false},"author":1,"featured_media":36415,"comment_status":"open","ping_status":"open","sticky":false,"template":"","format":"standard","meta":{"fifu_image_url":"https:\/\/imagenes.elpais.com\/resizer\/v2\/ZUDSFSILGBIAJDHXQGGPZIQO2Q.jpg?auth=3b8e2cb21cb3fd99779307cc47aca8ea49a1f7957e07a152c948a77bc4593e2a&width=1200","fifu_image_alt":"","footnotes":""},"categories":[11],"tags":[],"class_list":["post-36413","post","type-post","status-publish","format-standard","has-post-thumbnail","","category-viaje"],"_links":{"self":[{"href":"https:\/\/noticiasveraces.com\/index.php?rest_route=\/wp\/v2\/posts\/36413","targetHints":{"allow":["GET"]}}],"collection":[{"href":"https:\/\/noticiasveraces.com\/index.php?rest_route=\/wp\/v2\/posts"}],"about":[{"href":"https:\/\/noticiasveraces.com\/index.php?rest_route=\/wp\/v2\/types\/post"}],"author":[{"embeddable":true,"href":"https:\/\/noticiasveraces.com\/index.php?rest_route=\/wp\/v2\/users\/1"}],"replies":[{"embeddable":true,"href":"https:\/\/noticiasveraces.com\/index.php?rest_route=%2Fwp%2Fv2%2Fcomments&post=36413"}],"version-history":[{"count":0,"href":"https:\/\/noticiasveraces.com\/index.php?rest_route=\/wp\/v2\/posts\/36413\/revisions"}],"wp:featuredmedia":[{"embeddable":true,"href":"https:\/\/noticiasveraces.com\/index.php?rest_route=\/wp\/v2\/media\/36415"}],"wp:attachment":[{"href":"https:\/\/noticiasveraces.com\/index.php?rest_route=%2Fwp%2Fv2%2Fmedia&parent=36413"}],"wp:term":[{"taxonomy":"category","embeddable":true,"href":"https:\/\/noticiasveraces.com\/index.php?rest_route=%2Fwp%2Fv2%2Fcategories&post=36413"},{"taxonomy":"post_tag","embeddable":true,"href":"https:\/\/noticiasveraces.com\/index.php?rest_route=%2Fwp%2Fv2%2Ftags&post=36413"}],"curies":[{"name":"wp","href":"https:\/\/api.w.org\/{rel}","templated":true}]}}