{"id":36398,"date":"2025-07-17T16:07:05","date_gmt":"2025-07-17T20:07:05","guid":{"rendered":"https:\/\/noticiasveraces.com\/?p=36398"},"modified":"2025-07-17T16:07:05","modified_gmt":"2025-07-17T20:07:05","slug":"muere-el-campeon-de-salto-extremo-felix-baumgartner-dw-17-07-2025","status":"publish","type":"post","link":"https:\/\/noticiasveraces.com\/?p=36398","title":{"rendered":"Muere el campe\u00f3n de salto extremo Felix Baumgartner \u2013 DW \u2013 17\/07\/2025"},"content":{"rendered":"<p> \n<\/p>\n<div>\n<p>El campe\u00f3n austr\u00edaco de salto extremo y paraca\u00eddista Felix Baumgartner, de 56 a\u00f1os, falleci\u00f3 este jueves (17.07.2025) en Italia, reportaron agencias internacionales de noticias.<\/p>\n<p>Los carabineros identificaron al campe\u00f3n en Sant&#8217;Elpidio, localidad de Marcas, indicaron los bomberos, aunque no proporcionaron detalles sobre las circunstancias de su muerte.<\/p>\n<figure class=\"placeholder-image master_landscape big\"><img data-format=\"MASTER_LANDSCAPE\" data-id=\"73317343\" data-url=\"https:\/\/static.dw.com\/image\/73317343_${formatId}.jpg\" data-aspect-ratio=\"16\/9\" alt=\"    \" style=\"padding-bottom: 56.25%; height: 0; max-height: 0;\"\/><figcaption class=\"img-caption\"><small class=\"copyright\">Imagen: Pintado Osowski\/Sven Simon\/Imelo<\/small><\/figcaption><\/figure>\n<p>Seg\u00fan el diario italiano <em>El corriere della suero<\/em>Baumgartner perdi\u00f3 el control de su parapente, lo que provoc\u00f3 que se desplomara y cayera en la piscina de una casa de vacaciones en Porto Sant&#8217;Elpidio, hiriendo levemente a una joven.<\/p>\n<p>El medio precis\u00f3 que el atleta muri\u00f3 en el impacto. El austriaco se encontraba en la zona vacacional con su esposa.<\/p>\n<p>Baumgartner bati\u00f3 varios r\u00e9cords mundiales. En 2012, acapar\u00f3 la atenci\u00f3n mundial cuando realiz\u00f3 un salto de 39 kil\u00f3metros desde una c\u00e1psula sobre la Tierra.<\/p>\n<p>RR AFP\/DPA<\/p>\n<\/div>\n\n","protected":false},"excerpt":{"rendered":"<p>El campe\u00f3n austr\u00edaco de salto extremo y paraca\u00eddista Felix Baumgartner, de 56 a\u00f1os, falleci\u00f3 este jueves (17.07.2025) en Italia, reportaron agencias internacionales de noticias. Los carabineros identificaron al campe\u00f3n en Sant&#8217;Elpidio, localidad de Marcas, indicaron los bomberos, aunque no proporcionaron detalles sobre las circunstancias de su muerte. Imagen: Pintado Osowski\/Sven Simon\/Imelo Seg\u00fan el diario italiano &hellip;<\/p>\n","protected":false},"author":1,"featured_media":36399,"comment_status":"open","ping_status":"open","sticky":false,"template":"","format":"standard","meta":{"fifu_image_url":"https:\/\/static.dw.com\/image\/73317371_6.jpg","fifu_image_alt":"","footnotes":""},"categories":[13],"tags":[],"class_list":["post-36398","post","type-post","status-publish","format-standard","has-post-thumbnail","","category-mundo"],"_links":{"self":[{"href":"https:\/\/noticiasveraces.com\/index.php?rest_route=\/wp\/v2\/posts\/36398","targetHints":{"allow":["GET"]}}],"collection":[{"href":"https:\/\/noticiasveraces.com\/index.php?rest_route=\/wp\/v2\/posts"}],"about":[{"href":"https:\/\/noticiasveraces.com\/index.php?rest_route=\/wp\/v2\/types\/post"}],"author":[{"embeddable":true,"href":"https:\/\/noticiasveraces.com\/index.php?rest_route=\/wp\/v2\/users\/1"}],"replies":[{"embeddable":true,"href":"https:\/\/noticiasveraces.com\/index.php?rest_route=%2Fwp%2Fv2%2Fcomments&post=36398"}],"version-history":[{"count":0,"href":"https:\/\/noticiasveraces.com\/index.php?rest_route=\/wp\/v2\/posts\/36398\/revisions"}],"wp:featuredmedia":[{"embeddable":true,"href":"https:\/\/noticiasveraces.com\/index.php?rest_route=\/wp\/v2\/media\/36399"}],"wp:attachment":[{"href":"https:\/\/noticiasveraces.com\/index.php?rest_route=%2Fwp%2Fv2%2Fmedia&parent=36398"}],"wp:term":[{"taxonomy":"category","embeddable":true,"href":"https:\/\/noticiasveraces.com\/index.php?rest_route=%2Fwp%2Fv2%2Fcategories&post=36398"},{"taxonomy":"post_tag","embeddable":true,"href":"https:\/\/noticiasveraces.com\/index.php?rest_route=%2Fwp%2Fv2%2Ftags&post=36398"}],"curies":[{"name":"wp","href":"https:\/\/api.w.org\/{rel}","templated":true}]}}