{"id":36378,"date":"2025-07-17T14:04:53","date_gmt":"2025-07-17T18:04:53","guid":{"rendered":"https:\/\/noticiasveraces.com\/?p=36378"},"modified":"2025-07-17T14:04:53","modified_gmt":"2025-07-17T18:04:53","slug":"el-reino-unido-a-una-edad-votante-mas-baja-de-18-a-16-anos-antes-de-las-proximas-elecciones-nacionales","status":"publish","type":"post","link":"https:\/\/noticiasveraces.com\/?p=36378","title":{"rendered":"El Reino Unido a una edad votante m\u00e1s baja de 18 a 16 a\u00f1os antes de las pr\u00f3ximas elecciones nacionales"},"content":{"rendered":"<p> \n<\/p>\n<div>\n<div id=\"beyondwords-wrapper\" class=\"beyondwords-wrapper\">\n<p><span class=\"label-bg\">NUEVO<\/span>\u00a1Ahora puedes escuchar art\u00edculos de Fox News!\n  <\/p>\n<\/div>\n<p class=\"speakable\">El Reino Unido est\u00e1 bajando la edad de votaci\u00f3n de 18 a 16 a\u00f1os antes de las pr\u00f3ximas elecciones nacionales, una medida que la oposici\u00f3n denuncia como una forma de influir en el electorado para beneficiar a la izquierda. <\/p>\n<p class=\"speakable\">El gobierno del Reino Unido, controlado por el Partido Laborista, anunci\u00f3 el jueves que a los j\u00f3venes de 16 y 17 a\u00f1os tendr\u00e1n el derecho de votar como parte de otros nuevos \u00abcambios s\u00edsmicos\u00bb. Otras reformas electorales incluyen extender la identificaci\u00f3n de votantes a las tarjetas bancarias, emitir nuevas reglas destinadas a \u00abproteger contra la interferencia pol\u00edtica extranjera y el abuso de activistas\u00bb, y endurecer las leyes que restringen las donaciones extranjeras a los partidos pol\u00edticos brit\u00e1nicos. <\/p>\n<p>En un documento de pol\u00edtica que lo acompa\u00f1a incluido en el anuncio, la viceprimer ministra Angela Rayner dijo que \u00abdisminuir la confianza en nuestras instituciones y la democracia en s\u00ed se ha vuelto cr\u00edtica, pero es responsabilidad del gobierno cambiar esto y renovar nuestra democracia, tal como las generaciones lo han hecho antes que nosotros\u00bb. <\/p>\n<p><strong>Zelenskyy de Ucrania nombra al nuevo primer ministro por primera vez desde que comenz\u00f3 la guerra de Rusia<\/strong><\/p>\n<div class=\"image-ct inline\">\n<div class=\"m\"><picture><source media=\"(max-width: 767px)\" srcset=\"https:\/\/a57.foxnews.com\/static.foxnews.com\/foxnews.com\/content\/uploads\/2025\/07\/343\/192\/starmer-announcement.jpg?ve=1&amp;tl=1, https:\/\/a57.foxnews.com\/static.foxnews.com\/foxnews.com\/content\/uploads\/2025\/07\/686\/384\/starmer-announcement.jpg?ve=1&amp;tl=1 2x\" height=\"192\" width=\"343\"><source media=\"(min-width: 768px) and (max-width: 1023px)\" srcset=\"https:\/\/a57.foxnews.com\/static.foxnews.com\/foxnews.com\/content\/uploads\/2025\/07\/672\/378\/starmer-announcement.jpg?ve=1&amp;tl=1, https:\/\/a57.foxnews.com\/static.foxnews.com\/foxnews.com\/content\/uploads\/2025\/07\/1344\/756\/starmer-announcement.jpg?ve=1&amp;tl=1 2x\" height=\"378\" width=\"672\"><source media=\"(min-width: 1024px) and (max-width: 1279px)\" srcset=\"https:\/\/a57.foxnews.com\/static.foxnews.com\/foxnews.com\/content\/uploads\/2025\/07\/931\/523\/starmer-announcement.jpg?ve=1&amp;tl=1, https:\/\/a57.foxnews.com\/static.foxnews.com\/foxnews.com\/content\/uploads\/2025\/07\/1862\/1046\/starmer-announcement.jpg?ve=1&amp;tl=1 2x\" height=\"523\" width=\"931\"><source media=\"(min-width: 1280px)\" srcset=\"https:\/\/a57.foxnews.com\/static.foxnews.com\/foxnews.com\/content\/uploads\/2025\/07\/720\/405\/starmer-announcement.jpg?ve=1&amp;tl=1, https:\/\/a57.foxnews.com\/static.foxnews.com\/foxnews.com\/content\/uploads\/2025\/07\/1440\/810\/starmer-announcement.jpg?ve=1&amp;tl=1 2x\" height=\"405\" width=\"720\"><img loading=\"lazy\" decoding=\"async\" src=\"https:\/\/a57.foxnews.com\/static.foxnews.com\/foxnews.com\/content\/uploads\/2025\/07\/1200\/675\/starmer-announcement.jpg?ve=1&amp;tl=1\" alt=\"Starmer Civic Summit en Londres\" width=\"1200\" height=\"675\"\/><\/source><\/source><\/source><\/source><\/picture><\/div>\n<div class=\"info\">\n<div class=\"caption\">\n<p><span>El primer ministro de Gran Breta\u00f1a, Keir Starmer, habla en una cumbre de la sociedad civil en Londres, el jueves 17 de julio de 2025.<\/span> <span>(Photo AP\/Frank Augstein, Pool)<\/span><\/p>\n<\/div>\n<\/div>\n<\/div>\n<p>\u00abCreo que es realmente importante que los j\u00f3venes de 16 y 17 a\u00f1os tengan el voto porque tienen la edad suficiente para salir a trabajar, son lo suficientemente mayores como para pagar impuestos, as\u00ed que para pagar. Y creo que si pagas, deber\u00edas tener la oportunidad de decir en qu\u00e9 quieres gastar tu dinero, de qu\u00e9 manera deber\u00eda ir el gobierno\u00bb, dijo el primer ministro brit\u00e1nico Keir Starmer el jueves. \u00abEstoy realmente contento de que podamos traer a m\u00e1s j\u00f3venes a nuestra democracia\u00bb. <\/p>\n<p>\u00abLos j\u00f3venes ya contribuyen a la sociedad trabajando, pagando impuestos y sirviendo en el ej\u00e9rcito. Es correcto que puedan opinar sobre los temas que los afectan\u00bb, escribi\u00f3 Rayner sobre X. El viceprimer ministro tambi\u00e9n elabor\u00f3 en una declaraci\u00f3n, agregando: \u00abNo podemos dar por sentado nuestra democracia, y al proteger nuestras elecciones de abuso y aumentar la participaci\u00f3n, lo que fortaleceremos las fundaciones de nuestra sociedad para el futuro\u00bb. <\/p>\n<p>La edad m\u00ednima de servicio en las Fuerzas Armadas brit\u00e1nicas es de 16, pero aquellos menores de 18 a\u00f1os necesitan consentimiento por escrito de un padre o tutor y no se pueden desplegar en zonas de combate. <\/p>\n<p>Los pol\u00edticos de la oposici\u00f3n brit\u00e1nica acusaron al Partido Laborista de tratar de manipular al electorado a su favor reduciendo la edad de votaci\u00f3n. <\/p>\n<p>\u00ab\u00bfPor qu\u00e9 este gobierno piensa que un ritmo de 16 a\u00f1os puede votar pero no se le puede permitir comprar un boleto de loter\u00eda o una bebida alcoh\u00f3lica, casarse o ir a la guerra, o incluso pararse en las elecciones que votan?\u00bb Miembro del Parlamento (MP) Paul Holmes, un conservador, dijo el jueves en la C\u00e1mara de los Comunes. \u00ab\u00bfNo es la posici\u00f3n del gobierno sobre la era de la madurez que se confunde irremediablemente?\u00bb<\/p>\n<div class=\"image-ct inline\">\n<div class=\"m\"><picture><source media=\"(max-width: 767px)\" srcset=\"https:\/\/a57.foxnews.com\/static.foxnews.com\/foxnews.com\/content\/uploads\/2025\/07\/343\/192\/uk-deputy-pm.jpg?ve=1&amp;tl=1, https:\/\/a57.foxnews.com\/static.foxnews.com\/foxnews.com\/content\/uploads\/2025\/07\/686\/384\/uk-deputy-pm.jpg?ve=1&amp;tl=1 2x\" height=\"192\" width=\"343\"><source media=\"(min-width: 768px) and (max-width: 1023px)\" srcset=\"https:\/\/a57.foxnews.com\/static.foxnews.com\/foxnews.com\/content\/uploads\/2025\/07\/672\/378\/uk-deputy-pm.jpg?ve=1&amp;tl=1, https:\/\/a57.foxnews.com\/static.foxnews.com\/foxnews.com\/content\/uploads\/2025\/07\/1344\/756\/uk-deputy-pm.jpg?ve=1&amp;tl=1 2x\" height=\"378\" width=\"672\"><source media=\"(min-width: 1024px) and (max-width: 1279px)\" srcset=\"https:\/\/a57.foxnews.com\/static.foxnews.com\/foxnews.com\/content\/uploads\/2025\/07\/931\/523\/uk-deputy-pm.jpg?ve=1&amp;tl=1, https:\/\/a57.foxnews.com\/static.foxnews.com\/foxnews.com\/content\/uploads\/2025\/07\/1862\/1046\/uk-deputy-pm.jpg?ve=1&amp;tl=1 2x\" height=\"523\" width=\"931\"><source media=\"(min-width: 1280px)\" srcset=\"https:\/\/a57.foxnews.com\/static.foxnews.com\/foxnews.com\/content\/uploads\/2025\/07\/720\/405\/uk-deputy-pm.jpg?ve=1&amp;tl=1, https:\/\/a57.foxnews.com\/static.foxnews.com\/foxnews.com\/content\/uploads\/2025\/07\/1440\/810\/uk-deputy-pm.jpg?ve=1&amp;tl=1 2x\" height=\"405\" width=\"720\"><img loading=\"lazy\" decoding=\"async\" src=\"https:\/\/a57.foxnews.com\/static.foxnews.com\/foxnews.com\/content\/uploads\/2025\/07\/1200\/675\/uk-deputy-pm.jpg?ve=1&amp;tl=1\" alt=\"Rayner llega a Downing Street\" width=\"1200\" height=\"675\"\/><\/source><\/source><\/source><\/source><\/picture><\/div>\n<div class=\"info\">\n<div class=\"caption\">\n<p><span>Viceprimer Ministro y Secretario de Estado para subir de nivel, Vivienda y Comunidades Angela Rayner llega a Downing Street para asistir a la reuni\u00f3n semanal del gabinete en Londres, Reino Unido, el 15 de julio de 2025. <\/span> <span>(Wiktor SzyManowicz\/Anadol a trav\u00e9s de Getty Images)<\/span><\/p>\n<\/div>\n<\/div>\n<\/div>\n<p><strong>Reino Unido lanzar\u00e1 alfombra roja en la segunda visita de Trump &#8216;sin precedentes&#8217; organizada por el rey Charles<\/strong><\/p>\n<p>Holmes acus\u00f3 a la mano de obra de \u00abGobierno por comunicado de prensa\u00bb y cuestion\u00f3 si permitir tarjetas bancarias, que no incluyen fotograf\u00edas, como una forma de identificaci\u00f3n de votantes socavar\u00e1 las medidas de seguridad en las urnas. <\/p>\n<p>Nigel Farage, l\u00edder del Partido Reforma de la Reforma de la derecha, dijo que dar a los j\u00f3venes de 16 y 17 a\u00f1os el derecho a votar \u00abes un intento de manipular el sistema pol\u00edtico\u00bb. <\/p>\n<p>\u00abThe problem with this is, not only do half of youngsters not want the vote, but they have to stay at school now until they&#8217;re 18,\u00bb Farage said in a video shared to X. \u00abThe educational establishment is full of left-wing prejudice, is full of anti-reform bias, and frankly, if 16 to 18 year olds at school are going to be able to vote, we&#8217;re going to have to make sure that our education system is teaching kids to make their own minds up and not indoctrinating a ellos.\u00bb <\/p>\n<p>El cambio a\u00fan requiere la aprobaci\u00f3n parlamentaria, pero fue una promesa de campa\u00f1a del Partido Laborista, que gan\u00f3 las elecciones generales del a\u00f1o pasado y tiene el control mayoritario. La pr\u00f3xima elecci\u00f3n general es en 2029. <\/p>\n<p>Rayner se\u00f1al\u00f3 que los j\u00f3venes de 16 y 17 a\u00f1os ya pueden votar en Escocia y Gales en elecciones locales y elecciones parlamentarias a nivel de pa\u00eds. La edad m\u00ednima de votaci\u00f3n para las elecciones locales en Inglaterra e Irlanda del Norte es de 18 a\u00f1os. <\/p>\n<div class=\"image-ct inline\">\n<div class=\"m\"><picture><source media=\"(max-width: 767px)\" srcset=\"https:\/\/a57.foxnews.com\/static.foxnews.com\/foxnews.com\/content\/uploads\/2025\/07\/343\/192\/starmer-germany-presser.jpg?ve=1&amp;tl=1, https:\/\/a57.foxnews.com\/static.foxnews.com\/foxnews.com\/content\/uploads\/2025\/07\/686\/384\/starmer-germany-presser.jpg?ve=1&amp;tl=1 2x\" height=\"192\" width=\"343\"><source media=\"(min-width: 768px) and (max-width: 1023px)\" srcset=\"https:\/\/a57.foxnews.com\/static.foxnews.com\/foxnews.com\/content\/uploads\/2025\/07\/672\/378\/starmer-germany-presser.jpg?ve=1&amp;tl=1, https:\/\/a57.foxnews.com\/static.foxnews.com\/foxnews.com\/content\/uploads\/2025\/07\/1344\/756\/starmer-germany-presser.jpg?ve=1&amp;tl=1 2x\" height=\"378\" width=\"672\"><source media=\"(min-width: 1024px) and (max-width: 1279px)\" srcset=\"https:\/\/a57.foxnews.com\/static.foxnews.com\/foxnews.com\/content\/uploads\/2025\/07\/931\/523\/starmer-germany-presser.jpg?ve=1&amp;tl=1, https:\/\/a57.foxnews.com\/static.foxnews.com\/foxnews.com\/content\/uploads\/2025\/07\/1862\/1046\/starmer-germany-presser.jpg?ve=1&amp;tl=1 2x\" height=\"523\" width=\"931\"><source media=\"(min-width: 1280px)\" srcset=\"https:\/\/a57.foxnews.com\/static.foxnews.com\/foxnews.com\/content\/uploads\/2025\/07\/720\/405\/starmer-germany-presser.jpg?ve=1&amp;tl=1, https:\/\/a57.foxnews.com\/static.foxnews.com\/foxnews.com\/content\/uploads\/2025\/07\/1440\/810\/starmer-germany-presser.jpg?ve=1&amp;tl=1 2x\" height=\"405\" width=\"720\"><img loading=\"lazy\" decoding=\"async\" src=\"https:\/\/a57.foxnews.com\/static.foxnews.com\/foxnews.com\/content\/uploads\/2025\/07\/1200\/675\/starmer-germany-presser.jpg?ve=1&amp;tl=1\" alt=\"Starmer con canciller alem\u00e1n en la visita oficial\" width=\"1200\" height=\"675\"\/><\/source><\/source><\/source><\/source><\/picture><\/div>\n<div class=\"info\">\n<div class=\"caption\">\n<p><span>El primer ministro de Gran Breta\u00f1a, Keir Starmer, a la izquierda, y el canciller alem\u00e1n Friedrich Merz celebra una conferencia de prensa durante una visita a la f\u00e1brica de Airbus en Stevenage, Inglaterra, el jueves 17 de julio de 2025. <\/span> <span>(Stefan Rousseau\/Pool a trav\u00e9s de AP)<\/span><\/p>\n<\/div>\n<\/div>\n<\/div>\n<p>En un art\u00edculo de opini\u00f3n en el peri\u00f3dico brit\u00e1nico \u00abThe Times\u00bb, Rayner, que era madre soltera a la edad de 16 a\u00f1os, dijo que el cambio hace que los 1,6 millones de j\u00f3venes de 16 y 17 a\u00f1os sean elegibles para votar en el Reino Unido, que tiene una poblaci\u00f3n de aproximadamente 68 millones. <\/p>\n<p><strong><u>Haga clic aqu\u00ed para obtener la aplicaci\u00f3n Fox News<\/u><\/strong><\/p>\n<p>\u00abSe trata de la justicia y la transparencia y dar a los j\u00f3venes una participaci\u00f3n en el futuro de nuestro pa\u00eds, llev\u00e1ndolos a nuestras comunidades, sin excluirlas\u00bb, escribi\u00f3 Rayner. \u00abSe trata de cumplir con nuestro manifiesto con el compromiso de asegurar los votos a los 16. Pero tambi\u00e9n se trata de fortalecer nuestro sistema electoral para que sea apto para el siglo XXI, porque no podemos dar por sentado nuestra democracia\u00bb. <\/p>\n<p> <!----> <\/p>\n<div class=\"article-meta\">\n<div class=\"author-bio\">\n<p>Danielle Wallace es reportera de noticias y pol\u00edticas en Fox News Digital. Los consejos de la historia se pueden enviar a danielle.wallace@fox.com y en X: @danimwallace. <\/p>\n<\/div>\n<\/div>\n<\/div>\n\n","protected":false},"excerpt":{"rendered":"<p>NUEVO\u00a1Ahora puedes escuchar art\u00edculos de Fox News! El Reino Unido est\u00e1 bajando la edad de votaci\u00f3n de 18 a 16 a\u00f1os antes de las pr\u00f3ximas elecciones nacionales, una medida que la oposici\u00f3n denuncia como una forma de influir en el electorado para beneficiar a la izquierda. El gobierno del Reino Unido, controlado por el Partido &hellip;<\/p>\n","protected":false},"author":1,"featured_media":36380,"comment_status":"open","ping_status":"open","sticky":false,"template":"","format":"standard","meta":{"fifu_image_url":"https:\/\/static.foxnews.com\/foxnews.com\/content\/uploads\/2025\/07\/starmer-announcement.jpg","fifu_image_alt":"","footnotes":""},"categories":[13],"tags":[],"class_list":["post-36378","post","type-post","status-publish","format-standard","has-post-thumbnail","","category-mundo"],"_links":{"self":[{"href":"https:\/\/noticiasveraces.com\/index.php?rest_route=\/wp\/v2\/posts\/36378","targetHints":{"allow":["GET"]}}],"collection":[{"href":"https:\/\/noticiasveraces.com\/index.php?rest_route=\/wp\/v2\/posts"}],"about":[{"href":"https:\/\/noticiasveraces.com\/index.php?rest_route=\/wp\/v2\/types\/post"}],"author":[{"embeddable":true,"href":"https:\/\/noticiasveraces.com\/index.php?rest_route=\/wp\/v2\/users\/1"}],"replies":[{"embeddable":true,"href":"https:\/\/noticiasveraces.com\/index.php?rest_route=%2Fwp%2Fv2%2Fcomments&post=36378"}],"version-history":[{"count":0,"href":"https:\/\/noticiasveraces.com\/index.php?rest_route=\/wp\/v2\/posts\/36378\/revisions"}],"wp:featuredmedia":[{"embeddable":true,"href":"https:\/\/noticiasveraces.com\/index.php?rest_route=\/wp\/v2\/media\/36380"}],"wp:attachment":[{"href":"https:\/\/noticiasveraces.com\/index.php?rest_route=%2Fwp%2Fv2%2Fmedia&parent=36378"}],"wp:term":[{"taxonomy":"category","embeddable":true,"href":"https:\/\/noticiasveraces.com\/index.php?rest_route=%2Fwp%2Fv2%2Fcategories&post=36378"},{"taxonomy":"post_tag","embeddable":true,"href":"https:\/\/noticiasveraces.com\/index.php?rest_route=%2Fwp%2Fv2%2Ftags&post=36378"}],"curies":[{"name":"wp","href":"https:\/\/api.w.org\/{rel}","templated":true}]}}