{"id":36369,"date":"2025-07-17T12:12:59","date_gmt":"2025-07-17T16:12:59","guid":{"rendered":"https:\/\/noticiasveraces.com\/?p=36369"},"modified":"2025-07-17T12:12:59","modified_gmt":"2025-07-17T16:12:59","slug":"hijo-de-gallardo-que-jugo-en-el-fpc-protagonista-de-un-escandalo","status":"publish","type":"post","link":"https:\/\/noticiasveraces.com\/?p=36369","title":{"rendered":"Hijo de Gallardo que jug\u00f3 en el FPC, protagonista de un esc\u00e1ndalo"},"content":{"rendered":"<p> \n<br \/><img decoding=\"async\" src=\"https:\/\/www.futbolred.com\/files\/article_graphic\/uploads\/2022\/11\/13\/63714cbc5bfd5.jpeg\" \/><\/p>\n<header>\n<h3>\n<p>                Otras Ligas de F\u00fatbol<br \/>\n            <\/h3>\n<h1>\n<p>            Hijo de Gallardo que jug\u00f3 en el FPC, protagonista de un esc\u00e1ndalo<br \/>\n        <\/h1>\n<address>\n            <a>Andres Rocha Florez<br \/>\n        <\/address>\n<p>            15 de julio 2025 , 08:03 a.\u00a0m.<\/p>\n<\/header>\n<p>El futbolista ha sido apuntado por otro colega en el f\u00fatbol de Ecuador.<\/p>\n<p>Mientras Marcelo Gallardo, t\u00e9cnico de River Plate se encuentra iniciando temporada en la Liga Argentina y espera a Juan Fernando Quintero, su hijo <b>Nahuel Gallardo<\/b> est\u00e1 en el ojo del hurac\u00e1n en el f\u00fatbol ecuatoriano por una denuncia sobre racismo.<\/p>\n<p>Nahuel, quien juega actualmente en Delf\u00edn y es recordado en Colombia por haber jugado en Once Caldas entre 2022 y 2023, fue envuelto en un esc\u00e1ndalo de racismo a un colega durante un partido ante Deportivo Cuenca.<\/p>\n<p>La denuncia lleg\u00f3 por medio del futbolista de Cuenca E<b>ddie guevara<\/b>quien afirm\u00f3 que Nahuel Gallardo \u00ab<b>me dijo insultos racistas. Me llam\u00f3 negro y mono, no estamos para eso\u00bb.<\/b><\/p>\n<p>De igual manera, el futbolista de Cuenca a\u00f1adi\u00f3 m\u00e1s detalles, mostrando su preocupaci\u00f3n por el asunto del racismo en el f\u00fatbol, dejando claro que hay que tener empat\u00eda por el rival y no llegar a herir con insultos que no caben.<\/p>\n<p>\u00abHay que tener un poquito de empat\u00eda. El del racismo no es el idioma correcto. Tengo la cabeza fuerte y s\u00e9 c\u00f3mo es el f\u00fatbol. Que se haga cargo de lo que dice Gallardo. Yo nunca tuve nada que ocultar\u00bb, dijo Guevara.<\/p>\n<p>Habr\u00e1 que esperar si la Liga Pro de Ecuador decide sancionar o multar a Nahuel Gallardo, debido a que es un hecho que hoy en d\u00eda tiene castigo gracias a los programas de la FIFA y Conmebol.<\/p>\n\n","protected":false},"excerpt":{"rendered":"<p>Otras Ligas de F\u00fatbol Hijo de Gallardo que jug\u00f3 en el FPC, protagonista de un esc\u00e1ndalo Andres Rocha Florez 15 de julio 2025 , 08:03 a.\u00a0m. El futbolista ha sido apuntado por otro colega en el f\u00fatbol de Ecuador. Mientras Marcelo Gallardo, t\u00e9cnico de River Plate se encuentra iniciando temporada en la Liga Argentina y &hellip;<\/p>\n","protected":false},"author":1,"featured_media":36371,"comment_status":"open","ping_status":"open","sticky":false,"template":"","format":"standard","meta":{"fifu_image_url":"https:\/\/www.futbolred.com\/files\/og_thumbnail\/uploads\/2022\/11\/13\/63714cbc5bfd5.jpeg","fifu_image_alt":"","footnotes":""},"categories":[6],"tags":[],"class_list":["post-36369","post","type-post","status-publish","format-standard","has-post-thumbnail","","category-deportes"],"_links":{"self":[{"href":"https:\/\/noticiasveraces.com\/index.php?rest_route=\/wp\/v2\/posts\/36369","targetHints":{"allow":["GET"]}}],"collection":[{"href":"https:\/\/noticiasveraces.com\/index.php?rest_route=\/wp\/v2\/posts"}],"about":[{"href":"https:\/\/noticiasveraces.com\/index.php?rest_route=\/wp\/v2\/types\/post"}],"author":[{"embeddable":true,"href":"https:\/\/noticiasveraces.com\/index.php?rest_route=\/wp\/v2\/users\/1"}],"replies":[{"embeddable":true,"href":"https:\/\/noticiasveraces.com\/index.php?rest_route=%2Fwp%2Fv2%2Fcomments&post=36369"}],"version-history":[{"count":0,"href":"https:\/\/noticiasveraces.com\/index.php?rest_route=\/wp\/v2\/posts\/36369\/revisions"}],"wp:featuredmedia":[{"embeddable":true,"href":"https:\/\/noticiasveraces.com\/index.php?rest_route=\/wp\/v2\/media\/36371"}],"wp:attachment":[{"href":"https:\/\/noticiasveraces.com\/index.php?rest_route=%2Fwp%2Fv2%2Fmedia&parent=36369"}],"wp:term":[{"taxonomy":"category","embeddable":true,"href":"https:\/\/noticiasveraces.com\/index.php?rest_route=%2Fwp%2Fv2%2Fcategories&post=36369"},{"taxonomy":"post_tag","embeddable":true,"href":"https:\/\/noticiasveraces.com\/index.php?rest_route=%2Fwp%2Fv2%2Ftags&post=36369"}],"curies":[{"name":"wp","href":"https:\/\/api.w.org\/{rel}","templated":true}]}}