{"id":36358,"date":"2025-07-17T10:01:17","date_gmt":"2025-07-17T14:01:17","guid":{"rendered":"https:\/\/noticiasveraces.com\/?p=36358"},"modified":"2025-07-17T10:01:17","modified_gmt":"2025-07-17T14:01:17","slug":"zelenskyy-nombra-al-primer-nuevo-primer-ministro-de-ucrania-desde-la-invasion-rusa","status":"publish","type":"post","link":"https:\/\/noticiasveraces.com\/?p=36358","title":{"rendered":"Zelenskyy nombra al primer nuevo primer ministro de Ucrania desde la invasi\u00f3n rusa"},"content":{"rendered":"<p> \n<\/p>\n<div>\n<div id=\"beyondwords-wrapper\" class=\"beyondwords-wrapper\">\n<p><span class=\"label-bg\">NUEVO<\/span>\u00a1Ahora puedes escuchar art\u00edculos de Fox News!\n  <\/p>\n<\/div>\n<p class=\"speakable\">El presidente ucraniano, Volodymyr Zelenskyy, nombr\u00f3 a un nuevo primer ministro por primera vez desde que Rusia invadi\u00f3 la naci\u00f3n de Europa del Este hace m\u00e1s de tres a\u00f1os. <\/p>\n<p class=\"speakable\">Los legisladores ucranianos anunciaron en las redes sociales el jueves que el Parlamento hab\u00eda votado por una mayor\u00eda c\u00f3moda a favor de que Yuliia Svyrydenko se convirtiera en el nuevo primer ministro del pa\u00eds. <\/p>\n<p>Svyrydenko, de 39 a\u00f1os, el mes pasado negoci\u00f3 un importante marco de minerales e inversiones de EE. UU. Y Ucrania con el Secretario del Tesoro de los Estados Unidos, Scott Bessent.<\/p>\n<p>Zelenskyy dijo a principios de esta semana que propuso que Svyrydenko, quien anteriormente se desempe\u00f1\u00f3 como ministro de econom\u00eda y uno de los primeros ministros adjuntos de Ucrania desde noviembre de 2021, lider\u00f3 al gobierno al iniciar \u00abuna transformaci\u00f3n de la rama ejecutiva en Ucrania\u00bb. \u00c9l comparti\u00f3 una foto de ellos juntos y dijo que discutieron \u00abmedidas concretas para impulsar el potencial econ\u00f3mico de Ucrania, ampliar los programas de apoyo para los ucranianos y ampliar nuestra producci\u00f3n de armas nacionales\u00bb. <\/p>\n<p><strong>El l\u00edder de la mayor\u00eda del Senado dice que los republicanos listos para moverse en el proyecto de ley de sanciones de Rusia cuando Trump da luz verde<\/strong><\/p>\n<div class=\"image-ct inline\">\n<div class=\"m\"><picture><source media=\"(max-width: 767px)\" srcset=\"https:\/\/a57.foxnews.com\/static.foxnews.com\/foxnews.com\/content\/uploads\/2025\/07\/343\/192\/ukraine-prime-minister-resigns.jpg?ve=1&amp;tl=1, https:\/\/a57.foxnews.com\/static.foxnews.com\/foxnews.com\/content\/uploads\/2025\/07\/686\/384\/ukraine-prime-minister-resigns.jpg?ve=1&amp;tl=1 2x\" height=\"192\" width=\"343\"><source media=\"(min-width: 768px) and (max-width: 1023px)\" srcset=\"https:\/\/a57.foxnews.com\/static.foxnews.com\/foxnews.com\/content\/uploads\/2025\/07\/672\/378\/ukraine-prime-minister-resigns.jpg?ve=1&amp;tl=1, https:\/\/a57.foxnews.com\/static.foxnews.com\/foxnews.com\/content\/uploads\/2025\/07\/1344\/756\/ukraine-prime-minister-resigns.jpg?ve=1&amp;tl=1 2x\" height=\"378\" width=\"672\"><source media=\"(min-width: 1024px) and (max-width: 1279px)\" srcset=\"https:\/\/a57.foxnews.com\/static.foxnews.com\/foxnews.com\/content\/uploads\/2025\/07\/931\/523\/ukraine-prime-minister-resigns.jpg?ve=1&amp;tl=1, https:\/\/a57.foxnews.com\/static.foxnews.com\/foxnews.com\/content\/uploads\/2025\/07\/1862\/1046\/ukraine-prime-minister-resigns.jpg?ve=1&amp;tl=1 2x\" height=\"523\" width=\"931\"><source media=\"(min-width: 1280px)\" srcset=\"https:\/\/a57.foxnews.com\/static.foxnews.com\/foxnews.com\/content\/uploads\/2025\/07\/720\/405\/ukraine-prime-minister-resigns.jpg?ve=1&amp;tl=1, https:\/\/a57.foxnews.com\/static.foxnews.com\/foxnews.com\/content\/uploads\/2025\/07\/1440\/810\/ukraine-prime-minister-resigns.jpg?ve=1&amp;tl=1 2x\" height=\"405\" width=\"720\"><img loading=\"lazy\" decoding=\"async\" src=\"https:\/\/a57.foxnews.com\/static.foxnews.com\/foxnews.com\/content\/uploads\/2025\/07\/1200\/675\/ukraine-prime-minister-resigns.jpg?ve=1&amp;tl=1\" alt=\"Svyrydenko y Shmyhal en el parlamento ucraniano\" width=\"1200\" height=\"675\"\/><\/source><\/source><\/source><\/source><\/picture><\/div>\n<div class=\"info\">\n<div class=\"caption\">\n<p><span>Yulia Svyrydenko aplaude a Denys Shmyhal despu\u00e9s de que Verkhovna Rada acept\u00f3 su renuncia como primer ministro de Ucrania el 16 de julio de 2025, en Kiev.<\/span> <span>(Andrii Nesterenko\/Global Images Ucrania a trav\u00e9s de Getty Images)<\/span><\/p>\n<\/div>\n<\/div>\n<\/div>\n<p>Es la reestructuraci\u00f3n del gobierno ucraniano m\u00e1s significativo desde que Rusia invadi\u00f3 el 24 de febrero de 2022, y los legisladores de la oposici\u00f3n lo consideran como una forma para que Zelenskyy consolide el poder. Ucrania ha estado bajo la ley marcial desde el d\u00eda despu\u00e9s de la invasi\u00f3n. <\/p>\n<p>\u00abLa oficina del presidente les dir\u00e1 lo que realmente deber\u00edan hacer\u00bb, dijo a Yaroslav Zheleznyak, del Partido Holos, a Reuters, argumentando que el nuevo gobierno estar\u00eda en deuda con Zelenskyy, que tiene poderes de guerra significativos bajo la Constituci\u00f3n.<\/p>\n<p>Svyrydenko reemplazar\u00e1 al primer ministro saliente, Denys, Shmyhal, el jefe de gobierno m\u00e1s antiguo en la historia de Ucrania. Ocup\u00f3 el cargo durante m\u00e1s de cinco a\u00f1os despu\u00e9s de ser nombrado el 4 de marzo de 2020.<\/p>\n<p>Shmyhal, quien se reuni\u00f3 con el enviado especial de Estados Unidos para Ucrania Keith Kellog esta semana despu\u00e9s de que el presidente Donald Trump aprobara la venta de m\u00e1s sistemas patriotas, asumir\u00e1 un nuevo papel como ministro de defensa de Ucrania, seg\u00fan el sitio web del parlamento. <\/p>\n<p>El presidente de la Comisi\u00f3n Europea, Ursula von der Leyen, mientras tanto, felicit\u00f3 a Svyrydenko y Shmyhal por sus nuevos roles. <\/p>\n<p>\u00abEstamos completamente detr\u00e1s de ti mientras luchas por la supervivencia y el trabajo de Ucrania para la recuperaci\u00f3n de tu pa\u00eds y el futuro de la UE\u00bb, escribi\u00f3 a Svyrydenko. Para Shmyhal, dijo, \u00ablos mejores deseos para su nuevo papel clave como ministro de defensa\u00bb.<\/p>\n<div class=\"image-ct inline\">\n<div class=\"m\"><picture><source media=\"(max-width: 767px)\" srcset=\"https:\/\/a57.foxnews.com\/static.foxnews.com\/foxnews.com\/content\/uploads\/2025\/07\/343\/192\/zelenskyy.jpg?ve=1&amp;tl=1, https:\/\/a57.foxnews.com\/static.foxnews.com\/foxnews.com\/content\/uploads\/2025\/07\/686\/384\/zelenskyy.jpg?ve=1&amp;tl=1 2x\" height=\"192\" width=\"343\"><source media=\"(min-width: 768px) and (max-width: 1023px)\" srcset=\"https:\/\/a57.foxnews.com\/static.foxnews.com\/foxnews.com\/content\/uploads\/2025\/07\/672\/378\/zelenskyy.jpg?ve=1&amp;tl=1, https:\/\/a57.foxnews.com\/static.foxnews.com\/foxnews.com\/content\/uploads\/2025\/07\/1344\/756\/zelenskyy.jpg?ve=1&amp;tl=1 2x\" height=\"378\" width=\"672\"><source media=\"(min-width: 1024px) and (max-width: 1279px)\" srcset=\"https:\/\/a57.foxnews.com\/static.foxnews.com\/foxnews.com\/content\/uploads\/2025\/07\/931\/523\/zelenskyy.jpg?ve=1&amp;tl=1, https:\/\/a57.foxnews.com\/static.foxnews.com\/foxnews.com\/content\/uploads\/2025\/07\/1862\/1046\/zelenskyy.jpg?ve=1&amp;tl=1 2x\" height=\"523\" width=\"931\"><source media=\"(min-width: 1280px)\" srcset=\"https:\/\/a57.foxnews.com\/static.foxnews.com\/foxnews.com\/content\/uploads\/2025\/07\/720\/405\/zelenskyy.jpg?ve=1&amp;tl=1, https:\/\/a57.foxnews.com\/static.foxnews.com\/foxnews.com\/content\/uploads\/2025\/07\/1440\/810\/zelenskyy.jpg?ve=1&amp;tl=1 2x\" height=\"405\" width=\"720\"><img loading=\"lazy\" decoding=\"async\" src=\"https:\/\/a57.foxnews.com\/static.foxnews.com\/foxnews.com\/content\/uploads\/2025\/07\/1200\/675\/zelenskyy.jpg?ve=1&amp;tl=1\" alt=\"Zelensky en Italia\" width=\"1200\" height=\"675\"\/><\/source><\/source><\/source><\/source><\/picture><\/div>\n<div class=\"info\">\n<div class=\"caption\">\n<p><span>El presidente ucraniano, Volodymyr Zelensky, anunci\u00f3 a Yuliia Svyrydenko como el pr\u00f3ximo primer ministro del pa\u00eds.<\/span> <span>(Antonio Masiello\/Getty Images)<\/span><\/p>\n<\/div>\n<\/div>\n<\/div>\n<p><strong><u>Los aviones de la OTAN se apresuraron en medio del ataque de drones m\u00e1s grande de Rusia contra Ucrania<\/u><\/strong><\/p>\n<p>El Ministerio de Defensa ordena uno de los presupuestos m\u00e1s grandes y tiene importancia cr\u00edtica debido a la guerra. Shmyhal reemplazar\u00e1 a Rustem Umerov, quien, aunque trat\u00f3 de impulsar las reformas, vio su mandato marcado por la turbulencia interna y la disfunci\u00f3n persistente en el sistema de adquisici\u00f3n de defensa de Ucrania. A pesar de su papel activo en el escenario internacional, los cr\u00edticos dijeron que el ministerio permaneci\u00f3 plagado de mala gesti\u00f3n.<\/p>\n<p>El martes, Zelenskyy public\u00f3 una foto de su reuni\u00f3n con Svyrydenko y el ministro de Transformaci\u00f3n Digital Mykhailo Fedorov.<\/p>\n<p>\u00abEstamos preparando los pasos iniciales del gobierno renovado\u00bb, escribi\u00f3 Zelenskyy, identificando las prioridades clave en los pr\u00f3ximos seis meses como \u00abaumentar la producci\u00f3n de armas nacionales en Ucrania, contraer plenamente los vol\u00famenes requeridos de todos los tipos de drones de los drones para las fuerzas de defensa de Ucrania, llevar a cabo una desregulaci\u00f3n sustancial y desbloquear el potencial econ\u00f3mico interno de nuestro pa\u00eds, y garantizar la implementaci\u00f3n completa de los programas de apoyo social para nuestro pueblo\u00bb. \u00ab.<\/p>\n<p>\u00abDefinimos los resultados que se pueden lograr dentro del primer a\u00f1o del trabajo del nuevo gobierno\u00bb, agreg\u00f3 Zelenskyy. <\/p>\n<div class=\"image-ct inline\">\n<div class=\"m\"><picture><source media=\"(max-width: 767px)\" srcset=\"https:\/\/a57.foxnews.com\/static.foxnews.com\/foxnews.com\/content\/uploads\/2025\/07\/343\/192\/new-ukraine-pm.jpg?ve=1&amp;tl=1, https:\/\/a57.foxnews.com\/static.foxnews.com\/foxnews.com\/content\/uploads\/2025\/07\/686\/384\/new-ukraine-pm.jpg?ve=1&amp;tl=1 2x\" height=\"192\" width=\"343\"><source media=\"(min-width: 768px) and (max-width: 1023px)\" srcset=\"https:\/\/a57.foxnews.com\/static.foxnews.com\/foxnews.com\/content\/uploads\/2025\/07\/672\/378\/new-ukraine-pm.jpg?ve=1&amp;tl=1, https:\/\/a57.foxnews.com\/static.foxnews.com\/foxnews.com\/content\/uploads\/2025\/07\/1344\/756\/new-ukraine-pm.jpg?ve=1&amp;tl=1 2x\" height=\"378\" width=\"672\"><source media=\"(min-width: 1024px) and (max-width: 1279px)\" srcset=\"https:\/\/a57.foxnews.com\/static.foxnews.com\/foxnews.com\/content\/uploads\/2025\/07\/931\/523\/new-ukraine-pm.jpg?ve=1&amp;tl=1, https:\/\/a57.foxnews.com\/static.foxnews.com\/foxnews.com\/content\/uploads\/2025\/07\/1862\/1046\/new-ukraine-pm.jpg?ve=1&amp;tl=1 2x\" height=\"523\" width=\"931\"><source media=\"(min-width: 1280px)\" srcset=\"https:\/\/a57.foxnews.com\/static.foxnews.com\/foxnews.com\/content\/uploads\/2025\/07\/720\/405\/new-ukraine-pm.jpg?ve=1&amp;tl=1, https:\/\/a57.foxnews.com\/static.foxnews.com\/foxnews.com\/content\/uploads\/2025\/07\/1440\/810\/new-ukraine-pm.jpg?ve=1&amp;tl=1 2x\" height=\"405\" width=\"720\"><img loading=\"lazy\" decoding=\"async\" src=\"https:\/\/a57.foxnews.com\/static.foxnews.com\/foxnews.com\/content\/uploads\/2025\/07\/1200\/675\/new-ukraine-pm.jpg?ve=1&amp;tl=1\" alt=\"Svyrydenko habla en el foro\" width=\"1200\" height=\"675\"\/><\/source><\/source><\/source><\/source><\/picture><\/div>\n<div class=\"info\">\n<div class=\"caption\">\n<p><span>Yulia Svyrydenko fue nombrada el pr\u00f3ximo primer ministro de Ucrania, luego de una propuesta del presidente Volodymyr Zelenskyy y un voto mayoritario del parlamento del pa\u00eds<\/span> <span>(Vitalii Nosach\/Global Images Ucrania a trav\u00e9s de Getty Images)<\/span><\/p>\n<\/div>\n<\/div>\n<\/div>\n<p>Svyrydenko ha representado con frecuencia a Ucrania en conversaciones de alto nivel con socios occidentales, centr\u00e1ndose en la cooperaci\u00f3n de defensa, la recuperaci\u00f3n econ\u00f3mica y la reconstrucci\u00f3n.<\/p>\n<p>Los legisladores y otros funcionarios la describen como una ejecutiva diligente con reputaci\u00f3n de lealtad a la oficina presidencial, seg\u00fan Associated Press. <\/p>\n<p><strong><u>Haga clic aqu\u00ed para obtener la aplicaci\u00f3n Fox News<\/u><\/strong><\/p>\n<p>Del parlamento de 450 asientos, 262 legisladores votaron a favor de que Svyrydenko se convirtiera en primer ministro, inform\u00f3 Reuters, citando puestos de un pu\u00f1ado de legisladores, incluido el Yaroslav Zheleznyak, quien public\u00f3 una foto de la mesa electr\u00f3nica de votaci\u00f3n. La tabla mostr\u00f3 que 22 legisladores votaron en contra de Svyrydenko y 26 se abstuvieron. El parlamento ucraniano no transmite sesiones durante la guerra, seg\u00fan Reuters. <\/p>\n<p><i>Associated Press contribuy\u00f3 a este informe. <\/i><\/p>\n<p> <!----> <\/p>\n<div class=\"article-meta\">\n<div class=\"author-bio\">\n<p>Danielle Wallace es reportera de noticias y pol\u00edticas en Fox News Digital. Los consejos de la historia se pueden enviar a danielle.wallace@fox.com y en X: @danimwallace. <\/p>\n<\/div>\n<\/div>\n<\/div>\n\n","protected":false},"excerpt":{"rendered":"<p>NUEVO\u00a1Ahora puedes escuchar art\u00edculos de Fox News! El presidente ucraniano, Volodymyr Zelenskyy, nombr\u00f3 a un nuevo primer ministro por primera vez desde que Rusia invadi\u00f3 la naci\u00f3n de Europa del Este hace m\u00e1s de tres a\u00f1os. Los legisladores ucranianos anunciaron en las redes sociales el jueves que el Parlamento hab\u00eda votado por una mayor\u00eda c\u00f3moda &hellip;<\/p>\n","protected":false},"author":1,"featured_media":36360,"comment_status":"open","ping_status":"open","sticky":false,"template":"","format":"standard","meta":{"fifu_image_url":"https:\/\/static.foxnews.com\/foxnews.com\/content\/uploads\/2025\/07\/zelenskyy.jpg","fifu_image_alt":"","footnotes":""},"categories":[13],"tags":[],"class_list":["post-36358","post","type-post","status-publish","format-standard","has-post-thumbnail","","category-mundo"],"_links":{"self":[{"href":"https:\/\/noticiasveraces.com\/index.php?rest_route=\/wp\/v2\/posts\/36358","targetHints":{"allow":["GET"]}}],"collection":[{"href":"https:\/\/noticiasveraces.com\/index.php?rest_route=\/wp\/v2\/posts"}],"about":[{"href":"https:\/\/noticiasveraces.com\/index.php?rest_route=\/wp\/v2\/types\/post"}],"author":[{"embeddable":true,"href":"https:\/\/noticiasveraces.com\/index.php?rest_route=\/wp\/v2\/users\/1"}],"replies":[{"embeddable":true,"href":"https:\/\/noticiasveraces.com\/index.php?rest_route=%2Fwp%2Fv2%2Fcomments&post=36358"}],"version-history":[{"count":0,"href":"https:\/\/noticiasveraces.com\/index.php?rest_route=\/wp\/v2\/posts\/36358\/revisions"}],"wp:featuredmedia":[{"embeddable":true,"href":"https:\/\/noticiasveraces.com\/index.php?rest_route=\/wp\/v2\/media\/36360"}],"wp:attachment":[{"href":"https:\/\/noticiasveraces.com\/index.php?rest_route=%2Fwp%2Fv2%2Fmedia&parent=36358"}],"wp:term":[{"taxonomy":"category","embeddable":true,"href":"https:\/\/noticiasveraces.com\/index.php?rest_route=%2Fwp%2Fv2%2Fcategories&post=36358"},{"taxonomy":"post_tag","embeddable":true,"href":"https:\/\/noticiasveraces.com\/index.php?rest_route=%2Fwp%2Fv2%2Ftags&post=36358"}],"curies":[{"name":"wp","href":"https:\/\/api.w.org\/{rel}","templated":true}]}}