{"id":36318,"date":"2025-07-17T04:55:15","date_gmt":"2025-07-17T08:55:15","guid":{"rendered":"https:\/\/noticiasveraces.com\/?p=36318"},"modified":"2025-07-17T04:55:15","modified_gmt":"2025-07-17T08:55:15","slug":"empleo-inmigrante-en-la-ue-alcanza-niveles-de-record-dw-17-07-2025","status":"publish","type":"post","link":"https:\/\/noticiasveraces.com\/?p=36318","title":{"rendered":"Empleo inmigrante en la UE alcanza niveles de r\u00e9cord \u2013 DW \u2013 17\/07\/2025"},"content":{"rendered":"<p> \n<\/p>\n<div>\n<p>El aumento de la ocupaci\u00f3n entre los inmigrantes no nacidos en la UE llev\u00f3 a que su tasa de empleo alcanzara \u00abm\u00e1ximos hist\u00f3ricos en 2024\u00bb, seg\u00fan el informe de la organizaci\u00f3n berlinesa, cuyo nombre completo es Fundaci\u00f3n Rockwoll Berlin &#8211; Instituto para la Econom\u00eda y el Futuro del Trabajo (RFBerlin)<svg xmlns=\"http:\/\/www.w3.org\/2000\/svg\" width=\"20\" height=\"20\" viewbox=\"0 0 20 20\"><path d=\"M11.5 3.5 11.5 4.233C14.342 4.233 15.167 4.245 15.167 4.258L8.984 10.467 10.033 11.516C14.826 6.725 16.228 5.333 16.242 5.333L16.267 9 17.733 9 17.733 2.767 11.5 2.767 11.5 3.5M2.267 11 2.267 17.233 16.733 17.233 16.733 12 15.267 12 15.25 15.75 9.5 15.75 3.75 15.75 3.75 6.25 9.5 6.233 9.5 4.767 2.267 4.767 2.267 11 \"\/><\/svg>.<\/p>\n<p>Seg\u00fan un comunicado de la instituci\u00f3n, cuyos datos se basan en informaci\u00f3n de Eurostat, mientras que la tasa de empleo de migrantes de la UE se mantuvo sin cambios en 2024, en el 74,9 %, el nivel de ocupaci\u00f3n de los inmigrantes extracomunitarios subi\u00f3 hasta los 65,3 % en 2024, \u00absu nivel m\u00e1s alto registrado, frente al 64,6 % de 2023\u00bb.<\/p>\n<p>\u00abLa amplia mayor\u00eda de los inmigrantes trabaja\u00bb, subray\u00f3 Tommaso Frattini, codirector del Centro para la Investigaci\u00f3n y An\u00e1lisis de Migraci\u00f3n (CReAM) en la RFBerlin y profesor de la Universidad de Mil\u00e1n.<\/p>\n<figure class=\"placeholder-image master_landscape big\"><img data-format=\"MASTER_LANDSCAPE\" data-id=\"66053447\" data-url=\"https:\/\/static.dw.com\/image\/66053447_${formatId}.jpg\" data-aspect-ratio=\"16\/9\" alt=\"Una mujer migrante de Marruecos recoge fresas al comienzo de la temporada en Lepe, Espa\u00f1a, el 13 de abril de 2022.\" style=\"padding-bottom: 56.25%; height: 0; max-height: 0;\"\/><figcaption class=\"img-caption\">Los jornaleros, imprescindibles en la agricultura espa\u00f1ola.<small class=\"copyright\">Imagen: Adri Salido\/Anadolu Agency\/picture alliance<\/small><\/figcaption><\/figure>\n<h2>Persiste brecha entre inmigrantes comunitarios y no comunitarios<\/h2>\n<p>\u00abLa tasa de empleo de los inmigrantes extracomunitarios es inferior a la de la poblaci\u00f3n aut\u00f3ctona, cuya tasa pas\u00f3 del 70,9 al 71,4 %\u00bb, agreg\u00f3 Frattini. Pero, seg\u00fan el estudio de RFBerlin,\u00a0la diferencia entre las tasas de empleo de\u00a0migrantes de la UE y extracomunitarios baj\u00f3 de 10,5 % al 9,6 %.<\/p>\n<p>Seg\u00fan indic\u00f3 Christian Dustmann, codirector del CReAM en RFBerlin y profesor de la Universidad College London (UCL), \u00ablos inmigrantes extracomunitarios han logrado avances en el mercado laboral, pero los progresos son desiguales\u00bb.<\/p>\n<p>Dustmann dio cuenta de que las diferencias entre los niveles de empleo de migrantes de la UE y extracomunitarios se debe en buena medida a \u00ablas menores tasas de empleo entre las mujeres no comunitarias\u00bb.<\/p>\n<p><span data-slot-id=\"Article_InContent-1\" class=\"rich-text-ad\"\/><\/p>\n<h2>Brecha de g\u00e9nero: incorporar a las\u00a0migrantes extracomunitarias<\/h2>\n<p>\u00abIncorporar a estas mujeres a la poblaci\u00f3n activa podr\u00eda ser una forma eficaz de hacer frente a la escasez de mano de obra en los mercados de trabajo europeos\u00bb, se\u00f1al\u00f3 Dustmann.<\/p>\n<p>La tasa de empleo de las mujeres no comunitarias se encuentra en el 56,8 %, mientras que, seg\u00fan el estudio de RFBerlin, los hombres migrantes no nacidos en la UE alcanzan niveles de empleo del 74,3 %, una proporci\u00f3n casi id\u00e9ntica al 75,3 % de sus pares\u00a0nativos.<\/p>\n<p>El estudio se\u00f1al\u00f3 que Polonia es el pa\u00eds que lidera en t\u00e9rminos de crecimiento de la tasa de empleo para migrantes de la UE, con un incremento de 34,8 puntos percentuales, mientras que en Irlanda este colectivo alcanz\u00f3 un destacado 81,1 % de ocupaci\u00f3n.<\/p>\n<p>Espa\u00f1a, al igual que Irlanda, Estonia y Letonia, figura en el estudio entre los pa\u00edses \u00abcon una presencia considerable de inmigrantes, con al menos el 10 % de la poblaci\u00f3n nacida en el extranjero en 2010\u00bb, que \u00abregistraron los mayores aumentos en las tasas de empleo de los inmigrantes de la UE\u00bb, seg\u00fan el informe de RFBerlin.<\/p>\n<p>RML (EFE, RFBERLIN)<\/p>\n<\/div>\n\n","protected":false},"excerpt":{"rendered":"<p>El aumento de la ocupaci\u00f3n entre los inmigrantes no nacidos en la UE llev\u00f3 a que su tasa de empleo alcanzara \u00abm\u00e1ximos hist\u00f3ricos en 2024\u00bb, seg\u00fan el informe de la organizaci\u00f3n berlinesa, cuyo nombre completo es Fundaci\u00f3n Rockwoll Berlin &#8211; Instituto para la Econom\u00eda y el Futuro del Trabajo (RFBerlin). Seg\u00fan un comunicado de la &hellip;<\/p>\n","protected":false},"author":1,"featured_media":36319,"comment_status":"open","ping_status":"open","sticky":false,"template":"","format":"standard","meta":{"fifu_image_url":"https:\/\/static.dw.com\/image\/72512006_6.jpg","fifu_image_alt":"","footnotes":""},"categories":[13],"tags":[],"class_list":["post-36318","post","type-post","status-publish","format-standard","has-post-thumbnail","","category-mundo"],"_links":{"self":[{"href":"https:\/\/noticiasveraces.com\/index.php?rest_route=\/wp\/v2\/posts\/36318","targetHints":{"allow":["GET"]}}],"collection":[{"href":"https:\/\/noticiasveraces.com\/index.php?rest_route=\/wp\/v2\/posts"}],"about":[{"href":"https:\/\/noticiasveraces.com\/index.php?rest_route=\/wp\/v2\/types\/post"}],"author":[{"embeddable":true,"href":"https:\/\/noticiasveraces.com\/index.php?rest_route=\/wp\/v2\/users\/1"}],"replies":[{"embeddable":true,"href":"https:\/\/noticiasveraces.com\/index.php?rest_route=%2Fwp%2Fv2%2Fcomments&post=36318"}],"version-history":[{"count":0,"href":"https:\/\/noticiasveraces.com\/index.php?rest_route=\/wp\/v2\/posts\/36318\/revisions"}],"wp:featuredmedia":[{"embeddable":true,"href":"https:\/\/noticiasveraces.com\/index.php?rest_route=\/wp\/v2\/media\/36319"}],"wp:attachment":[{"href":"https:\/\/noticiasveraces.com\/index.php?rest_route=%2Fwp%2Fv2%2Fmedia&parent=36318"}],"wp:term":[{"taxonomy":"category","embeddable":true,"href":"https:\/\/noticiasveraces.com\/index.php?rest_route=%2Fwp%2Fv2%2Fcategories&post=36318"},{"taxonomy":"post_tag","embeddable":true,"href":"https:\/\/noticiasveraces.com\/index.php?rest_route=%2Fwp%2Fv2%2Ftags&post=36318"}],"curies":[{"name":"wp","href":"https:\/\/api.w.org\/{rel}","templated":true}]}}