{"id":36316,"date":"2025-07-17T03:54:43","date_gmt":"2025-07-17T07:54:43","guid":{"rendered":"https:\/\/noticiasveraces.com\/?p=36316"},"modified":"2025-07-17T03:54:43","modified_gmt":"2025-07-17T07:54:43","slug":"presidente-sirio-anuncia-exito-y-retirada-de-sweida-dw-17-07-2025","status":"publish","type":"post","link":"https:\/\/noticiasveraces.com\/?p=36316","title":{"rendered":"Presidente sirio anuncia \u00ab\u00e9xito\u00bb y retirada de Sweida \u2013 DW \u2013 17\/07\/2025"},"content":{"rendered":"<p> \n<\/p>\n<div>\n<p>El presidente de Siria, Ahmed al Sharaa, anunci\u00f3 el \u00ab\u00e9xito\u00bb de los esfuerzos para frenar el estallido de violencia en la provincia meridional de Sweida (tambi\u00e9n traducida como Al Sueida o Suweida), reconociendo la mediaci\u00f3n de Estados Unidos, Turqu\u00eda y pa\u00edses \u00e1rabes.<\/p>\n<p>\u00abLos esfuerzos del Estado por restablecer la estabilidad y expulsar a las facciones proscritas han tenido \u00e9xito (&#8230;) Gracias a la eficaz intervenci\u00f3n de la mediaci\u00f3n estadounidense, \u00e1rabe y turca, se salv\u00f3 a la regi\u00f3n de un destino incierto\u00bb, dijo el presidente en un discurso televisado.<\/p>\n<h2>Facciones locales y l\u00edderes religiosos a cargo de seguridad<\/h2>\n<p>Al Sharaa explic\u00f3 que, \u00abcon base en el inter\u00e9s nacional supremo\u00bb, han decidido dejar la seguridad de Sweida en manos de facciones locales y l\u00edderes religiosos despu\u00e9s de que la llegada de las fuerzas gubernamentales desatara el martes (15.07.2025) intensos choques con los grupos drusos y tribus beduinas sunitas enfrentados\u00a0en la zona desde el domingo. <\/p>\n<p>Las fuerzas del Gobierno sirio se retiraron de toda la provincia de Sweida, confirmaron observadores y testigos, tras d\u00edas de derramamiento sectario de sangre en el coraz\u00f3n de la minor\u00eda drusa, que incluyeron la intervenci\u00f3n militar de\u00a0Israel con bombardeos en Sweida y Damasco.<\/p>\n<p>RML (EFE, AFP, actualizado a LAS 9:17 CET)<\/p>\n<\/div>\n\n","protected":false},"excerpt":{"rendered":"<p>El presidente de Siria, Ahmed al Sharaa, anunci\u00f3 el \u00ab\u00e9xito\u00bb de los esfuerzos para frenar el estallido de violencia en la provincia meridional de Sweida (tambi\u00e9n traducida como Al Sueida o Suweida), reconociendo la mediaci\u00f3n de Estados Unidos, Turqu\u00eda y pa\u00edses \u00e1rabes. \u00abLos esfuerzos del Estado por restablecer la estabilidad y expulsar a las facciones &hellip;<\/p>\n","protected":false},"author":1,"featured_media":36317,"comment_status":"open","ping_status":"open","sticky":false,"template":"","format":"standard","meta":{"fifu_image_url":"https:\/\/static.dw.com\/image\/73300595_6.jpg","fifu_image_alt":"","footnotes":""},"categories":[13],"tags":[],"class_list":["post-36316","post","type-post","status-publish","format-standard","has-post-thumbnail","","category-mundo"],"_links":{"self":[{"href":"https:\/\/noticiasveraces.com\/index.php?rest_route=\/wp\/v2\/posts\/36316","targetHints":{"allow":["GET"]}}],"collection":[{"href":"https:\/\/noticiasveraces.com\/index.php?rest_route=\/wp\/v2\/posts"}],"about":[{"href":"https:\/\/noticiasveraces.com\/index.php?rest_route=\/wp\/v2\/types\/post"}],"author":[{"embeddable":true,"href":"https:\/\/noticiasveraces.com\/index.php?rest_route=\/wp\/v2\/users\/1"}],"replies":[{"embeddable":true,"href":"https:\/\/noticiasveraces.com\/index.php?rest_route=%2Fwp%2Fv2%2Fcomments&post=36316"}],"version-history":[{"count":0,"href":"https:\/\/noticiasveraces.com\/index.php?rest_route=\/wp\/v2\/posts\/36316\/revisions"}],"wp:featuredmedia":[{"embeddable":true,"href":"https:\/\/noticiasveraces.com\/index.php?rest_route=\/wp\/v2\/media\/36317"}],"wp:attachment":[{"href":"https:\/\/noticiasveraces.com\/index.php?rest_route=%2Fwp%2Fv2%2Fmedia&parent=36316"}],"wp:term":[{"taxonomy":"category","embeddable":true,"href":"https:\/\/noticiasveraces.com\/index.php?rest_route=%2Fwp%2Fv2%2Fcategories&post=36316"},{"taxonomy":"post_tag","embeddable":true,"href":"https:\/\/noticiasveraces.com\/index.php?rest_route=%2Fwp%2Fv2%2Ftags&post=36316"}],"curies":[{"name":"wp","href":"https:\/\/api.w.org\/{rel}","templated":true}]}}