{"id":36310,"date":"2025-07-17T00:50:07","date_gmt":"2025-07-17T04:50:07","guid":{"rendered":"https:\/\/noticiasveraces.com\/?p=36310"},"modified":"2025-07-17T00:50:07","modified_gmt":"2025-07-17T04:50:07","slug":"comienza-juicio-contra-zuckerberg-y-otros-directivos-de-meta-dw-17-07-2025","status":"publish","type":"post","link":"https:\/\/noticiasveraces.com\/?p=36310","title":{"rendered":"Comienza juicio contra Zuckerberg y otros directivos de Meta \u2013 DW \u2013 17\/07\/2025"},"content":{"rendered":"<p> \n<\/p>\n<div>\n<p>El juicio contra el director ejecutivo de Meta, Mark Zuckerberg, y otros altos cargos de la compa\u00f1\u00eda por el uso y la explotaci\u00f3n indebida de datos de millones de usuarios de Facebook para la consultora pol\u00edtica Cambridge Analytica comenz\u00f3 este mi\u00e9rcoles en Delaware (Estados Unidos) con las declaraciones de los primeros testigos.<\/p>\n<p>El primer d\u00eda del proceso judicial cont\u00f3 con los testigos Neil Richards, un experto en privacidad llamado a comparecer por los demandantes, y Jeffrey Zients, que form\u00f3 parte de la junta directiva de Facebook de 2018 a 2020 y que posteriormente fue jefe de gabinete de la Casa Blanca bajo la presidencia del dem\u00f3crata Joe Biden, seg\u00fan informan medios estadounidenses.<\/p>\n<p>El caso contra Zuckerberg comenz\u00f3 en 2018 cuando se desvel\u00f3 que la empresa brit\u00e1nica Cambridge Analytica utiliz\u00f3 una aplicaci\u00f3n para recopilar millones de datos de internautas de Facebook sin su consentimiento y con fines pol\u00edticos, y se sirvi\u00f3 de ellos para elaborar perfiles psicol\u00f3gicos de votantes que supuestamente vendieron a la campa\u00f1a del ahora presidente de EE.UU., Donald Trump, durante las elecciones de 2016, que tambi\u00e9n gan\u00f3.<\/p>\n<p>Este esc\u00e1ndalo puso a Meta en el foco de atenci\u00f3n de los reguladores en todo el mundo, y la Comisi\u00f3n Federal del Comercio de EE.UU. (FTC, en ingl\u00e9s) anunci\u00f3 una sanci\u00f3n a Facebook de 5.000 millones de d\u00f3lares por infringir un acuerdo de 2012 con esta entidad que requer\u00eda proteger los datos personales de los usuarios.<\/p>\n<p>Posteriormente, accionistas de Meta Platforms, empresa matriz de Facebook, Instagram y WhatsApp, demandaron al director ejecutivo de Meta, Mark Zuckerberg, as\u00ed como a altos cargos de la empresa.<\/p>\n<p>En su litigio, los demandantes piden que tanto Zuckerberg como otros l\u00edderes de la tecnol\u00f3gica devuelvan a Meta el dinero pagado a la FTC y reembolsen otros gastos legales, que estiman en unos 8.000 millones de d\u00f3lares.<\/p>\n<p>Se espera que en este juicio sin jurado testifique el propio Zuckerberg, adem\u00e1s de otros empresarios como Peter Thiel, exmiembro de la junta directiva de Meta y cofundador de Palantir, o Reed Hastings, cofundador de Netflix y que tambi\u00e9n form\u00f3 parte de la junta directiva de la tecnol\u00f3gica.<\/p>\n<p>JC (Efe, AP)<\/p>\n<\/p>\n<\/div>\n\n","protected":false},"excerpt":{"rendered":"<p>El juicio contra el director ejecutivo de Meta, Mark Zuckerberg, y otros altos cargos de la compa\u00f1\u00eda por el uso y la explotaci\u00f3n indebida de datos de millones de usuarios de Facebook para la consultora pol\u00edtica Cambridge Analytica comenz\u00f3 este mi\u00e9rcoles en Delaware (Estados Unidos) con las declaraciones de los primeros testigos. El primer d\u00eda &hellip;<\/p>\n","protected":false},"author":1,"featured_media":36311,"comment_status":"open","ping_status":"open","sticky":false,"template":"","format":"standard","meta":{"fifu_image_url":"https:\/\/static.dw.com\/image\/71452860_6.jpg","fifu_image_alt":"","footnotes":""},"categories":[13],"tags":[],"class_list":["post-36310","post","type-post","status-publish","format-standard","has-post-thumbnail","","category-mundo"],"_links":{"self":[{"href":"https:\/\/noticiasveraces.com\/index.php?rest_route=\/wp\/v2\/posts\/36310","targetHints":{"allow":["GET"]}}],"collection":[{"href":"https:\/\/noticiasveraces.com\/index.php?rest_route=\/wp\/v2\/posts"}],"about":[{"href":"https:\/\/noticiasveraces.com\/index.php?rest_route=\/wp\/v2\/types\/post"}],"author":[{"embeddable":true,"href":"https:\/\/noticiasveraces.com\/index.php?rest_route=\/wp\/v2\/users\/1"}],"replies":[{"embeddable":true,"href":"https:\/\/noticiasveraces.com\/index.php?rest_route=%2Fwp%2Fv2%2Fcomments&post=36310"}],"version-history":[{"count":0,"href":"https:\/\/noticiasveraces.com\/index.php?rest_route=\/wp\/v2\/posts\/36310\/revisions"}],"wp:featuredmedia":[{"embeddable":true,"href":"https:\/\/noticiasveraces.com\/index.php?rest_route=\/wp\/v2\/media\/36311"}],"wp:attachment":[{"href":"https:\/\/noticiasveraces.com\/index.php?rest_route=%2Fwp%2Fv2%2Fmedia&parent=36310"}],"wp:term":[{"taxonomy":"category","embeddable":true,"href":"https:\/\/noticiasveraces.com\/index.php?rest_route=%2Fwp%2Fv2%2Fcategories&post=36310"},{"taxonomy":"post_tag","embeddable":true,"href":"https:\/\/noticiasveraces.com\/index.php?rest_route=%2Fwp%2Fv2%2Ftags&post=36310"}],"curies":[{"name":"wp","href":"https:\/\/api.w.org\/{rel}","templated":true}]}}