{"id":36278,"date":"2025-07-16T21:47:06","date_gmt":"2025-07-17T01:47:06","guid":{"rendered":"https:\/\/noticiasveraces.com\/?p=36278"},"modified":"2025-07-16T21:47:06","modified_gmt":"2025-07-17T01:47:06","slug":"alemania-rechaza-la-propuesta-de-presupuesto-para-la-ue-dw-17-07-2025","status":"publish","type":"post","link":"https:\/\/noticiasveraces.com\/?p=36278","title":{"rendered":"Alemania rechaza la propuesta de presupuesto para la UE \u2013 DW \u2013 17\/07\/2025"},"content":{"rendered":"<p> \n<\/p>\n<div>\n<p>El gobierno de Alemania manifest\u00f3 su rechazo a los planes de la Comisi\u00f3n Europea presentados el mi\u00e9rcoles (16.07.2025) seg\u00fan los cuales el borrador presupuestario comunitario para el periodo 2028-2034 alcanzar\u00eda los dos billones de euros.<\/p>\n<p>\u00abUn aumento global del presupuesto de la UE es inaceptable en un momento en que todos los Estados miembros est\u00e1n haciendo esfuerzos considerables para consolidar sus presupuestos nacionales. Por lo tanto, no podremos aceptar la propuesta de la Comisi\u00f3n\u00bb, indic\u00f3 un comunicado del Ejecutivo, emitido por el canciller Friedrich Merz.<\/p>\n<p>\u00abTampoco apoyamos la fiscalidad adicional de las empresas propuesta por la Comisi\u00f3n Europea\u00bb, precis\u00f3 el texto, en una reacci\u00f3n al borrador presupuestario para el periodo 2028-2034 presentado este mi\u00e9rcoles en Bruselas.<\/p>\n<p>Tambi\u00e9n afirma lo siguiente: \u00abEuropa se enfrenta a retos hist\u00f3ricos a los que el pr\u00f3ximo marco financiero debe dar respuesta\u00bb.<\/p>\n<p>\u00abDebemos mejorar nuestra competitividad y estar preparados para la defensa. Europa debe ser capaz de actuar a escala mundial\u00bb, agreg\u00f3 el comunicado gubernamental alem\u00e1n, que s\u00ed reconoci\u00f3 la apuesta por la \u00abreforma\u00bb de la Comisi\u00f3n as\u00ed como la voluntad de fijar \u00abnuevas prioridades\u00bb.<\/p>\n<p> \u00abEsta direcci\u00f3n es la adecuada para hacer fuerte a Europa de cara al futuro\u00bb, concluy\u00f3 el comunicado.<\/p>\n<p>GS (Efe, Reuters)<\/p>\n<\/div>\n\n","protected":false},"excerpt":{"rendered":"<p>El gobierno de Alemania manifest\u00f3 su rechazo a los planes de la Comisi\u00f3n Europea presentados el mi\u00e9rcoles (16.07.2025) seg\u00fan los cuales el borrador presupuestario comunitario para el periodo 2028-2034 alcanzar\u00eda los dos billones de euros. \u00abUn aumento global del presupuesto de la UE es inaceptable en un momento en que todos los Estados miembros est\u00e1n &hellip;<\/p>\n","protected":false},"author":1,"featured_media":36279,"comment_status":"open","ping_status":"open","sticky":false,"template":"","format":"standard","meta":{"fifu_image_url":"https:\/\/static.dw.com\/image\/73208369_6.jpg","fifu_image_alt":"","footnotes":""},"categories":[13],"tags":[],"class_list":["post-36278","post","type-post","status-publish","format-standard","has-post-thumbnail","","category-mundo"],"_links":{"self":[{"href":"https:\/\/noticiasveraces.com\/index.php?rest_route=\/wp\/v2\/posts\/36278","targetHints":{"allow":["GET"]}}],"collection":[{"href":"https:\/\/noticiasveraces.com\/index.php?rest_route=\/wp\/v2\/posts"}],"about":[{"href":"https:\/\/noticiasveraces.com\/index.php?rest_route=\/wp\/v2\/types\/post"}],"author":[{"embeddable":true,"href":"https:\/\/noticiasveraces.com\/index.php?rest_route=\/wp\/v2\/users\/1"}],"replies":[{"embeddable":true,"href":"https:\/\/noticiasveraces.com\/index.php?rest_route=%2Fwp%2Fv2%2Fcomments&post=36278"}],"version-history":[{"count":0,"href":"https:\/\/noticiasveraces.com\/index.php?rest_route=\/wp\/v2\/posts\/36278\/revisions"}],"wp:featuredmedia":[{"embeddable":true,"href":"https:\/\/noticiasveraces.com\/index.php?rest_route=\/wp\/v2\/media\/36279"}],"wp:attachment":[{"href":"https:\/\/noticiasveraces.com\/index.php?rest_route=%2Fwp%2Fv2%2Fmedia&parent=36278"}],"wp:term":[{"taxonomy":"category","embeddable":true,"href":"https:\/\/noticiasveraces.com\/index.php?rest_route=%2Fwp%2Fv2%2Fcategories&post=36278"},{"taxonomy":"post_tag","embeddable":true,"href":"https:\/\/noticiasveraces.com\/index.php?rest_route=%2Fwp%2Fv2%2Ftags&post=36278"}],"curies":[{"name":"wp","href":"https:\/\/api.w.org\/{rel}","templated":true}]}}