{"id":36266,"date":"2025-07-16T18:43:14","date_gmt":"2025-07-16T22:43:14","guid":{"rendered":"https:\/\/noticiasveraces.com\/?p=36266"},"modified":"2025-07-16T18:43:14","modified_gmt":"2025-07-16T22:43:14","slug":"ue-propone-presupuesto-de-2-billones-de-euros-para-2028-2034-dw-16-07-2025","status":"publish","type":"post","link":"https:\/\/noticiasveraces.com\/?p=36266","title":{"rendered":"UE propone presupuesto de 2 billones de euros para 2028-2034 \u2013 DW \u2013 16\/07\/2025"},"content":{"rendered":"<p> \n<\/p>\n<div>\n<p>La Comisi\u00f3n Europea present\u00f3 este mi\u00e9rcoles (16.07.2025) su \u00abm\u00e1s ambicioso\u00bb proyecto de presupuesto, de dos billones de euros, para el per\u00edodo 2028-2034, que busca incluir el apoyo a Ucrania y enormes gastos en defensa.<\/p>\n<p>Con la presentaci\u00f3n, el brazo ejecutivo de la Uni\u00f3n Europea (UE) abri\u00f3 un complejo proceso de negociaci\u00f3n que envuelve a los gobiernos nacionales del bloque y al Parlamento Europeo y que se debe extender por unos dos a\u00f1os.<\/p>\n<p>El presupuesto es \u00abm\u00e1s inteligente, m\u00e1s estrat\u00e9gico, m\u00e1s flexible y m\u00e1s transparente\u00bb, afirm\u00f3 la presidenta de la Comisi\u00f3n Europea, Ursula von der Leyen, y sostuvo que \u00abser\u00e1 el m\u00e1s ambicioso jam\u00e1s propuesto\u00bb.<\/p>\n<p>El plan sugiere una revisi\u00f3n del enorme sistema de auxilio y subsidios a los agricultores de la UE, la denominada Pol\u00edtica Agr\u00edcola Com\u00fan (PAC), un segmento que hasta ahora ha sido pr\u00e1cticamente intocable.<\/p>\n<h2><strong>\u00abUn esfuerzo sin precedente para la competitividad de Europa\u00bb<\/strong><\/h2>\n<p>Adem\u00e1s, contempla un paquete de 300.000 millones de euros (unos 340.000 millones de d\u00f3lares) para apoyar \u00ablos ingresos de los agricultores\u00bb del bloque.<\/p>\n<p>Tambi\u00e9n propone un paquete de 100.000 millones de euros (unos 115.000 millones de d\u00f3lares) para el soporte a Ucrania hasta 2034.<\/p>\n<p>En general, los recursos dedicados a defensa y seguridad ascienden a unos 131.000 millones de euros (unos 150.000 millones de d\u00f3lares).<\/p>\n<p>De acuerdo con el comisario europeo de estrategia industrial St\u00e9phane S\u00e9journ\u00e9 se trata de \u00abun esfuerzo sin precedente para la competitividad de Europa\u00bb.<\/p>\n<p>RR AFP\/Reuters<\/p>\n<\/div>\n\n","protected":false},"excerpt":{"rendered":"<p>La Comisi\u00f3n Europea present\u00f3 este mi\u00e9rcoles (16.07.2025) su \u00abm\u00e1s ambicioso\u00bb proyecto de presupuesto, de dos billones de euros, para el per\u00edodo 2028-2034, que busca incluir el apoyo a Ucrania y enormes gastos en defensa. Con la presentaci\u00f3n, el brazo ejecutivo de la Uni\u00f3n Europea (UE) abri\u00f3 un complejo proceso de negociaci\u00f3n que envuelve a los &hellip;<\/p>\n","protected":false},"author":1,"featured_media":36267,"comment_status":"open","ping_status":"open","sticky":false,"template":"","format":"standard","meta":{"fifu_image_url":"https:\/\/static.dw.com\/image\/73303941_6.jpg","fifu_image_alt":"","footnotes":""},"categories":[13],"tags":[],"class_list":["post-36266","post","type-post","status-publish","format-standard","has-post-thumbnail","","category-mundo"],"_links":{"self":[{"href":"https:\/\/noticiasveraces.com\/index.php?rest_route=\/wp\/v2\/posts\/36266","targetHints":{"allow":["GET"]}}],"collection":[{"href":"https:\/\/noticiasveraces.com\/index.php?rest_route=\/wp\/v2\/posts"}],"about":[{"href":"https:\/\/noticiasveraces.com\/index.php?rest_route=\/wp\/v2\/types\/post"}],"author":[{"embeddable":true,"href":"https:\/\/noticiasveraces.com\/index.php?rest_route=\/wp\/v2\/users\/1"}],"replies":[{"embeddable":true,"href":"https:\/\/noticiasveraces.com\/index.php?rest_route=%2Fwp%2Fv2%2Fcomments&post=36266"}],"version-history":[{"count":0,"href":"https:\/\/noticiasveraces.com\/index.php?rest_route=\/wp\/v2\/posts\/36266\/revisions"}],"wp:featuredmedia":[{"embeddable":true,"href":"https:\/\/noticiasveraces.com\/index.php?rest_route=\/wp\/v2\/media\/36267"}],"wp:attachment":[{"href":"https:\/\/noticiasveraces.com\/index.php?rest_route=%2Fwp%2Fv2%2Fmedia&parent=36266"}],"wp:term":[{"taxonomy":"category","embeddable":true,"href":"https:\/\/noticiasveraces.com\/index.php?rest_route=%2Fwp%2Fv2%2Fcategories&post=36266"},{"taxonomy":"post_tag","embeddable":true,"href":"https:\/\/noticiasveraces.com\/index.php?rest_route=%2Fwp%2Fv2%2Ftags&post=36266"}],"curies":[{"name":"wp","href":"https:\/\/api.w.org\/{rel}","templated":true}]}}