{"id":36260,"date":"2025-07-16T18:10:13","date_gmt":"2025-07-16T22:10:13","guid":{"rendered":"https:\/\/noticiasveraces.com\/?p=36260"},"modified":"2025-07-16T18:10:13","modified_gmt":"2025-07-16T22:10:13","slug":"ivan-rene-valenciano-fue-hospitalizado-en-estados-unidos-que-paso","status":"publish","type":"post","link":"https:\/\/noticiasveraces.com\/?p=36260","title":{"rendered":"Iv\u00e1n Ren\u00e9 Valenciano fue hospitalizado en Estados Unidos: \u00bfQu\u00e9 pas\u00f3?"},"content":{"rendered":"<p> \n<br \/><img decoding=\"async\" src=\"https:\/\/www.futbolred.com\/files\/article_graphic\/uploads\/2023\/11\/01\/65426d0c7dd38.jpeg\" \/><\/p>\n<header>\n<h3>\n<p>                Curiosidades de f\u00fatbol<br \/>\n            <\/h3>\n<h1>\n<p>            Iv\u00e1n Ren\u00e9 Valenciano fue hospitalizado en Estados Unidos: \u00bfQu\u00e9 pas\u00f3?<br \/>\n        <\/h1>\n<address>\n            <a>Andres Julian Abril Gomez<br \/>\n        <\/address>\n<p>            16 de julio 2025 , 11:45 a.\u00a0m.<\/p>\n<\/header>\n<p>La leyenda del f\u00fatbol colombiano tuvo un quebranto en su salud en las \u00faltimas horas.<\/p>\n<p><b>Iv\u00e1n Ren\u00e9 Valenciano <\/b>gener\u00f3 preocupaci\u00f3n en las \u00faltimas horas luego de una publicaci\u00f3n en redes sociales en donde se le ve en un hospital en Miami, Estados Unidos donde est\u00e1 radicado hace un tiempo.  <\/p>\n<p>El exjugador de la Selecci\u00f3n Colombia e \u00eddolo de Junior de Barranquilla sufri\u00f3 un importante tema de salud que inform\u00f3 el periodista Fabio Poveda en una publicaci\u00f3n de \u00faltimo momento.  <\/p>\n<p>\u00abEl m\u00e1s grande goleador de Junior se encuentra hospitalizado en Miami. Lleg\u00f3 con algunos malestares y la hemoglobina muy baja\u00bb, dijo el periodista en su cuenta de X.<\/p>\n<p>Poveda tambi\u00e9n menciona que Valenciano actualmente est\u00e1 pasando por varios ex\u00e1menes m\u00e9dicos que revelar\u00e1n lo ocurrido con su salud.<\/p>\n<p>    Unos minutos despu\u00e9s, Fabio Poveda actualiz\u00f3 el estado de salud del exjugador y revel\u00f3 que est\u00e1 un poco mejor: \u00abVa mejorando Ivan Valenciano. El Bomber lleg\u00f3 con la Hemoglobina en 3 y ya se la han logrado subir a 8. Siguen los ex\u00e1menes aunque ya se siente mucho mejor. Oremos por su salud. Dios es el mejor doctor\u00bb.&nbsp;<\/p>\n<p>Vale se\u00f1alar que Valenciano tras su publicaci\u00f3n en Instagram que preocup\u00f3 a todos ha recibido muchos mensajes de apoyo de varios excompa\u00f1eros y tambi\u00e9n colegas de su profesi\u00f3n que le desearon una pronta recuperaci\u00f3n.<\/p>\n\n","protected":false},"excerpt":{"rendered":"<p>Curiosidades de f\u00fatbol Iv\u00e1n Ren\u00e9 Valenciano fue hospitalizado en Estados Unidos: \u00bfQu\u00e9 pas\u00f3? Andres Julian Abril Gomez 16 de julio 2025 , 11:45 a.\u00a0m. La leyenda del f\u00fatbol colombiano tuvo un quebranto en su salud en las \u00faltimas horas. Iv\u00e1n Ren\u00e9 Valenciano gener\u00f3 preocupaci\u00f3n en las \u00faltimas horas luego de una publicaci\u00f3n en redes sociales &hellip;<\/p>\n","protected":false},"author":1,"featured_media":36262,"comment_status":"open","ping_status":"open","sticky":false,"template":"","format":"standard","meta":{"fifu_image_url":"https:\/\/www.futbolred.com\/files\/og_thumbnail\/uploads\/2023\/11\/01\/65426d0c7dd38.jpeg","fifu_image_alt":"","footnotes":""},"categories":[6],"tags":[],"class_list":["post-36260","post","type-post","status-publish","format-standard","has-post-thumbnail","","category-deportes"],"_links":{"self":[{"href":"https:\/\/noticiasveraces.com\/index.php?rest_route=\/wp\/v2\/posts\/36260","targetHints":{"allow":["GET"]}}],"collection":[{"href":"https:\/\/noticiasveraces.com\/index.php?rest_route=\/wp\/v2\/posts"}],"about":[{"href":"https:\/\/noticiasveraces.com\/index.php?rest_route=\/wp\/v2\/types\/post"}],"author":[{"embeddable":true,"href":"https:\/\/noticiasveraces.com\/index.php?rest_route=\/wp\/v2\/users\/1"}],"replies":[{"embeddable":true,"href":"https:\/\/noticiasveraces.com\/index.php?rest_route=%2Fwp%2Fv2%2Fcomments&post=36260"}],"version-history":[{"count":0,"href":"https:\/\/noticiasveraces.com\/index.php?rest_route=\/wp\/v2\/posts\/36260\/revisions"}],"wp:featuredmedia":[{"embeddable":true,"href":"https:\/\/noticiasveraces.com\/index.php?rest_route=\/wp\/v2\/media\/36262"}],"wp:attachment":[{"href":"https:\/\/noticiasveraces.com\/index.php?rest_route=%2Fwp%2Fv2%2Fmedia&parent=36260"}],"wp:term":[{"taxonomy":"category","embeddable":true,"href":"https:\/\/noticiasveraces.com\/index.php?rest_route=%2Fwp%2Fv2%2Fcategories&post=36260"},{"taxonomy":"post_tag","embeddable":true,"href":"https:\/\/noticiasveraces.com\/index.php?rest_route=%2Fwp%2Fv2%2Ftags&post=36260"}],"curies":[{"name":"wp","href":"https:\/\/api.w.org\/{rel}","templated":true}]}}