{"id":36250,"date":"2025-07-16T15:39:08","date_gmt":"2025-07-16T19:39:08","guid":{"rendered":"https:\/\/noticiasveraces.com\/?p=36250"},"modified":"2025-07-16T15:39:08","modified_gmt":"2025-07-16T19:39:08","slug":"por-que-y-como-zelenski-reestructura-su-gobierno-dw-16-07-2025","status":"publish","type":"post","link":"https:\/\/noticiasveraces.com\/?p=36250","title":{"rendered":"\u00bfPor qu\u00e9 y c\u00f3mo Zelenski reestructura su Gobierno? \u2013 DW \u2013 16\/07\/2025"},"content":{"rendered":"<p> \n<\/p>\n<div>\n<p>Los rumores de reestructuraci\u00f3n gubernamental han circulado en Ucrania durante los \u00faltimos tres a\u00f1os y ahora se han hecho realidad. El mi\u00e9rcoles (16.7.), el Parlamento ucraniano aprob\u00f3 la dimisi\u00f3n del primer ministro, Denis Shmihal, quien estuvo m\u00e1s de cinco a\u00f1os en el cargo, m\u00e1s que cualquier otro jefe de Gobierno ucraniano.<\/p>\n<p>Dos d\u00edas antes, el presidente Volodimir Zelenski hab\u00eda propuesto a la exministra de Econom\u00eda Yulia Svyrydenko como nueva jefa de Gobierno. La mujer de 39 a\u00f1os fue la sustituta delegada de Shmihal. Cobr\u00f3 mayor relevancia durante las semanas de negociaciones sobre un acuerdo de materias primas con Estados Unidos, firmado en Washington, a finales de abril. Demostr\u00f3 ser una f\u00e9rrea negociadora.<\/p>\n<p>Zelenski afirm\u00f3 que era necesario reestructurar el Poder Ejecutivo ahora para implementar los acuerdos alcanzados con los socios internacionales. El presidente ucraniano declar\u00f3 que \u00e9l contaba pronto con un nuevo programa de gobierno.<\/p>\n<h2>\u00bfEst\u00e1 sujeta la reestructuraci\u00f3n a la ley marcial?<\/h2>\n<p>El Parlamento ucraniano tiene previsto votar sobre el nuevo Gobierno el jueves 17 de julio. Sin embargo, el art\u00edculo 10 de la ley marcial establece que los poderes del presidente, el Parlamento, el Gobierno, el Banco Nacional y otros organismos estatales no podr\u00e1n ser revocados.<\/p>\n<p>Por lo tanto, los representantes de la oposici\u00f3n dudan de la legitimidad del inminente cambio de Gobierno. \u00abEl Parlamento extendi\u00f3 recientemente el estado de ley marcial y ahora se podr\u00eda violar el art\u00edculo 10, aunque todos coinciden en que primero deber\u00eda precisarse o modificarse la legislaci\u00f3n \u00ab, declar\u00f3 Yaroslav Zhelezniak, miembro de la facci\u00f3n opositora Holos (Voz).<\/p>\n<p>Zelenski tambi\u00e9n est\u00e1 recibiendo cr\u00edticas por ofrecer p\u00fablicamente a Yulia Sviridenko el cargo de primera ministra, violando as\u00ed el orden establecido. Seg\u00fan dicha ley, el presidente solo puede nombrar a un jefe de Gobierno por recomendaci\u00f3n del Parlamento. Sin embargo, esta recomendaci\u00f3n debe ir precedida de una propuesta de la coalici\u00f3n gobernante en el Parlamento. Actualmente, el partido presidencial \u00abServidor del Pueblo\u201d tiene mayor\u00eda parlamentaria.<\/p>\n<p><span data-slot-id=\"Article_InContent-1\" class=\"rich-text-ad\"\/><\/p>\n<h2>\u00bfEstaba el presidente insatisfecho con el Gobierno?<\/h2>\n<p>El polit\u00f3logo y cofundador de la Plataforma Nacional para la Sostenibilidad y la Cohesi\u00f3n, Oleh Saakian, cree que el Parlamento votar\u00e1 a favor de esta resoluci\u00f3n por conveniencia pol\u00edtica, ignorando la normativa legal. Saakian cree que se trata de una \u00abreorganizaci\u00f3n gubernamental tard\u00eda\u00bb que, en realidad, estaba prevista para 2024.<\/p>\n<p>Las principales razones son las tensiones persistentes dentro del Gobierno y \u00abuna serie de evidentes problemas de gesti\u00f3n\u00bb en diversas \u00e1reas pol\u00edticas, desde el sector de defensa hasta las infraestructuras y la pol\u00edtica social. \u00abEl Gobierno quiere disipar p\u00fablicamente algunas de estas tensiones. Quieren ganarse la confianza, por as\u00ed decirlo, a tiempo\u00bb, afirm\u00f3 el experto.<\/p>\n<h2>No se esperan cambios en la pol\u00edtica interna<\/h2>\n<p>Sin embargo, el polit\u00f3logo y director del Centro Ucraniano de Investigaci\u00f3n de Pol\u00edtica Aplicada \u00abPenta\u00bb, Volodimir Fesenko, duda de que el cambio de jefe de Gobierno por s\u00ed solo genere cambios importantes en la pol\u00edtica interna. \u00abLas decisiones pol\u00edticas clave seguir\u00e1n tom\u00e1ndose en la oficina presidencial, y Sviridenko, al igual que el Gobierno, las implementar\u00e1\u00bb, afirm\u00f3 Fesenko.<\/p>\n<p>El subdirector de la oficina presidencial durante el gobierno de Andri Yermak, es considerado un hombre de confianza de Zelenski, un pol\u00edtico joven, din\u00e1mico y con nuevos enfoques. Fesenko se\u00f1al\u00f3\u00a0que Sviridenko cuenta con la experiencia necesaria para trabajar en tiempos de guerra y en el trato con instituciones internacionales.<\/p>\n<figure class=\"placeholder-image master_landscape big\"><img data-format=\"MASTER_LANDSCAPE\" data-id=\"73274196\" data-url=\"https:\/\/static.dw.com\/image\/73274196_${formatId}.jpg\" data-aspect-ratio=\"16\/9\" alt=\"Yulia Sviridenko.\" style=\"padding-bottom: 56.25%; height: 0; max-height: 0;\"\/><figcaption class=\"img-caption\">Yulia Sviridenko, candidata al cargo de primera ministra en Ucrania.<small class=\"copyright\">Imagen: Kaniuka Ruslan\/Ukrinform\/Imagination<\/small><\/figcaption><\/figure>\n<h2>\u00bfCambiar\u00e1 la labor del Gobierno?<\/h2>\n<p>Petro Oleshchuk, polit\u00f3logo de la Universidad Taras Shevchenko de Kiev, cree que, a pesar de los diversos esc\u00e1ndalos de corrupci\u00f3n en el gabinete, Zelenski quiere demostrar que a\u00fan cuenta con un equipo que seguir\u00e1 trabajando con \u00e9l.<\/p>\n<p>Tampoco se espera que Denis Shmihal abandone el Gobierno, sino que se\u00a0convierta en ministro de Defensa. \u00abEl traslado de Shmihal a otro cargo dentro del Gobierno pretende demostrar que no hay disputas internas. Se trata simplemente de cambios de personal dentro de un equipo\u00bb, declar\u00f3 Oleshchuk a DW.<\/p>\n<p>Oleh Saakian, por su parte, cree que la limitada reorganizaci\u00f3n del Gobierno demuestra una grave escasez de personal cualificado y de confianza. Se muestra esc\u00e9ptico sobre las perspectivas a largo plazo: \u00abEs una inyecci\u00f3n de adrenalina para el Gobierno actual, pero no cambiar\u00e1 fundamentalmente su calidad\u201d.<\/p>\n<p>Entretanto, el presidente Zelenski ya ha esbozado las prioridades clave para el nuevo Gobierno, entre ellas, el aumento de la producci\u00f3n nacional de armas, el desarrollo de proyectos de defensa y una desregulaci\u00f3n econ\u00f3mica integral.<\/p>\n<p>(RMR\/EL)<\/p>\n<\/p>\n<\/div>\n\n","protected":false},"excerpt":{"rendered":"<p>Los rumores de reestructuraci\u00f3n gubernamental han circulado en Ucrania durante los \u00faltimos tres a\u00f1os y ahora se han hecho realidad. El mi\u00e9rcoles (16.7.), el Parlamento ucraniano aprob\u00f3 la dimisi\u00f3n del primer ministro, Denis Shmihal, quien estuvo m\u00e1s de cinco a\u00f1os en el cargo, m\u00e1s que cualquier otro jefe de Gobierno ucraniano. Dos d\u00edas antes, el &hellip;<\/p>\n","protected":false},"author":1,"featured_media":36251,"comment_status":"open","ping_status":"open","sticky":false,"template":"","format":"standard","meta":{"fifu_image_url":"https:\/\/static.dw.com\/image\/73274291_6.jpg","fifu_image_alt":"","footnotes":""},"categories":[13],"tags":[],"class_list":["post-36250","post","type-post","status-publish","format-standard","has-post-thumbnail","","category-mundo"],"_links":{"self":[{"href":"https:\/\/noticiasveraces.com\/index.php?rest_route=\/wp\/v2\/posts\/36250","targetHints":{"allow":["GET"]}}],"collection":[{"href":"https:\/\/noticiasveraces.com\/index.php?rest_route=\/wp\/v2\/posts"}],"about":[{"href":"https:\/\/noticiasveraces.com\/index.php?rest_route=\/wp\/v2\/types\/post"}],"author":[{"embeddable":true,"href":"https:\/\/noticiasveraces.com\/index.php?rest_route=\/wp\/v2\/users\/1"}],"replies":[{"embeddable":true,"href":"https:\/\/noticiasveraces.com\/index.php?rest_route=%2Fwp%2Fv2%2Fcomments&post=36250"}],"version-history":[{"count":0,"href":"https:\/\/noticiasveraces.com\/index.php?rest_route=\/wp\/v2\/posts\/36250\/revisions"}],"wp:featuredmedia":[{"embeddable":true,"href":"https:\/\/noticiasveraces.com\/index.php?rest_route=\/wp\/v2\/media\/36251"}],"wp:attachment":[{"href":"https:\/\/noticiasveraces.com\/index.php?rest_route=%2Fwp%2Fv2%2Fmedia&parent=36250"}],"wp:term":[{"taxonomy":"category","embeddable":true,"href":"https:\/\/noticiasveraces.com\/index.php?rest_route=%2Fwp%2Fv2%2Fcategories&post=36250"},{"taxonomy":"post_tag","embeddable":true,"href":"https:\/\/noticiasveraces.com\/index.php?rest_route=%2Fwp%2Fv2%2Ftags&post=36250"}],"curies":[{"name":"wp","href":"https:\/\/api.w.org\/{rel}","templated":true}]}}