{"id":36245,"date":"2025-07-16T15:04:58","date_gmt":"2025-07-16T19:04:58","guid":{"rendered":"https:\/\/noticiasveraces.com\/?p=36245"},"modified":"2025-07-16T15:04:58","modified_gmt":"2025-07-16T19:04:58","slug":"formas-legales-y-pasos-para-cambiar-un-contrato-de-trabajo-en-espana","status":"publish","type":"post","link":"https:\/\/noticiasveraces.com\/?p=36245","title":{"rendered":"Formas legales y pasos para cambiar un contrato de trabajo en Espa\u00f1a"},"content":{"rendered":"<p> \n<\/p>\n<div>\n<p><picture fetchpriority=\"high\" class=\"alignnone size-full wp-image-30980 first-post-image\" data-no-lazy=\"true\"><source type=\"image\/webp\" srcset=\"https:\/\/www.economiafinanzas.com\/wp-content\/uploads\/2024\/12\/trabajador-durmiendo.jpg.webp 1200w, https:\/\/www.economiafinanzas.com\/wp-content\/uploads\/2024\/12\/trabajador-durmiendo-300x200.jpg.webp 300w, https:\/\/www.economiafinanzas.com\/wp-content\/uploads\/2024\/12\/trabajador-durmiendo-1024x683.jpg.webp 1024w, https:\/\/www.economiafinanzas.com\/wp-content\/uploads\/2024\/12\/trabajador-durmiendo-768x512.jpg.webp 768w, https:\/\/www.economiafinanzas.com\/wp-content\/uploads\/2024\/12\/trabajador-durmiendo-400x267.jpg.webp 400w, https:\/\/www.economiafinanzas.com\/wp-content\/uploads\/2024\/12\/trabajador-durmiendo-450x300.jpg.webp 450w, https:\/\/www.economiafinanzas.com\/wp-content\/uploads\/2024\/12\/trabajador-durmiendo-420x280.jpg.webp 420w, https:\/\/www.economiafinanzas.com\/wp-content\/uploads\/2024\/12\/trabajador-durmiendo-840x560.jpg.webp 840w, https:\/\/www.economiafinanzas.com\/wp-content\/uploads\/2024\/12\/trabajador-durmiendo-150x100.jpg.webp 150w\" sizes=\"(max-width: 1024px) 100vw, 860px\"\/><img decoding=\"async\" fetchpriority=\"high\" src=\"https:\/\/www.economiafinanzas.com\/wp-content\/uploads\/2024\/12\/trabajador-durmiendo.jpg\" alt=\"trabajador durmiendo\" width=\"1200\" height=\"800\" srcset=\"https:\/\/www.economiafinanzas.com\/wp-content\/uploads\/2024\/12\/trabajador-durmiendo.jpg 1200w, https:\/\/www.economiafinanzas.com\/wp-content\/uploads\/2024\/12\/trabajador-durmiendo-300x200.jpg 300w, https:\/\/www.economiafinanzas.com\/wp-content\/uploads\/2024\/12\/trabajador-durmiendo-1024x683.jpg 1024w, https:\/\/www.economiafinanzas.com\/wp-content\/uploads\/2024\/12\/trabajador-durmiendo-768x512.jpg 768w, https:\/\/www.economiafinanzas.com\/wp-content\/uploads\/2024\/12\/trabajador-durmiendo-400x267.jpg 400w, https:\/\/www.economiafinanzas.com\/wp-content\/uploads\/2024\/12\/trabajador-durmiendo-450x300.jpg 450w, https:\/\/www.economiafinanzas.com\/wp-content\/uploads\/2024\/12\/trabajador-durmiendo-420x280.jpg 420w, https:\/\/www.economiafinanzas.com\/wp-content\/uploads\/2024\/12\/trabajador-durmiendo-840x560.jpg 840w, https:\/\/www.economiafinanzas.com\/wp-content\/uploads\/2024\/12\/trabajador-durmiendo-150x100.jpg 150w\" sizes=\"(max-width: 1024px) 100vw, 860px\" data-no-lazy=\"true\"\/>\n<\/picture><\/p>\n<p><strong>El mundo laboral est\u00e1 en constante movimiento<\/strong>. Tanto empresarios como trabajadores se encuentran con situaciones en las que es necesario modificar un contrato, ya sea por necesidades de la empresa, cambios en las circunstancias personales del trabajador o actualizaciones en los convenios. <strong>Saber c\u00f3mo realizar estos cambios dentro de la legalidad es fundamental para evitar problemas<\/strong> y garantizar los derechos de cada parte. A menudo surgen dudas: \u00bfrealmente puede una empresa cambiar unilateralmente el contrato? \u00bfQu\u00e9 opciones tiene el trabajador si no est\u00e1 de acuerdo con los nuevos t\u00e9rminos?<\/p>\n<p><strong>En este art\u00edculo desgranamos en profundidad todo lo que necesitas saber sobre las formas legales de cambiar tu contrato de trabajo en Espa\u00f1a<\/strong>. Vamos a examinar los mecanismos previstos por el Estatuto de los Trabajadores, los pasos y procedimientos imprescindibles, los derechos y obligaciones de ambas partes y las situaciones m\u00e1s habituales, desde los ajustes menores hasta las modificaciones sustanciales o los traslados geogr\u00e1ficos.<\/p>\n<h2><strong>\u00bfCu\u00e1ndo y por qu\u00e9 cambiar un contrato de trabajo?<\/strong><\/h2>\n<p>Las circunstancias laborales no siempre permanecen est\u00e1ticas. <strong>Hay varias razones justificadas para cambiar un contrato de trabajo<\/strong>:<\/p>\n<ul>\n<li><strong>Modificaciones en las funciones<\/strong>: A veces, las tareas asignadas a un puesto evolucionan significativamente y necesitan reflejarse en el contrato.<\/li>\n<li><strong>Cambios en la jornada laboral<\/strong>: Tanto en aumentos como reducciones de horas, es obligatorio adaptar el contrato para dejar constancia. Para entender mejor c\u00f3mo aplicar estos cambios, puedes consultar recursos sobre contratos laborales en pr\u00e1ctica.<\/li>\n<li><strong>Variaciones salarial<\/strong>: Subidas o bajadas de salario deben constar, siguiendo los procedimientos legales, en el documento contractual.<\/li>\n<li><strong>Cuestiones econ\u00f3micas o t\u00e9cnicas dentro de la empresa<\/strong>: Cuando existen causas de tipo econ\u00f3mico, organizativo, t\u00e9cnico o de producci\u00f3n, la empresa puede necesitar ajustar condiciones para asegurar su viabilidad.<\/li>\n<li><strong>Cambio de sede o centro de trabajo<\/strong>: Si la empresa se traslada o abre nuevas ubicaciones, el contrato puede requerir cambios, especialmente si implica movilidad geogr\u00e1fica.<\/li>\n<\/ul>\n<p>Adem\u00e1s, la modificaci\u00f3n del contrato se puede producir por acuerdo entre las partes o, en algunos casos, por decisi\u00f3n justificada del empleador. <strong>Las condiciones iniciales no son inamovibles, pero existen garant\u00edas legales para que los cambios sean justos<\/strong>.<\/p>\n<h2><strong>Tipos de modificaciones contractuales<\/strong><\/h2>\n<p><strong>El Estatuto de los Trabajadores regula diferentes formas de modificar un contrato<\/strong>. Se pueden agrupar en:<\/p>\n<ul>\n<li><strong>Modificaci\u00f3n objetiva<\/strong>: Afecta a aspectos fundamentales de la relaci\u00f3n laboral, como el horario, la jornada, el salario, el lugar de trabajo o las funciones.<\/li>\n<li><strong>Modificaci\u00f3n subjetiva<\/strong>: Cambios relacionados con la titularidad de la empresa, cesi\u00f3n de trabajadores o subrogaciones. No alteran las condiciones esenciales del contrato.<\/li>\n<\/ul>\n<p><strong>El procedimiento y las consecuencias var\u00edan seg\u00fan el tipo y el alcance de la modificaci\u00f3n<\/strong>.<\/p>\n<h2><strong>Modificaciones sustanciales de las condiciones de trabajo<\/strong><\/h2>\n<p><strong>Una de las v\u00edas m\u00e1s importantes es la modificaci\u00f3n sustancial de las condiciones de trabajo<\/strong>regulada en el art\u00edculo 41 del Estatuto de los Trabajadores. Se produce cuando la empresa necesita realizar ajustes que afectan a elementos esenciales y que pueden suponer un perjuicio para el trabajador. <strong>Solo se puede aplicar cuando existan razones econ\u00f3micas, t\u00e9cnicas, organizativas o de producci\u00f3n (ETOP) debidamente justificadas<\/strong>.<\/p>\n<p>Las materias que suelen quedar afectadas incluyen:<\/p>\n<ul>\n<li>Jornada de trabajo.<\/li>\n<li>Horario y distribuci\u00f3n del tiempo de trabajo.<\/li>\n<li>R\u00e9gimen de trabajo a turnos.<\/li>\n<li>Sistemas de remuneraci\u00f3n y cuant\u00eda salarial.<\/li>\n<li>Sistema de trabajo y rendimiento.<\/li>\n<li>Funciones, cuando excedan los l\u00edmites de la movilidad funcional habitual.<\/li>\n<\/ul>\n<p><strong>El procedimiento exige comunicaci\u00f3n previa<\/strong> al trabajador afectado y a sus representantes legales, con al menos 15 d\u00edas de antelaci\u00f3n. Si la modificaci\u00f3n es colectiva, debe abrirse un periodo de consultas. <strong>El trabajador dispone de varias opciones<\/strong> si no est\u00e1 de acuerdo:<\/p>\n<ol>\n<li><strong>Aceptar la modificaci\u00f3n<\/strong> y seguir trabajando en las nuevas condiciones.<\/li>\n<li><strong>Solicitar la extinci\u00f3n de su contrato<\/strong> si considera que resulta perjudicado por la medida, con derecho a una indemnizaci\u00f3n de 20 d\u00edas de salario por a\u00f1o trabajado (m\u00e1ximo 9 mensualidades), para determinados casos como cambios en jornada, salario o funciones fuera de grupo profesional.<\/li>\n<li><strong>Impugnar judicialmente la decisi\u00f3n<\/strong> en el Juzgado de lo Social, en el plazo de 20 d\u00edas h\u00e1biles tras la notificaci\u00f3n.<\/li>\n<\/ol>\n<p>Si un juez considera que la modificaci\u00f3n no est\u00e1 justificada, la empresa debe reponer al trabajador sus condiciones anteriores y abonar posibles da\u00f1os. Si el cambio se justifica, el trabajador puede mantener la impugnaci\u00f3n o pedir la extinci\u00f3n del contrato, con indemnizaci\u00f3n.<\/p>\n<h2><strong>Ajustes menores y poder de direcci\u00f3n empresarial<\/strong><\/h2>\n<p><picture decoding=\"async\" class=\"alignnone size-full wp-image-24665\"><source type=\"image\/webp\" data-lazy-srcset=\"https:\/\/www.economiafinanzas.com\/wp-content\/uploads\/2022\/11\/autonomo-y-trabajador-por-cuenta-ajena.jpg.webp 1200w, https:\/\/www.economiafinanzas.com\/wp-content\/uploads\/2022\/11\/autonomo-y-trabajador-por-cuenta-ajena-300x200.jpg.webp 300w, https:\/\/www.economiafinanzas.com\/wp-content\/uploads\/2022\/11\/autonomo-y-trabajador-por-cuenta-ajena-1024x683.jpg.webp 1024w, https:\/\/www.economiafinanzas.com\/wp-content\/uploads\/2022\/11\/autonomo-y-trabajador-por-cuenta-ajena-768x512.jpg.webp 768w, https:\/\/www.economiafinanzas.com\/wp-content\/uploads\/2022\/11\/autonomo-y-trabajador-por-cuenta-ajena-400x267.jpg.webp 400w, https:\/\/www.economiafinanzas.com\/wp-content\/uploads\/2022\/11\/autonomo-y-trabajador-por-cuenta-ajena-450x300.jpg.webp 450w, https:\/\/www.economiafinanzas.com\/wp-content\/uploads\/2022\/11\/autonomo-y-trabajador-por-cuenta-ajena-420x280.jpg.webp 420w, https:\/\/www.economiafinanzas.com\/wp-content\/uploads\/2022\/11\/autonomo-y-trabajador-por-cuenta-ajena-840x560.jpg.webp 840w, https:\/\/www.economiafinanzas.com\/wp-content\/uploads\/2022\/11\/autonomo-y-trabajador-por-cuenta-ajena-150x100.jpg.webp 150w\" sizes=\"(max-width: 1024px) 100vw, 860px\"\/><img loading=\"lazy\" decoding=\"async\" alt=\"Aut\u00f3nomo y trabajador por cuenta ajena juntos\" width=\"1200\" height=\"800\" srcset=\"https:\/\/www.economiafinanzas.com\/wp-content\/uploads\/2022\/11\/autonomo-y-trabajador-por-cuenta-ajena.jpg 1200w, https:\/\/www.economiafinanzas.com\/wp-content\/uploads\/2022\/11\/autonomo-y-trabajador-por-cuenta-ajena-300x200.jpg 300w, https:\/\/www.economiafinanzas.com\/wp-content\/uploads\/2022\/11\/autonomo-y-trabajador-por-cuenta-ajena-1024x683.jpg 1024w, https:\/\/www.economiafinanzas.com\/wp-content\/uploads\/2022\/11\/autonomo-y-trabajador-por-cuenta-ajena-768x512.jpg 768w, https:\/\/www.economiafinanzas.com\/wp-content\/uploads\/2022\/11\/autonomo-y-trabajador-por-cuenta-ajena-400x267.jpg 400w, https:\/\/www.economiafinanzas.com\/wp-content\/uploads\/2022\/11\/autonomo-y-trabajador-por-cuenta-ajena-450x300.jpg 450w, https:\/\/www.economiafinanzas.com\/wp-content\/uploads\/2022\/11\/autonomo-y-trabajador-por-cuenta-ajena-420x280.jpg 420w, https:\/\/www.economiafinanzas.com\/wp-content\/uploads\/2022\/11\/autonomo-y-trabajador-por-cuenta-ajena-840x560.jpg 840w, https:\/\/www.economiafinanzas.com\/wp-content\/uploads\/2022\/11\/autonomo-y-trabajador-por-cuenta-ajena-150x100.jpg 150w\" data-lazy-sizes=\"(max-width: 1024px) 100vw, 860px\" src=\"https:\/\/www.economiafinanzas.com\/wp-content\/uploads\/2022\/11\/autonomo-y-trabajador-por-cuenta-ajena.jpg\"\/><img loading=\"lazy\" decoding=\"async\" src=\"https:\/\/www.economiafinanzas.com\/wp-content\/uploads\/2022\/11\/autonomo-y-trabajador-por-cuenta-ajena.jpg\" alt=\"Aut\u00f3nomo y trabajador por cuenta ajena juntos\" width=\"1200\" height=\"800\" srcset=\"https:\/\/www.economiafinanzas.com\/wp-content\/uploads\/2022\/11\/autonomo-y-trabajador-por-cuenta-ajena.jpg 1200w, https:\/\/www.economiafinanzas.com\/wp-content\/uploads\/2022\/11\/autonomo-y-trabajador-por-cuenta-ajena-300x200.jpg 300w, https:\/\/www.economiafinanzas.com\/wp-content\/uploads\/2022\/11\/autonomo-y-trabajador-por-cuenta-ajena-1024x683.jpg 1024w, https:\/\/www.economiafinanzas.com\/wp-content\/uploads\/2022\/11\/autonomo-y-trabajador-por-cuenta-ajena-768x512.jpg 768w, https:\/\/www.economiafinanzas.com\/wp-content\/uploads\/2022\/11\/autonomo-y-trabajador-por-cuenta-ajena-400x267.jpg 400w, https:\/\/www.economiafinanzas.com\/wp-content\/uploads\/2022\/11\/autonomo-y-trabajador-por-cuenta-ajena-450x300.jpg 450w, https:\/\/www.economiafinanzas.com\/wp-content\/uploads\/2022\/11\/autonomo-y-trabajador-por-cuenta-ajena-420x280.jpg 420w, https:\/\/www.economiafinanzas.com\/wp-content\/uploads\/2022\/11\/autonomo-y-trabajador-por-cuenta-ajena-840x560.jpg 840w, https:\/\/www.economiafinanzas.com\/wp-content\/uploads\/2022\/11\/autonomo-y-trabajador-por-cuenta-ajena-150x100.jpg 150w\" sizes=\"auto, (max-width: 1024px) 100vw, 860px\"\/>\n<\/picture><\/p>\n<p><strong>El art\u00edculo 20 del Estatuto otorga al empresario cierto margen para realizar modificaciones menores<\/strong> que no afectan a elementos esenciales. Ejemplos son:<\/p>\n<ul>\n<li>Cambios dentro del mismo grupo profesional.<\/li>\n<li>Peque\u00f1os ajustes de horarios sin impacto global.<\/li>\n<li>Traslados dentro del mismo centro de trabajo.<\/li>\n<\/ul>\n<p><strong>Estas modificaciones no requieren el procedimiento estricto del art\u00edculo 41<\/strong>pero si acaban afectando a cuestiones esenciales pueden ser impugnadas por considerarse una modificaci\u00f3n sustancial encubierta.<\/p>\n<h2><strong>Suspensi\u00f3n o reducci\u00f3n temporal (ERTE)<\/strong><\/h2>\n<p><strong>El Expediente de Regulaci\u00f3n Temporal de Empleo (ERTE), regulado en el art\u00edculo 47 ET, es un mecanismo espec\u00edfico<\/strong> para situaciones coyunturales. Permite a la empresa suspender contratos de forma temporal o reducir la jornada laboral cuando existen causas justificadas.<\/p>\n<p><strong>El trabajador mantiene la relaci\u00f3n laboral y la antig\u00fcedad, y puede acceder a prestaciones por desempleo durante la vigencia del ERTE.<\/strong> La empresa, por su parte, puede beneficiarse de exoneraciones de cuotas a la Seguridad Social si se cumplen los requisitos legales.<\/p>\n<h2><strong>Despido objetivo<\/strong><\/h2>\n<p>Si el motivo de fondo es estructural y supera los 12 meses, la empresa puede optar por el despido objetivo (art\u00edculo 52 ET), abonando la indemnizaci\u00f3n legal de 20 d\u00edas por a\u00f1o trabajado (m\u00e1ximo 12 mensualidades). Las causas pueden ser econ\u00f3micas, t\u00e9cnicas, organizativas, productivas o relativas a la ineptitud sobrevenida o falta de adaptaci\u00f3n del trabajador.<\/p>\n<p><strong>La empresa debe notificar por escrito, preavisar con 15 d\u00edas y abonar la indemnizaci\u00f3n<\/strong>. El trabajador puede impugnar el despido si considera que no est\u00e1 justificado o que no existen las razones aducidas.<\/p>\n<h2><strong>Movilidad funcional: cambio de funciones<\/strong><\/h2>\n<p><strong>La empresa puede asignar nuevas funciones al trabajador dentro de su grupo profesional<\/strong>. Si el cambio implica funciones superiores o inferiores, debe respetarse la dignidad del trabajador y sus titulaciones. Si el trabajador pasa a desempe\u00f1ar funciones de nivel superior tiene derecho a la retribuci\u00f3n correspondiente; si son inferiores, se mantiene el salario inicial.<\/p>\n<p><strong>Para cambios fuera del grupo profesional o del \u00e1mbito del convenio, es imprescindible el acuerdo entre empresa y trabajador<\/strong> y, en caso de desacuerdo, el procedimiento legal previsto.<\/p>\n<h2><strong>L\u00edmites legales: \u00bfCu\u00e1ndo no se puede modificar un contrato?<\/strong><\/h2>\n<p>Existen <strong>l\u00edmites y protecciones muy claros para el trabajador ante posibles abusos en la modificaci\u00f3n contractual<\/strong>:<\/p>\n<ul>\n<li>No se puede pasar de un contrato indefinido a uno temporal sin acuerdo y justificaci\u00f3n legal.<\/li>\n<li>No se puede reducir la jornada de tiempo completo a tiempo parcial sin consentimiento.<\/li>\n<li><strong>No puede imponerse una reducci\u00f3n salarial sin acuerdo<\/strong>excepto en casos muy concretos previstos por ley o convenio colectivo.<\/li>\n<li><strong>Cualquier cambio que vulnere derechos fundamentales o suponga discriminaci\u00f3n<\/strong> es nulo y sancionable.<\/li>\n<li>El cambio debe comunicarse siempre con antelaci\u00f3n y por escrito (15 d\u00edas m\u00ednimo, salvo que el convenio indique m\u00e1s plazo).<\/li>\n<\/ul>\n<p>En todo caso, <strong>el trabajador puede impugnar cualquier medida ante la jurisdicci\u00f3n social<\/strong> y solicitar la reposici\u00f3n de sus condiciones o la extinci\u00f3n del contrato con indemnizaci\u00f3n si acredita el perjuicio.<\/p>\n<h2><strong>Procedimiento legal: pasos para modificar el contrato<\/strong><\/h2>\n<p>Para que una modificaci\u00f3n contractual sea v\u00e1lida:<\/p>\n<ul>\n<li><strong>Debe haber comunicaci\u00f3n clara y transparente<\/strong> entre empresa y trabajador, especificando las causas y condiciones del cambio.<\/li>\n<li><strong>Se debe respetar el proceso de consultas colectivas<\/strong> si afecta a varios trabajadores.<\/li>\n<li><strong>Se recomienda formalizar el acuerdo por escrito<\/strong> y, si es posible, con la firma de ambas partes.<\/li>\n<li><strong>En caso de desacuerdo, existe la opci\u00f3n de acudir a la justicia laboral<\/strong>.<\/li>\n<\/ul>\n<p>Si la empresa incumple estos pasos, la medida puede ser considerada nula y se ordenar\u00e1 la reposici\u00f3n de las condiciones anteriores.<\/p>\n<h2><strong>Implicaciones y derechos del trabajador ante cambios de contrato<\/strong><\/h2>\n<p>Ante cualquier modificaci\u00f3n, <strong>el trabajador conserva una serie de derechos fundamentales<\/strong>:<\/p>\n<ul>\n<li><strong>Ser informado y notificado con antelaci\u00f3n suficiente.<\/strong><\/li>\n<li><strong>Negociar con la empresa y mostrar su disconformidad<\/strong> si no est\u00e1 de acuerdo.<\/li>\n<li><strong>Tener acceso a indemnizaci\u00f3n si opta por extinguir su contrato<\/strong> en los supuestos previstos por ley.<\/li>\n<li><strong>Impugnar cualquier cambio que considere injustificado o perjudicial<\/strong>.<\/li>\n<li><strong>Recibir asesoramiento legal durante el proceso<\/strong> a trav\u00e9s de sindicatos, abogados o los propios representantes.<\/li>\n<\/ul>\n<h2><strong>\u00bfQu\u00e9 ocurre si la modificaci\u00f3n es ilegal?<\/strong><\/h2>\n<p>Si el cambio se realiza sin cumplir los procedimientos, sin causas justificadas o vulnerando cualquier derecho legal, <strong>el trabajador puede presentar una demanda en el Juzgado de lo Social<\/strong>. El plazo para impugnar suele ser de 20 d\u00edas h\u00e1biles a partir de la notificaci\u00f3n.<\/p>\n<p><strong>La justicia puede declarar la modificaci\u00f3n:<\/strong><\/p>\n<ul>\n<li><strong>Justificada<\/strong>: el cambio se mantiene.<\/li>\n<li><strong>Injustificada<\/strong>: el trabajador recupera sus condiciones iniciales y puede recibir compensaci\u00f3n por da\u00f1os.<\/li>\n<li><strong>Nula nula<\/strong>: si se vulneran derechos fundamentales o se omite el procedimiento.<\/li>\n<\/ul>\n<h2><strong>Recomendaciones y recursos \u00fatiles<\/strong><\/h2>\n<p><strong>Antes de aceptar cualquier modificaci\u00f3n contractual es recomendable informarse y buscar asesoramiento<\/strong>:<\/p>\n<ul>\n<li><strong>Consultar el Estatuto de los Trabajadores y el convenio aplicable<\/strong>.<\/li>\n<li><strong>Recurrir a servicios de asesor\u00eda laboral, colegios de abogados o sindicatos<\/strong>.<\/li>\n<li><strong>Solicitar siempre la comunicaci\u00f3n de cambios por escrito<\/strong> y no firmar nada sin entender plenamente sus implicaciones.<\/li>\n<li><strong>Tomar la iniciativa de negociar y buscar acuerdos favorables<\/strong> antes de llegar a situaciones de conflicto.<\/li>\n<\/ul>\n<p><strong>El cumplimiento de los procedimientos, la justificaci\u00f3n adecuada y el respeto a los derechos de los trabajadores garantizan que modificar un contrato en Espa\u00f1a sea legal y efectivo. Siempre es recomendable contar con asesoramiento experto para proteger los intereses de ambas partes y evitar posibles repercusiones legales.<\/strong><\/p>\n<div class=\"post-relacionado-wrapper\"><picture decoding=\"async\" class=\"attachment-medium size-medium wp-post-image\"><source type=\"image\/webp\" data-lazy-srcset=\"https:\/\/www.economiafinanzas.com\/wp-content\/uploads\/2023\/04\/Contrato-en-practicas-300x200.jpg.webp 300w, https:\/\/www.economiafinanzas.com\/wp-content\/uploads\/2023\/04\/Contrato-en-practicas-1024x683.jpg.webp 1024w, https:\/\/www.economiafinanzas.com\/wp-content\/uploads\/2023\/04\/Contrato-en-practicas-768x512.jpg.webp 768w, https:\/\/www.economiafinanzas.com\/wp-content\/uploads\/2023\/04\/Contrato-en-practicas-400x267.jpg.webp 400w, https:\/\/www.economiafinanzas.com\/wp-content\/uploads\/2023\/04\/Contrato-en-practicas-450x300.jpg.webp 450w, https:\/\/www.economiafinanzas.com\/wp-content\/uploads\/2023\/04\/Contrato-en-practicas-420x280.jpg.webp 420w, https:\/\/www.economiafinanzas.com\/wp-content\/uploads\/2023\/04\/Contrato-en-practicas-840x560.jpg.webp 840w, https:\/\/www.economiafinanzas.com\/wp-content\/uploads\/2023\/04\/Contrato-en-practicas-150x100.jpg.webp 150w, https:\/\/www.economiafinanzas.com\/wp-content\/uploads\/2023\/04\/Contrato-en-practicas.jpg.webp 1200w\" sizes=\"(max-width: 300px) 100vw, 300px\"\/><img loading=\"lazy\" decoding=\"async\" width=\"300\" height=\"200\" alt=\"Contrato en pr\u00e1cticas\" srcset=\"https:\/\/www.economiafinanzas.com\/wp-content\/uploads\/2023\/04\/Contrato-en-practicas-300x200.jpg 300w, https:\/\/www.economiafinanzas.com\/wp-content\/uploads\/2023\/04\/Contrato-en-practicas-1024x683.jpg 1024w, https:\/\/www.economiafinanzas.com\/wp-content\/uploads\/2023\/04\/Contrato-en-practicas-768x512.jpg 768w, https:\/\/www.economiafinanzas.com\/wp-content\/uploads\/2023\/04\/Contrato-en-practicas-400x267.jpg 400w, https:\/\/www.economiafinanzas.com\/wp-content\/uploads\/2023\/04\/Contrato-en-practicas-450x300.jpg 450w, https:\/\/www.economiafinanzas.com\/wp-content\/uploads\/2023\/04\/Contrato-en-practicas-420x280.jpg 420w, https:\/\/www.economiafinanzas.com\/wp-content\/uploads\/2023\/04\/Contrato-en-practicas-840x560.jpg 840w, https:\/\/www.economiafinanzas.com\/wp-content\/uploads\/2023\/04\/Contrato-en-practicas-150x100.jpg 150w, https:\/\/www.economiafinanzas.com\/wp-content\/uploads\/2023\/04\/Contrato-en-practicas.jpg 1200w\" data-lazy-sizes=\"(max-width: 300px) 100vw, 300px\" src=\"https:\/\/www.economiafinanzas.com\/wp-content\/uploads\/2023\/04\/Contrato-en-practicas-300x200.jpg\"\/><img loading=\"lazy\" decoding=\"async\" width=\"300\" height=\"200\" src=\"https:\/\/www.economiafinanzas.com\/wp-content\/uploads\/2023\/04\/Contrato-en-practicas-300x200.jpg\" alt=\"Contrato en pr\u00e1cticas\" srcset=\"https:\/\/www.economiafinanzas.com\/wp-content\/uploads\/2023\/04\/Contrato-en-practicas-300x200.jpg 300w, https:\/\/www.economiafinanzas.com\/wp-content\/uploads\/2023\/04\/Contrato-en-practicas-1024x683.jpg 1024w, https:\/\/www.economiafinanzas.com\/wp-content\/uploads\/2023\/04\/Contrato-en-practicas-768x512.jpg 768w, https:\/\/www.economiafinanzas.com\/wp-content\/uploads\/2023\/04\/Contrato-en-practicas-400x267.jpg 400w, https:\/\/www.economiafinanzas.com\/wp-content\/uploads\/2023\/04\/Contrato-en-practicas-450x300.jpg 450w, https:\/\/www.economiafinanzas.com\/wp-content\/uploads\/2023\/04\/Contrato-en-practicas-420x280.jpg 420w, https:\/\/www.economiafinanzas.com\/wp-content\/uploads\/2023\/04\/Contrato-en-practicas-840x560.jpg 840w, https:\/\/www.economiafinanzas.com\/wp-content\/uploads\/2023\/04\/Contrato-en-practicas-150x100.jpg 150w, https:\/\/www.economiafinanzas.com\/wp-content\/uploads\/2023\/04\/Contrato-en-practicas.jpg 1200w\" sizes=\"auto, (max-width: 300px) 100vw, 300px\"\/>\n<\/picture>\n<div>\n<p>Art\u00edculo relacionado:<\/p>\n<p>Contrato en pr\u00e1cticas: caracter\u00edsticas, duraci\u00f3n, salario y m\u00e1s<\/p>\n<\/div>\n<\/div>\n<p><!-- CONTENT END 1 --><br \/>\n\t\t\n\t\t\t<\/div>\n\n","protected":false},"excerpt":{"rendered":"<p>El mundo laboral est\u00e1 en constante movimiento. Tanto empresarios como trabajadores se encuentran con situaciones en las que es necesario modificar un contrato, ya sea por necesidades de la empresa, cambios en las circunstancias personales del trabajador o actualizaciones en los convenios. Saber c\u00f3mo realizar estos cambios dentro de la legalidad es fundamental para evitar &hellip;<\/p>\n","protected":false},"author":1,"featured_media":36247,"comment_status":"open","ping_status":"open","sticky":false,"template":"","format":"standard","meta":{"fifu_image_url":"https:\/\/www.economiafinanzas.com\/wp-content\/uploads\/2024\/12\/trabajador-durmiendo.jpg","fifu_image_alt":"","footnotes":""},"categories":[3],"tags":[],"class_list":["post-36245","post","type-post","status-publish","format-standard","has-post-thumbnail","","category-negocio"],"_links":{"self":[{"href":"https:\/\/noticiasveraces.com\/index.php?rest_route=\/wp\/v2\/posts\/36245","targetHints":{"allow":["GET"]}}],"collection":[{"href":"https:\/\/noticiasveraces.com\/index.php?rest_route=\/wp\/v2\/posts"}],"about":[{"href":"https:\/\/noticiasveraces.com\/index.php?rest_route=\/wp\/v2\/types\/post"}],"author":[{"embeddable":true,"href":"https:\/\/noticiasveraces.com\/index.php?rest_route=\/wp\/v2\/users\/1"}],"replies":[{"embeddable":true,"href":"https:\/\/noticiasveraces.com\/index.php?rest_route=%2Fwp%2Fv2%2Fcomments&post=36245"}],"version-history":[{"count":0,"href":"https:\/\/noticiasveraces.com\/index.php?rest_route=\/wp\/v2\/posts\/36245\/revisions"}],"wp:featuredmedia":[{"embeddable":true,"href":"https:\/\/noticiasveraces.com\/index.php?rest_route=\/wp\/v2\/media\/36247"}],"wp:attachment":[{"href":"https:\/\/noticiasveraces.com\/index.php?rest_route=%2Fwp%2Fv2%2Fmedia&parent=36245"}],"wp:term":[{"taxonomy":"category","embeddable":true,"href":"https:\/\/noticiasveraces.com\/index.php?rest_route=%2Fwp%2Fv2%2Fcategories&post=36245"},{"taxonomy":"post_tag","embeddable":true,"href":"https:\/\/noticiasveraces.com\/index.php?rest_route=%2Fwp%2Fv2%2Ftags&post=36245"}],"curies":[{"name":"wp","href":"https:\/\/api.w.org\/{rel}","templated":true}]}}