{"id":36234,"date":"2025-07-16T14:36:15","date_gmt":"2025-07-16T18:36:15","guid":{"rendered":"https:\/\/noticiasveraces.com\/?p=36234"},"modified":"2025-07-16T14:36:15","modified_gmt":"2025-07-16T18:36:15","slug":"parlamento-aprueba-reforma-de-politica-migratoria-dw-16-07-2025","status":"publish","type":"post","link":"https:\/\/noticiasveraces.com\/?p=36234","title":{"rendered":"Parlamento aprueba reforma de pol\u00edtica migratoria \u2013 DW \u2013 16\/07\/2025"},"content":{"rendered":"<p> \n<\/p>\n<div>\n<p>El Parlamento portugu\u00e9s surgido de las elecciones en mayo vot\u00f3 este mi\u00e9rcoles (16.07.2025) a favor de un nuevo endurecimiento de la pol\u00edtica migratoria, gracias a los votos de la coalici\u00f3n gubernamental de derecha y de la extrema derecha.<\/p>\n<p>Los brasile\u00f1os, que constituyen el mayor grupo de inmigrantes, ya no se beneficiar\u00e1n de una norma que les permit\u00eda regularizar su situaci\u00f3n tras llegar a al pa\u00eds europeo.<\/p>\n<h2><strong>Visas para migrantes calificados y nueva unidad antimigraci\u00f3n ilegal en la polic\u00eda<\/strong><\/h2>\n<p>Seg\u00fan las nuevas disposiciones, los visados para la b\u00fasqueda de empleo s\u00f3lo se conceder\u00e1n ahora a inmigrantes altamente calificados\u00a0y las condiciones para el reagrupamiento familiar ser\u00e1n m\u00e1s estrictas.<\/p>\n<p>El Parlamento tambi\u00e9n aprob\u00f3 la creaci\u00f3n de una nueva unidad dentro de la polic\u00eda nacional que se encargar\u00e1 de luchar contra la inmigraci\u00f3n ilegal y de organizar la expulsi\u00f3n de migrantes en situaci\u00f3n irregular.<\/p>\n<p>En cambio, la tercera parte del paquete legislativo gubernamental sobre este tema (que busca restringir las condiciones de acceso a la nacionalidad portuguesa), ser\u00e1 objeto de negociaciones parlamentarias debido a dudas sobre la legalidad de algunas de sus disposiciones.<\/p>\n<h2><strong>Restricciones para residir en Portugal ya hab\u00edan sido adoptadas por el nuevo gobierno<\/strong><\/h2>\n<p>El ejecutivo\u00a0del primer ministro Luis Montenegro, quien asumi\u00f3 el poder en marzo de 2024, ya hab\u00eda adoptado una primera medida destinada a restringir las normas para establecerse en Portugal, que bajo el anterior gobierno socialista eran de las m\u00e1s liberales de Europa.<\/p>\n<p>La disposici\u00f3n vigente desde 2018, que permit\u00eda a los inmigrantes solicitar la regularizaci\u00f3n al demostrar que llevaban al menos un a\u00f1o trabajando y cotizando a la seguridad social, aunque hubieran entrado al pa\u00eds con visa tur\u00edstica, fue entonces derogada.<\/p>\n<p>A finales de 2024, Portugal contaba con 1,55 millones de extranjeros, cuatro veces m\u00e1s que en 2017, que representaban alrededor de 15% de la poblaci\u00f3n, seg\u00fan datos oficiales.<\/p>\n<p>RR AFP\/EFE<\/p>\n<\/div>\n\n","protected":false},"excerpt":{"rendered":"<p>El Parlamento portugu\u00e9s surgido de las elecciones en mayo vot\u00f3 este mi\u00e9rcoles (16.07.2025) a favor de un nuevo endurecimiento de la pol\u00edtica migratoria, gracias a los votos de la coalici\u00f3n gubernamental de derecha y de la extrema derecha. Los brasile\u00f1os, que constituyen el mayor grupo de inmigrantes, ya no se beneficiar\u00e1n de una norma que &hellip;<\/p>\n","protected":false},"author":1,"featured_media":36235,"comment_status":"open","ping_status":"open","sticky":false,"template":"","format":"standard","meta":{"fifu_image_url":"https:\/\/static.dw.com\/image\/71895089_6.jpg","fifu_image_alt":"","footnotes":""},"categories":[13],"tags":[],"class_list":["post-36234","post","type-post","status-publish","format-standard","has-post-thumbnail","","category-mundo"],"_links":{"self":[{"href":"https:\/\/noticiasveraces.com\/index.php?rest_route=\/wp\/v2\/posts\/36234","targetHints":{"allow":["GET"]}}],"collection":[{"href":"https:\/\/noticiasveraces.com\/index.php?rest_route=\/wp\/v2\/posts"}],"about":[{"href":"https:\/\/noticiasveraces.com\/index.php?rest_route=\/wp\/v2\/types\/post"}],"author":[{"embeddable":true,"href":"https:\/\/noticiasveraces.com\/index.php?rest_route=\/wp\/v2\/users\/1"}],"replies":[{"embeddable":true,"href":"https:\/\/noticiasveraces.com\/index.php?rest_route=%2Fwp%2Fv2%2Fcomments&post=36234"}],"version-history":[{"count":0,"href":"https:\/\/noticiasveraces.com\/index.php?rest_route=\/wp\/v2\/posts\/36234\/revisions"}],"wp:featuredmedia":[{"embeddable":true,"href":"https:\/\/noticiasveraces.com\/index.php?rest_route=\/wp\/v2\/media\/36235"}],"wp:attachment":[{"href":"https:\/\/noticiasveraces.com\/index.php?rest_route=%2Fwp%2Fv2%2Fmedia&parent=36234"}],"wp:term":[{"taxonomy":"category","embeddable":true,"href":"https:\/\/noticiasveraces.com\/index.php?rest_route=%2Fwp%2Fv2%2Fcategories&post=36234"},{"taxonomy":"post_tag","embeddable":true,"href":"https:\/\/noticiasveraces.com\/index.php?rest_route=%2Fwp%2Fv2%2Ftags&post=36234"}],"curies":[{"name":"wp","href":"https:\/\/api.w.org\/{rel}","templated":true}]}}