{"id":36222,"date":"2025-07-16T12:06:07","date_gmt":"2025-07-16T16:06:07","guid":{"rendered":"https:\/\/noticiasveraces.com\/?p=36222"},"modified":"2025-07-16T12:06:07","modified_gmt":"2025-07-16T16:06:07","slug":"jhon-arias-asi-fue-el-dia-en-que-llego-a-valer-apenas-un-millon-curiosidades-de-futbol","status":"publish","type":"post","link":"https:\/\/noticiasveraces.com\/?p=36222","title":{"rendered":"Jhon Arias: As\u00ed fue el d\u00eda en que lleg\u00f3 a valer apenas un mill\u00f3n | Curiosidades de f\u00fatbol"},"content":{"rendered":"<p> \n<\/p>\n<div id=\"cuerpoArticulo\">\n<p class=\"texto intro\" id=\"p251153-m572-571-573\"><b>Jhon Arias<\/b> es uno de los jugadores colombianos m\u00e1s valiosos del 2025, pero en un pasado supo valer menos de 1 mill\u00f3n de euros. Para remontarnos a aquel d\u00eda, debemos <b>regresar al a\u00f1o 2021 cuando a\u00fan jugaba para Independiente Santa Fe<\/b>. Y es que el delantero de 27 a\u00f1os no logr\u00f3 brillar en el FPC por lo que su rendimiento se vio reflejado en su precio.<\/p>\n<p>                                                                                                    <span class=\"articulo-subtitulo subtitulo2 espacio-contenido\" id=\"p251153-m590-2-591\">La evoluci\u00f3n del precio de Jhon Arias durante sus inicios<br \/><\/span><\/p>\n<p class=\"texto contenido-parrafo-articulo\" id=\"p251153-m596-3-597\"><b>Arias debut\u00f3 en Llaneros en el a\u00f1o 2018 con 20 a\u00f1os<\/b>hasta que en 2019 regres\u00f3 a Patriotas, equipo que era due\u00f1o de su pase. Durante ese momento, su precio oscilaba los 700 mil euros. Ya en 2021, tras haber jugado un tiempo en Am\u00e9rica de Cali, <b>su valor de mercado increment\u00f3 a 800 mil euros<\/b>seg\u00fan <i>Mercado de transferencia<\/i>. De todas formas, a\u00fan no llegaba al mill\u00f3n. Quiz\u00e1s le interese conocer el d\u00eda en el que Jhon Dur\u00e1n lleg\u00f3 a costar menos de 1 mill\u00f3n.<\/p>\n<div class=\"fotografia caja-articulo\" id=\"p251153-m602-4-603\">\n<div class=\"imagen-cuerpo-bk\">\n<figure itemscope=\"\" itemtype=\"https:\/\/schema.org\/ImageObject\" itemprop=\"image\" id=\"m607-606-608\" class=\"foto-galeria-articulo imagen-articulo foto-texto-articulo-galeria\"><img decoding=\"async\" alt=\"Santa Fe gol\" src=\"data:image\/png;base64,iVBORw0KGgoAAAANSUhEUgAAAAEAAAABCAQAAAC1HAwCAAAAC0lEQVR42mP8\/x0AAvsB+DlKarAAAAAASUVORK5CYII=\" style=\" display: inline;\" data-original=\"\/files\/article_content\/uploads\/2021\/02\/05\/601dd23c74afb.jpeg\"\/><meta itemprop=\"width\" content=\"600\"\/><meta itemprop=\"height\" content=\"450\"\/> <meta itemprop=\"url\" content=\"https:\/\/www.futbolred.com\/files\/article_content\/uploads\/2021\/02\/05\/601dd23c74afb.jpeg\"\/><\/figure>\n<\/div>\n<div class=\"figcaption-cuerpo-bk credito-image-bk\"><figcaption class=\"foto-info\">\n<div class=\"titulo-foto-bk\">\n<p id=\"m614-1-615\" class=\"titulo pie-de-foto\">Jhon Arias ten\u00eda un precio bajo en Santa Fe.<\/p>\n<\/div>\n<p class=\"credito\">\n                            <span class=\"linea pre_credito\">Foto:<\/span><\/p>\n<p>                        <span id=\"m620-2-621\" class=\"autor\">DIMAYOR<\/span><\/p>\n<\/figcaption><\/div>\n<\/p><\/div>\n<p class=\"texto contenido-parrafo-articulo\" id=\"p251153-m628-5-629\">Sin embargo, ese mismo a\u00f1o, <b>Jhon Arias lleg\u00f3 a Independiente Santa Fe<\/b>donde se vio lo \u2018mejorcito\u2019 de \u00e9l en el FPC. Tal es as\u00ed que a mediados del a\u00f1o 2021, <b>su precio alcanz\u00f3 el mill\u00f3n de euros exacto con 23 a\u00f1os de edad<\/b>. Sin embargo, su valor ir\u00eda incrementando considerablemente luego de fichar por Fluminense antes de que inicie el a\u00f1o 2022.<\/p>\n<p>                                                            <span class=\"articulo-subtitulo subtitulo2 espacio-contenido\" id=\"p251153-m679-7-680\">\u00bfCu\u00e1nto vale Jhon Arias hoy?<br \/><\/span><\/p>\n<p class=\"texto contenido-parrafo-articulo\" id=\"p251153-m685-8-686\">Cuando lleg\u00f3 al cuadro brasile\u00f1o, Arias ten\u00eda un valor de mercado de 1.000.000 de euros. No obstante, tras un a\u00f1o en Fluminense, su precio se dispar\u00f3 a los 7 millones, precisamente en noviembre de 2022. Tras ganar la Copa Libertadores 2023, el colombiano se revaloriz\u00f3 y alcanz\u00f3 los 10 millones. De ese momento a hoy, jug\u00f3 el Mundial de Clubes, donde <b>fue la gran figura de su equipo, actuaci\u00f3n que lo llev\u00f3 a tener un valor de 17 millones de euros en 2025<\/b>.<\/p>\n<\/p><\/div>\n\n","protected":false},"excerpt":{"rendered":"<p>Jhon Arias es uno de los jugadores colombianos m\u00e1s valiosos del 2025, pero en un pasado supo valer menos de 1 mill\u00f3n de euros. Para remontarnos a aquel d\u00eda, debemos regresar al a\u00f1o 2021 cuando a\u00fan jugaba para Independiente Santa Fe. Y es que el delantero de 27 a\u00f1os no logr\u00f3 brillar en el FPC &hellip;<\/p>\n","protected":false},"author":1,"featured_media":36223,"comment_status":"open","ping_status":"open","sticky":false,"template":"","format":"standard","meta":{"fifu_image_url":"https:\/\/www.futbolred.com\/files\/og_thumbnail\/uploads\/2025\/07\/16\/6877cab385997.png","fifu_image_alt":"","footnotes":""},"categories":[6],"tags":[],"class_list":["post-36222","post","type-post","status-publish","format-standard","has-post-thumbnail","","category-deportes"],"_links":{"self":[{"href":"https:\/\/noticiasveraces.com\/index.php?rest_route=\/wp\/v2\/posts\/36222","targetHints":{"allow":["GET"]}}],"collection":[{"href":"https:\/\/noticiasveraces.com\/index.php?rest_route=\/wp\/v2\/posts"}],"about":[{"href":"https:\/\/noticiasveraces.com\/index.php?rest_route=\/wp\/v2\/types\/post"}],"author":[{"embeddable":true,"href":"https:\/\/noticiasveraces.com\/index.php?rest_route=\/wp\/v2\/users\/1"}],"replies":[{"embeddable":true,"href":"https:\/\/noticiasveraces.com\/index.php?rest_route=%2Fwp%2Fv2%2Fcomments&post=36222"}],"version-history":[{"count":0,"href":"https:\/\/noticiasveraces.com\/index.php?rest_route=\/wp\/v2\/posts\/36222\/revisions"}],"wp:featuredmedia":[{"embeddable":true,"href":"https:\/\/noticiasveraces.com\/index.php?rest_route=\/wp\/v2\/media\/36223"}],"wp:attachment":[{"href":"https:\/\/noticiasveraces.com\/index.php?rest_route=%2Fwp%2Fv2%2Fmedia&parent=36222"}],"wp:term":[{"taxonomy":"category","embeddable":true,"href":"https:\/\/noticiasveraces.com\/index.php?rest_route=%2Fwp%2Fv2%2Fcategories&post=36222"},{"taxonomy":"post_tag","embeddable":true,"href":"https:\/\/noticiasveraces.com\/index.php?rest_route=%2Fwp%2Fv2%2Ftags&post=36222"}],"curies":[{"name":"wp","href":"https:\/\/api.w.org\/{rel}","templated":true}]}}