{"id":36206,"date":"2025-07-16T08:26:59","date_gmt":"2025-07-16T12:26:59","guid":{"rendered":"https:\/\/noticiasveraces.com\/?p=36206"},"modified":"2025-07-16T08:26:59","modified_gmt":"2025-07-16T12:26:59","slug":"los-turistas-huyen-cuando-el-volcan-entra-en-erupcion-cerca-del-mundo-de-la-famosa-laguna-de-famosos-de-islandia","status":"publish","type":"post","link":"https:\/\/noticiasveraces.com\/?p=36206","title":{"rendered":"Los turistas huyen cuando el volc\u00e1n entra en erupci\u00f3n cerca del mundo de la famosa laguna de famosos de Islandia"},"content":{"rendered":"<p> \n<\/p>\n<div>\n<div id=\"beyondwords-wrapper\" class=\"beyondwords-wrapper\">\n<p><span class=\"label-bg\">NUEVO<\/span>\u00a1Ahora puedes escuchar art\u00edculos de Fox News!\n  <\/p>\n<\/div>\n<p class=\"speakable\">Una erupci\u00f3n volc\u00e1nica en Islandia oblig\u00f3 a los turistas a evacuar el spa geot\u00e9rmica de la laguna azul el mi\u00e9rcoles mientras las im\u00e1genes capturaban la lava que flu\u00eda a trav\u00e9s de una fisura en la superficie de la tierra. <\/p>\n<p class=\"speakable\">La erupci\u00f3n comenz\u00f3 alrededor de las 4 de la ma\u00f1ana despu\u00e9s de un intenso enjambre s\u00edsmico en la pen\u00ednsula de Reykjanes, al suroeste de la capital, dijo Reykjavik, la oficina de metas de Islandia. <\/p>\n<p>\u00abEn abundancia de precauci\u00f3n, la ciudad de Grindav\u00edk y la laguna Azul fueron evacuados con \u00e9xito\u00bb, dijo el gobierno de Islandia. \u00abSe recomienda a los viajeros en el \u00e1rea que controlen la calidad del aire, ya que puede ocurrir la contaminaci\u00f3n del gas del sitio de erupci\u00f3n\u00bb. <\/p>\n<p>La lava de la erupci\u00f3n fluye hacia el sureste de una fisura en el paisaje est\u00e9ril que tiene 2.296 a 3,280 pies de ancho, seg\u00fan la Oficina Met. <\/p>\n<p><strong>Los cient\u00edficos predicen la erupci\u00f3n del volc\u00e1n submarino a 300 millas de Oregon<\/strong><strong> <\/strong><\/p>\n<div class=\"image-ct inline\">\n<div class=\"m\"><picture><source media=\"(max-width: 767px)\" srcset=\"https:\/\/a57.foxnews.com\/static.foxnews.com\/foxnews.com\/content\/uploads\/2025\/07\/343\/192\/iceland-volcano.jpg?ve=1&amp;tl=1, https:\/\/a57.foxnews.com\/static.foxnews.com\/foxnews.com\/content\/uploads\/2025\/07\/686\/384\/iceland-volcano.jpg?ve=1&amp;tl=1 2x\" height=\"192\" width=\"343\"><source media=\"(min-width: 768px) and (max-width: 1023px)\" srcset=\"https:\/\/a57.foxnews.com\/static.foxnews.com\/foxnews.com\/content\/uploads\/2025\/07\/672\/378\/iceland-volcano.jpg?ve=1&amp;tl=1, https:\/\/a57.foxnews.com\/static.foxnews.com\/foxnews.com\/content\/uploads\/2025\/07\/1344\/756\/iceland-volcano.jpg?ve=1&amp;tl=1 2x\" height=\"378\" width=\"672\"><source media=\"(min-width: 1024px) and (max-width: 1279px)\" srcset=\"https:\/\/a57.foxnews.com\/static.foxnews.com\/foxnews.com\/content\/uploads\/2025\/07\/931\/523\/iceland-volcano.jpg?ve=1&amp;tl=1, https:\/\/a57.foxnews.com\/static.foxnews.com\/foxnews.com\/content\/uploads\/2025\/07\/1862\/1046\/iceland-volcano.jpg?ve=1&amp;tl=1 2x\" height=\"523\" width=\"931\"><source media=\"(min-width: 1280px)\" srcset=\"https:\/\/a57.foxnews.com\/static.foxnews.com\/foxnews.com\/content\/uploads\/2025\/07\/720\/405\/iceland-volcano.jpg?ve=1&amp;tl=1, https:\/\/a57.foxnews.com\/static.foxnews.com\/foxnews.com\/content\/uploads\/2025\/07\/1440\/810\/iceland-volcano.jpg?ve=1&amp;tl=1 2x\" height=\"405\" width=\"720\"><img loading=\"lazy\" decoding=\"async\" src=\"https:\/\/a57.foxnews.com\/static.foxnews.com\/foxnews.com\/content\/uploads\/2025\/07\/1200\/675\/iceland-volcano.jpg?ve=1&amp;tl=1\" alt=\"Erupci\u00f3n volc\u00e1nica en Islandia\" width=\"1200\" height=\"675\"\/><\/source><\/source><\/source><\/source><\/picture><\/div>\n<div class=\"info\">\n<div class=\"caption\">\n<p><span>La lava emerge a trav\u00e9s de una fisura despu\u00e9s de una erupci\u00f3n de volc\u00e1n cerca de Grindavik, Islandia, el mi\u00e9rcoles 16 de julio de 2025. <\/span> <span>(Hordur Kristleifsson a trav\u00e9s de la protecci\u00f3n civil de Islandia)<\/span><\/p>\n<\/div>\n<\/div>\n<\/div>\n<p>Grindavik ha sido afectado repetidamente por la actividad volc\u00e1nica desde noviembre de 2023 cuando un volc\u00e1n en el \u00e1rea cobr\u00f3 vida despu\u00e9s de estar inactiva durante unos 800 a\u00f1os. <\/p>\n<p>\u00abEl tr\u00e1fico a\u00e9reo hacia y desde Islandia no se ve afectado, e Islandia sigue siendo abierto y seguro para los turistas. Esta actividad volc\u00e1nica est\u00e1 altamente localizada y no tiene impacto en la infraestructura o las atracciones en el resto de Islandia\u00bb, dijo el gobierno del pa\u00eds. <\/p>\n<p>Describi\u00f3 la actividad volc\u00e1nica como un \u00abhecho de la vida en Islandia, y los islandeses han aprendido a vivir con sus inconvenientes y ventajas considerables, como la energ\u00eda geot\u00e9rmica\u00bb. <\/p>\n<p><strong>El volc\u00e1n Kilauea de Hawaii erupciona con &#8216;Fuente de lava&#8217; de 1,000 pies<\/strong><strong> <\/strong><\/p>\n<div class=\"image-ct inline\">\n<div class=\"m\"><picture><source media=\"(max-width: 767px)\" srcset=\"https:\/\/a57.foxnews.com\/static.foxnews.com\/foxnews.com\/content\/uploads\/2023\/11\/343\/192\/Fox-image-2-Iceland-blue-lagoon.jpg?ve=1&amp;tl=1, https:\/\/a57.foxnews.com\/static.foxnews.com\/foxnews.com\/content\/uploads\/2023\/11\/686\/384\/Fox-image-2-Iceland-blue-lagoon.jpg?ve=1&amp;tl=1 2x\" height=\"192\" width=\"343\"><source media=\"(min-width: 768px) and (max-width: 1023px)\" srcset=\"https:\/\/a57.foxnews.com\/static.foxnews.com\/foxnews.com\/content\/uploads\/2023\/11\/672\/378\/Fox-image-2-Iceland-blue-lagoon.jpg?ve=1&amp;tl=1, https:\/\/a57.foxnews.com\/static.foxnews.com\/foxnews.com\/content\/uploads\/2023\/11\/1344\/756\/Fox-image-2-Iceland-blue-lagoon.jpg?ve=1&amp;tl=1 2x\" height=\"378\" width=\"672\"><source media=\"(min-width: 1024px) and (max-width: 1279px)\" srcset=\"https:\/\/a57.foxnews.com\/static.foxnews.com\/foxnews.com\/content\/uploads\/2023\/11\/931\/523\/Fox-image-2-Iceland-blue-lagoon.jpg?ve=1&amp;tl=1, https:\/\/a57.foxnews.com\/static.foxnews.com\/foxnews.com\/content\/uploads\/2023\/11\/1862\/1046\/Fox-image-2-Iceland-blue-lagoon.jpg?ve=1&amp;tl=1 2x\" height=\"523\" width=\"931\"><source media=\"(min-width: 1280px)\" srcset=\"https:\/\/a57.foxnews.com\/static.foxnews.com\/foxnews.com\/content\/uploads\/2023\/11\/720\/405\/Fox-image-2-Iceland-blue-lagoon.jpg?ve=1&amp;tl=1, https:\/\/a57.foxnews.com\/static.foxnews.com\/foxnews.com\/content\/uploads\/2023\/11\/1440\/810\/Fox-image-2-Iceland-blue-lagoon.jpg?ve=1&amp;tl=1 2x\" height=\"405\" width=\"720\"><img loading=\"lazy\" decoding=\"async\" src=\"https:\/\/a57.foxnews.com\/static.foxnews.com\/foxnews.com\/content\/uploads\/2023\/11\/1200\/675\/Fox-image-2-Iceland-blue-lagoon.jpg?ve=1&amp;tl=1\" alt=\"Personas en la laguna azul Spa geot\u00e9rmica\" width=\"1200\" height=\"675\"\/><\/source><\/source><\/source><\/source><\/picture><\/div>\n<div class=\"info\">\n<div class=\"caption\">\n<p><span>Los turistas que disfrutan del Blue Lagoon Geothermal Spa.<\/span> <span>(Danuta Hamlin)<\/span><\/p>\n<\/div>\n<\/div>\n<\/div>\n<p>\u00abLa oficina meteorol\u00f3gica islandesa, el Departamento de Protecci\u00f3n Civil y Gesti\u00f3n de Emergencias, y un equipo de cient\u00edficos de la Universidad de Islandia, monitorean y analizan de cerca los desarrollos relacionados con [to] Actividades s\u00edsmicas \u00ab, tambi\u00e9n dijo. <\/p>\n<p>Las autoridades dijeron que ha habido una docena de erupciones volc\u00e1nicas en la pen\u00ednsula de Reykjanes que data de 2021. <\/p>\n<p>\u00abNo hay forma de predecir con precisi\u00f3n si, donde o cu\u00e1ndo la actividad s\u00edsmica puede dar lugar a una erupci\u00f3n volc\u00e1nica o el posible tama\u00f1o de tal erupci\u00f3n, pero son monitoreados y evaluados constantemente en funci\u00f3n de los mejores datos cient\u00edficos disponibles\u00bb, dijo el gobierno de Islandia. <\/p>\n<div class=\"image-ct inline\">\n<div class=\"m\"><picture><source media=\"(max-width: 767px)\" srcset=\"https:\/\/a57.foxnews.com\/static.foxnews.com\/foxnews.com\/content\/uploads\/2025\/07\/343\/192\/iceland-volcano-2.jpg?ve=1&amp;tl=1, https:\/\/a57.foxnews.com\/static.foxnews.com\/foxnews.com\/content\/uploads\/2025\/07\/686\/384\/iceland-volcano-2.jpg?ve=1&amp;tl=1 2x\" height=\"192\" width=\"343\"><source media=\"(min-width: 768px) and (max-width: 1023px)\" srcset=\"https:\/\/a57.foxnews.com\/static.foxnews.com\/foxnews.com\/content\/uploads\/2025\/07\/672\/378\/iceland-volcano-2.jpg?ve=1&amp;tl=1, https:\/\/a57.foxnews.com\/static.foxnews.com\/foxnews.com\/content\/uploads\/2025\/07\/1344\/756\/iceland-volcano-2.jpg?ve=1&amp;tl=1 2x\" height=\"378\" width=\"672\"><source media=\"(min-width: 1024px) and (max-width: 1279px)\" srcset=\"https:\/\/a57.foxnews.com\/static.foxnews.com\/foxnews.com\/content\/uploads\/2025\/07\/931\/523\/iceland-volcano-2.jpg?ve=1&amp;tl=1, https:\/\/a57.foxnews.com\/static.foxnews.com\/foxnews.com\/content\/uploads\/2025\/07\/1862\/1046\/iceland-volcano-2.jpg?ve=1&amp;tl=1 2x\" height=\"523\" width=\"931\"><source media=\"(min-width: 1280px)\" srcset=\"https:\/\/a57.foxnews.com\/static.foxnews.com\/foxnews.com\/content\/uploads\/2025\/07\/720\/405\/iceland-volcano-2.jpg?ve=1&amp;tl=1, https:\/\/a57.foxnews.com\/static.foxnews.com\/foxnews.com\/content\/uploads\/2025\/07\/1440\/810\/iceland-volcano-2.jpg?ve=1&amp;tl=1 2x\" height=\"405\" width=\"720\"><img loading=\"lazy\" decoding=\"async\" src=\"https:\/\/a57.foxnews.com\/static.foxnews.com\/foxnews.com\/content\/uploads\/2025\/07\/1200\/675\/iceland-volcano-2.jpg?ve=1&amp;tl=1\" alt=\"El volc\u00e1n estalle en Islandia\" width=\"1200\" height=\"675\"\/><\/source><\/source><\/source><\/source><\/picture><\/div>\n<div class=\"info\">\n<div class=\"caption\">\n<p><span>La erupci\u00f3n el mi\u00e9rcoles 16 de julio de 2025, como se ve desde un helic\u00f3ptero de la Guardia Costera durante un vuelo de vigilancia. <\/span> <span>(La Oficina de Meteorol\u00f3gica Islandia\/Halld\u00f3r Bj\u00f6rnsson)<\/span><\/p>\n<\/div>\n<\/div>\n<\/div>\n<p><strong>Haga clic aqu\u00ed para obtener la aplicaci\u00f3n Fox News<\/strong><strong> <\/strong><\/p>\n<p>\u00abIslandia est\u00e1 situada en la cresta del Atl\u00e1ntico Medio, donde las placas tect\u00f3nicas de Am\u00e9rica del Norte y Eurasia divergen, lo que lo convierte en una de las regiones volc\u00e1nicas m\u00e1s activas del mundo. Los eventos s\u00edsmicos regulares son una caracter\u00edstica caracter\u00edstica de la geolog\u00eda islandesa, que van desde temblores menores hasta terremotos significativos\u00bb, agreg\u00f3. \u00abLa actividad s\u00edsmica en Islandia a menudo se debe al movimiento del magma debajo de la corteza terrestre. A veces puede dar como resultado el magma que busca el camino m\u00e1s f\u00e1cil hacia la superficie y convertirse en una erupci\u00f3n volc\u00e1nica\u00bb. <\/p>\n<p><i>Associated Press contribuy\u00f3 a este informe. <\/i><\/p>\n<p> <!----> <\/p>\n<div class=\"article-meta\">\n<div class=\"author-bio\">\n<p>Greg Norman es reportero de Fox News Digital.<\/p>\n<\/div>\n<\/div>\n<\/div>\n\n","protected":false},"excerpt":{"rendered":"<p>NUEVO\u00a1Ahora puedes escuchar art\u00edculos de Fox News! Una erupci\u00f3n volc\u00e1nica en Islandia oblig\u00f3 a los turistas a evacuar el spa geot\u00e9rmica de la laguna azul el mi\u00e9rcoles mientras las im\u00e1genes capturaban la lava que flu\u00eda a trav\u00e9s de una fisura en la superficie de la tierra. La erupci\u00f3n comenz\u00f3 alrededor de las 4 de la &hellip;<\/p>\n","protected":false},"author":1,"featured_media":36208,"comment_status":"open","ping_status":"open","sticky":false,"template":"","format":"standard","meta":{"fifu_image_url":"https:\/\/static.foxnews.com\/foxnews.com\/content\/uploads\/2025\/07\/iceland-volcano-3.jpg","fifu_image_alt":"","footnotes":""},"categories":[13],"tags":[],"class_list":["post-36206","post","type-post","status-publish","format-standard","has-post-thumbnail","","category-mundo"],"_links":{"self":[{"href":"https:\/\/noticiasveraces.com\/index.php?rest_route=\/wp\/v2\/posts\/36206","targetHints":{"allow":["GET"]}}],"collection":[{"href":"https:\/\/noticiasveraces.com\/index.php?rest_route=\/wp\/v2\/posts"}],"about":[{"href":"https:\/\/noticiasveraces.com\/index.php?rest_route=\/wp\/v2\/types\/post"}],"author":[{"embeddable":true,"href":"https:\/\/noticiasveraces.com\/index.php?rest_route=\/wp\/v2\/users\/1"}],"replies":[{"embeddable":true,"href":"https:\/\/noticiasveraces.com\/index.php?rest_route=%2Fwp%2Fv2%2Fcomments&post=36206"}],"version-history":[{"count":0,"href":"https:\/\/noticiasveraces.com\/index.php?rest_route=\/wp\/v2\/posts\/36206\/revisions"}],"wp:featuredmedia":[{"embeddable":true,"href":"https:\/\/noticiasveraces.com\/index.php?rest_route=\/wp\/v2\/media\/36208"}],"wp:attachment":[{"href":"https:\/\/noticiasveraces.com\/index.php?rest_route=%2Fwp%2Fv2%2Fmedia&parent=36206"}],"wp:term":[{"taxonomy":"category","embeddable":true,"href":"https:\/\/noticiasveraces.com\/index.php?rest_route=%2Fwp%2Fv2%2Fcategories&post=36206"},{"taxonomy":"post_tag","embeddable":true,"href":"https:\/\/noticiasveraces.com\/index.php?rest_route=%2Fwp%2Fv2%2Ftags&post=36206"}],"curies":[{"name":"wp","href":"https:\/\/api.w.org\/{rel}","templated":true}]}}