{"id":36167,"date":"2025-07-16T02:16:39","date_gmt":"2025-07-16T06:16:39","guid":{"rendered":"https:\/\/noticiasveraces.com\/?p=36167"},"modified":"2025-07-16T02:16:39","modified_gmt":"2025-07-16T06:16:39","slug":"el-gobierno-griego-habla-de-invasion-dw-15-07-2025","status":"publish","type":"post","link":"https:\/\/noticiasveraces.com\/?p=36167","title":{"rendered":"el gobierno griego habla de \u201cinvasi\u00f3n\u201d \u2013 DW \u2013 15\/07\/2025"},"content":{"rendered":"<p> \n<\/p>\n<div>\n<p>La ret\u00f3rica es belicosa. Thanos Plevris, el reci\u00e9n nombrado ministro de Migraci\u00f3n de Grecia, habla de una \u00abinvasi\u00f3n\u201d. Varios diputados del partido gobernante Nueva Democracia (ND) se refieren a una \u00abguerra h\u00edbrida\u201d o una \u00absituaci\u00f3n de emergencia\u201d. Gran parte de los medios escribe que Creta est\u00e1 siendo literalmente \u00abinundada\u201d por \u00abinmigrantes ilegales\u201d. Y el primer ministro, Kyriakos Mitsotakis, promete que Grecia no permitir\u00e1 la apertura de una nueva v\u00eda de entrada ilegal al pa\u00eds ni a Europa.<\/p>\n<p>\u00abComo en la regi\u00f3n de Evros en 2020, haremos todo lo necesario para detenerlos\u00bb, escribi\u00f3 el jefe de Gobierno en su publicaci\u00f3n semanal de Facebook el domingo (13.07.2025). Pero, \u00bfest\u00e1n realmente Grecia \u2014y Europa con ella\u2014 ante una nueva crisis de refugiados\u00a0como la de 2015? Todos los datos indican lo contrario.<\/p>\n<h2>Cien veces menos que en 2015<\/h2>\n<p>En la primera mitad de 2025, seg\u00fan la Guardia Costera, llegaron 7.336 refugiados a la isla mediterr\u00e1nea de Creta y a la peque\u00f1a isla vecina de Gavdos. En julio llegaron casi 2.000 m\u00e1s. Esto representa un aumento de casi el 350% respecto a 2024, pero no es una cifra que justifique hablar de \u00abinvasi\u00f3n\u201d.<\/p>\n<p>Adem\u00e1s, para una gran isla como Creta, no ser\u00eda te\u00f3ricamente un problema gestionar 9.000 o 10.000 personas refugiadas. A modo de comparaci\u00f3n: en 2015 llegaron m\u00e1s de un mill\u00f3n de personas a islas mucho m\u00e1s peque\u00f1as como Lesbos y Kos, es decir, cien veces m\u00e1s. Pero el ambiente pol\u00edtico y social en 2025 es diferente, tanto en Europa como en Grecia.<\/p>\n<figure class=\"placeholder-image master_landscape big\"><img data-format=\"MASTER_LANDSCAPE\" data-id=\"73089685\" data-url=\"https:\/\/static.dw.com\/image\/73089685_${formatId}.jpg\" data-aspect-ratio=\"16\/9\" alt=\"Retrato de un hombre en un hombre oscuro que mira a la c\u00e1mara con expresi\u00f3n seria.\" style=\"padding-bottom: 56.25%; height: 0; max-height: 0;\"\/><figcaption class=\"img-caption\">El nuevo ministro griego de Migraci\u00f3n, Thanos Plevris, durante su toma de posesi\u00f3n el 30 de junio de 2025.<small class=\"copyright\">Imagen: Petros Giannakouris\/AP\/DPA\/Picture Alliance<\/small><\/figcaption><\/figure>\n<p>Los habitantes de Creta, que en 2024 recibieron casi cuatro millones de turistas, se oponen con firmeza a la creaci\u00f3n de un campo para los reci\u00e9n llegados. El pasado fin de semana incluso hubo manifestaciones en su contra. Por ahora, los nuevos refugiados est\u00e1n siendo trasladados a Malakasa, cerca de Atenas, o al norte de Grecia.<\/p>\n<h2>\u00bfMen\u00fas de lujo para solicitantes de asilo?<\/h2>\n<p>Al mismo tiempo, el ministro griego de Migraci\u00f3n habla \u00fanicamente de \u00abinmigrantes ilegales\u201d que deber\u00edan estar en prisi\u00f3n, y amenaza a los refugiados con raciones de comida reducidas. Plevris asegura que quienes viven en campos cerrados comen demasiado bien y reitera que su ministerio \u00abno es un hotel\u201d.<\/p>\n<p>El hecho es que en Grecia solo los solicitantes de asilo reciben alimentos. Los refugiados reconocidos y tambi\u00e9n aquellos cuya solicitud fue rechazada, pero que no pueden abandonar el pa\u00eds, no tienen derecho a alimentaci\u00f3n.<\/p>\n<p>Desde el 1 de octubre de 2021, las personas solicitantes de asilo alojadas en campos griegos reciben comida proporcionada por empresas privadas de <em>abastecimiento<\/em>a un coste de 6,88 euros por persona y d\u00eda. La afirmaci\u00f3n de Plevris de que se les sirven men\u00fas de hotel es, como m\u00ednimo, una exageraci\u00f3n.<\/p>\n<p>El ministro, con un pasado de extrema derecha, se presenta como un firme opositor a la inmigraci\u00f3n ilegal. Para \u00e9l, casi todos los reci\u00e9n llegados son ilegales. Les acusa de querer disfrutar de una buena vida en el para\u00edso griego, financiada por el contribuyente. Pero el hecho es que el 75% del coste de la alimentaci\u00f3n est\u00e1 cubierto por la UE. Y tambi\u00e9n es un hecho que la mayor\u00eda de los refugiados y migrantes no sue\u00f1an con quedarse en Grecia, sino que desean continuar hacia Europa Occidental o del Norte.<\/p>\n<p><span data-slot-id=\"Article_InContent-1\" class=\"rich-text-ad\"\/><\/p>\n<h2>\u00bfDe d\u00f3nde vienen los nuevos refugiados?<\/h2>\n<p>En realidad, el Gobierno sabe bien que ni las amenazas de prisi\u00f3n ni las dos fragatas que Mitsotakis envi\u00f3 recientemente a patrullar frente a la costa libia resolver\u00e1n el problema. Actualmente, el destruido Estado libio es el lugar donde se concentran quienes huyen de las guerras africanas, el hambre y la falta de futuro, a la espera de una oportunidad para cruzar hacia Europa. Solo la guerra en Sud\u00e1n ha provocado el desplazamiento de 14 millones de personas, que han huido hacia Chad, Egipto, Etiop\u00eda y tambi\u00e9n Libia.<\/p>\n<p>La \u00fanica soluci\u00f3n realista para el problema de Grecia \u2014y de Europa\u2014 ser\u00eda un acuerdo con Libia, es decir, con sus dos gobiernos: el internacionalmente reconocido en Tr\u00edpoli y el otro en Bengasi, siguiendo el modelo del acuerdo UE-Turqu\u00eda de 2016.<\/p>\n<p>(GG\/EL)<\/p>\n<\/div>\n\n","protected":false},"excerpt":{"rendered":"<p>La ret\u00f3rica es belicosa. Thanos Plevris, el reci\u00e9n nombrado ministro de Migraci\u00f3n de Grecia, habla de una \u00abinvasi\u00f3n\u201d. Varios diputados del partido gobernante Nueva Democracia (ND) se refieren a una \u00abguerra h\u00edbrida\u201d o una \u00absituaci\u00f3n de emergencia\u201d. Gran parte de los medios escribe que Creta est\u00e1 siendo literalmente \u00abinundada\u201d por \u00abinmigrantes ilegales\u201d. Y el primer &hellip;<\/p>\n","protected":false},"author":1,"featured_media":36168,"comment_status":"open","ping_status":"open","sticky":false,"template":"","format":"standard","meta":{"fifu_image_url":"https:\/\/static.dw.com\/image\/73213335_6.jpg","fifu_image_alt":"","footnotes":""},"categories":[13],"tags":[],"class_list":["post-36167","post","type-post","status-publish","format-standard","has-post-thumbnail","","category-mundo"],"_links":{"self":[{"href":"https:\/\/noticiasveraces.com\/index.php?rest_route=\/wp\/v2\/posts\/36167","targetHints":{"allow":["GET"]}}],"collection":[{"href":"https:\/\/noticiasveraces.com\/index.php?rest_route=\/wp\/v2\/posts"}],"about":[{"href":"https:\/\/noticiasveraces.com\/index.php?rest_route=\/wp\/v2\/types\/post"}],"author":[{"embeddable":true,"href":"https:\/\/noticiasveraces.com\/index.php?rest_route=\/wp\/v2\/users\/1"}],"replies":[{"embeddable":true,"href":"https:\/\/noticiasveraces.com\/index.php?rest_route=%2Fwp%2Fv2%2Fcomments&post=36167"}],"version-history":[{"count":0,"href":"https:\/\/noticiasveraces.com\/index.php?rest_route=\/wp\/v2\/posts\/36167\/revisions"}],"wp:featuredmedia":[{"embeddable":true,"href":"https:\/\/noticiasveraces.com\/index.php?rest_route=\/wp\/v2\/media\/36168"}],"wp:attachment":[{"href":"https:\/\/noticiasveraces.com\/index.php?rest_route=%2Fwp%2Fv2%2Fmedia&parent=36167"}],"wp:term":[{"taxonomy":"category","embeddable":true,"href":"https:\/\/noticiasveraces.com\/index.php?rest_route=%2Fwp%2Fv2%2Fcategories&post=36167"},{"taxonomy":"post_tag","embeddable":true,"href":"https:\/\/noticiasveraces.com\/index.php?rest_route=%2Fwp%2Fv2%2Ftags&post=36167"}],"curies":[{"name":"wp","href":"https:\/\/api.w.org\/{rel}","templated":true}]}}