{"id":36165,"date":"2025-07-16T01:15:14","date_gmt":"2025-07-16T05:15:14","guid":{"rendered":"https:\/\/noticiasveraces.com\/?p=36165"},"modified":"2025-07-16T01:15:14","modified_gmt":"2025-07-16T05:15:14","slug":"ee-uu-expulsa-a-cinco-inmigrantes-al-lejano-esuatini-dw-16-07-2025","status":"publish","type":"post","link":"https:\/\/noticiasveraces.com\/?p=36165","title":{"rendered":"EE.UU. expulsa a cinco inmigrantes al lejano Esuatini \u2013 DW \u2013 16\/07\/2025"},"content":{"rendered":"<p> \n<\/p>\n<div>\n<p>El gobierno de Donald Trump anunci\u00f3 el martes (15.07.2025) que deport\u00f3 a cinco inmigrantes de pa\u00edses asi\u00e1ticos y caribe\u00f1os a Esuatini, un peque\u00f1o pa\u00eds del sur de \u00c1frica, alegando que son \u00abcriminales condenados\u00bb y sus propios pa\u00edses se niegan a aceptarlos.<\/p>\n<p>El 4 de julio Estados Unidos ya hab\u00eda enviado a ocho inmigrantes en situaci\u00f3n irregular a Sud\u00e1n del Sur, uno de los pa\u00edses m\u00e1s pobres del mundo, sumido en un conflicto, despu\u00e9s de que la Corte Suprema le autorizara a hacerlo, tras una larga batalla legal.<\/p>\n<p>El Departamento de Seguridad Interior (DHS) \u00abhoy llev\u00f3 a cabo un vuelo de deportaci\u00f3n a un tercer pa\u00eds, Esuatini\u00bb, escribi\u00f3 el propio departamento en su cuenta de X, donde public\u00f3 la foto de los cinco deportados, as\u00ed como los cargos que se les imputan.<\/p>\n<p>Son hombres originarios de Vietnam, Laos, Yemen, Cuba y Jamaica, que seg\u00fan el DHS tienen condenas por asesinato, violaci\u00f3n y robo, entre otros.<\/p>\n<p>\u00abEstos extranjeros ilegales criminales son tan singularmente b\u00e1rbaros que sus pa\u00edses de origen se negaron a recibirlos de vuelta\u00bb, agreg\u00f3 el DHS.<\/p>\n<p>Esuatini, la \u00faltima monarqu\u00eda absoluta de \u00c1frica y vecina de Sud\u00e1frica, est\u00e1 gobernada desde 1986 por Mswati III, criticado por su fastuoso estilo de vida y acusado regularmente de violaciones a los derechos humanos.<\/p>\n<p>El presidente de Estados Unidos, Donald Trump, ha hecho de la lucha contra la inmigraci\u00f3n irregular una prioridad de su segundo mandato. Su programa de expulsiones masivas se ha visto en ocasiones frustrado o frenado por sentencias judiciales.<\/p>\n<p>JC (AFP, Reuters, CBS News)<\/p>\n<\/div>\n\n","protected":false},"excerpt":{"rendered":"<p>El gobierno de Donald Trump anunci\u00f3 el martes (15.07.2025) que deport\u00f3 a cinco inmigrantes de pa\u00edses asi\u00e1ticos y caribe\u00f1os a Esuatini, un peque\u00f1o pa\u00eds del sur de \u00c1frica, alegando que son \u00abcriminales condenados\u00bb y sus propios pa\u00edses se niegan a aceptarlos. El 4 de julio Estados Unidos ya hab\u00eda enviado a ocho inmigrantes en situaci\u00f3n &hellip;<\/p>\n","protected":false},"author":1,"featured_media":36166,"comment_status":"open","ping_status":"open","sticky":false,"template":"","format":"standard","meta":{"fifu_image_url":"https:\/\/static.dw.com\/image\/73224798_6.jpg","fifu_image_alt":"","footnotes":""},"categories":[13],"tags":[],"class_list":["post-36165","post","type-post","status-publish","format-standard","has-post-thumbnail","","category-mundo"],"_links":{"self":[{"href":"https:\/\/noticiasveraces.com\/index.php?rest_route=\/wp\/v2\/posts\/36165","targetHints":{"allow":["GET"]}}],"collection":[{"href":"https:\/\/noticiasveraces.com\/index.php?rest_route=\/wp\/v2\/posts"}],"about":[{"href":"https:\/\/noticiasveraces.com\/index.php?rest_route=\/wp\/v2\/types\/post"}],"author":[{"embeddable":true,"href":"https:\/\/noticiasveraces.com\/index.php?rest_route=\/wp\/v2\/users\/1"}],"replies":[{"embeddable":true,"href":"https:\/\/noticiasveraces.com\/index.php?rest_route=%2Fwp%2Fv2%2Fcomments&post=36165"}],"version-history":[{"count":0,"href":"https:\/\/noticiasveraces.com\/index.php?rest_route=\/wp\/v2\/posts\/36165\/revisions"}],"wp:featuredmedia":[{"embeddable":true,"href":"https:\/\/noticiasveraces.com\/index.php?rest_route=\/wp\/v2\/media\/36166"}],"wp:attachment":[{"href":"https:\/\/noticiasveraces.com\/index.php?rest_route=%2Fwp%2Fv2%2Fmedia&parent=36165"}],"wp:term":[{"taxonomy":"category","embeddable":true,"href":"https:\/\/noticiasveraces.com\/index.php?rest_route=%2Fwp%2Fv2%2Fcategories&post=36165"},{"taxonomy":"post_tag","embeddable":true,"href":"https:\/\/noticiasveraces.com\/index.php?rest_route=%2Fwp%2Fv2%2Ftags&post=36165"}],"curies":[{"name":"wp","href":"https:\/\/api.w.org\/{rel}","templated":true}]}}