{"id":36162,"date":"2025-07-16T00:25:14","date_gmt":"2025-07-16T04:25:14","guid":{"rendered":"https:\/\/noticiasveraces.com\/?p=36162"},"modified":"2025-07-16T00:25:14","modified_gmt":"2025-07-16T04:25:14","slug":"adelita-grijalva-gana-primarias-democratas-para-suceder-a-su-difunto-padre-en-el-distrito-de-la-camara-de-representantes-de-arizona","status":"publish","type":"post","link":"https:\/\/noticiasveraces.com\/?p=36162","title":{"rendered":"Adelita Grijalva gana primarias dem\u00f3cratas para suceder a su difunto padre en el distrito de la C\u00e1mara de Representantes de Arizona"},"content":{"rendered":"<p> \n<br \/><img decoding=\"async\" src=\"https:\/\/media-cldnry.s-nbcnews.com\/image\/upload\/t_fit_1500w\/rockcms\/2025-07\/250714-arizona-Adelita-Grijalva-ac-759p-4521d0.jpg\" \/><\/p>\n<div>\n<p id=\"anchor-4c22b0\" class=\"body-graf\">Los dem\u00f3cratas de Arizona han nominado a Adelita Grijalva, hija del difunto representante Ra\u00fal Grijalva, para ocupar su antiguo esca\u00f1o en una elecci\u00f3n especial de septiembre, Associated Press Proyecta.<\/p>\n<p id=\"anchor-6e5ad6\" class=\"body-graf\">Grijalva, ex miembro de la Junta de Supervisores del Condado de Pima, gan\u00f3 las primarias dem\u00f3cratas especiales del martes por delante de Deja Foxx, una activista de 25 a\u00f1os y el ex representante estatal Daniel Hern\u00e1ndez.<\/p>\n<p id=\"anchor-05f49c\" class=\"body-graf\">Con m\u00e1s de dos tercios de los votos esperados contados, Grijalva ten\u00eda un 62% de apoyo, muy por delante de Foxx con un 20%.<\/p>\n<p id=\"anchor-3838a0\" class=\"body-graf\">Grijalva, de 54 a\u00f1os, acumul\u00f3 el apoyo de una variedad de poderosos dem\u00f3cratas elegidos, incluidos Arizona Sens. Mark Kelly y Ruben Gallego y l\u00edderes nacionales progresistas como el senador Bernie Sanders, I-VT. y la representante Alexandria Ocasio-Cortez, DN.Y.<\/p>\n<p id=\"anchor-3ca10b\" class=\"body-graf\">Tanto Grijalva como Foxx se describieron a s\u00ed mismos como progresistas, pero surgieron fisuras durante la campa\u00f1a sobre el tema del cambio generacional. Foxx dio un golpe a Grijalva durante un debate el mes pasado, diciendo que no naci\u00f3 \u00aben un camino\u00bb al Congreso y no tiene \u00abapellido heredado\u00bb.<\/p>\n<p id=\"anchor-a9a73c\" class=\"body-graf\">FOXX tambi\u00e9n gan\u00f3 el respaldo del ex vicepresidente del Comit\u00e9 Nacional Dem\u00f3crata David Hogg&#8217;s PAC, l\u00edderes que merecemos, que apuntan a respaldar a los candidatos m\u00e1s j\u00f3venes en las primarias democr\u00e1ticas en este ciclo electoral.<\/p>\n<section id=\"anchor-3ba6c1\" class=\"embed-widget embedWidget embed-widget--medium\" data-testid=\"embed-widget\"\/>\n<p id=\"anchor-fb7db5\" class=\"body-graf\">Grijalva dijo en una entrevista este mes que la experiencia deber\u00eda importar m\u00e1s de la edad.<\/p>\n<p id=\"anchor-ed67c1\" class=\"body-graf\">\u00abEs frustrante para m\u00ed c\u00f3mo la experiencia se ve como negativa\u00bb, dijo Grijalva a NBC News, y agreg\u00f3: \u00abEstoy un poco sorprendido de que en una primaria dem\u00f3crata, en un partido que realmente deber\u00eda estar trabajando para informar a las personas y no difundir la informaci\u00f3n err\u00f3nea, eso no era algo para lo que estaba preparado\u00bb.<\/p>\n<p id=\"anchor-3ef351\" class=\"body-graf\">En declaraciones a los seguidores en la noche de las elecciones, Grijalva dijo que la campa\u00f1a \u00abno se trataba de un individuo, no se trataba de los gustos de las redes sociales, se trataba de llamar a las puertas, cara a cara con los miembros de la comunidad que ten\u00edan conversaciones reales\u00bb. Pronto agreg\u00f3: \u00abEstoy muy agradecido de que mi pap\u00e1 nos haya ense\u00f1ado a todo que as\u00ed es como hacemos este trabajo\u00bb.<\/p>\n<p id=\"anchor-b373d7\" class=\"body-graf\">Aunque Grijalva es mayor que Foxx, a los 54 a\u00f1os, seguir\u00e1 siendo m\u00e1s joven que m\u00e1s de la mitad de sus colegas en la casa si se elige.<\/p>\n<p id=\"anchor-8d5c8d\" class=\"body-graf\">Antes de servir en la Junta de Supervisores del Condado, Grijalva fue miembro de la Junta Escolar de Tucson y dirigi\u00f3 un programa de desv\u00edo juvenil sin fines de lucro.<\/p>\n<p id=\"anchor-6907bb\" class=\"body-graf\">Ra\u00fal Grijalva gan\u00f3 12 t\u00e9rminos que representan el \u00e1rea en el Congreso antes de morir en marzo a la edad de 77 a\u00f1os.<\/p>\n<p id=\"anchor-cf8dfc\" class=\"endmark body-graf\">Adelita Grijalva se enfrentar\u00e1 al republicano Daniel Butierez en las elecciones especiales del 23 de septiembre. El distrito, que abarca la mayor parte de la frontera sur de Tucson y el estado, es muy democr\u00e1tico, y el ex vicepresidente Kamala Harris lo llev\u00f3 a 22 puntos en 2024, seg\u00fan el mostrador de decisiones de NBC News.<\/p>\n<\/div>\n\n","protected":false},"excerpt":{"rendered":"<p>Los dem\u00f3cratas de Arizona han nominado a Adelita Grijalva, hija del difunto representante Ra\u00fal Grijalva, para ocupar su antiguo esca\u00f1o en una elecci\u00f3n especial de septiembre, Associated Press Proyecta. Grijalva, ex miembro de la Junta de Supervisores del Condado de Pima, gan\u00f3 las primarias dem\u00f3cratas especiales del martes por delante de Deja Foxx, una activista &hellip;<\/p>\n","protected":false},"author":1,"featured_media":36164,"comment_status":"open","ping_status":"open","sticky":false,"template":"","format":"standard","meta":{"fifu_image_url":"https:\/\/media-cldnry.s-nbcnews.com\/image\/upload\/t_nbcnews-fp-1200-630,f_auto,q_auto:best\/rockcms\/2025-07\/250714-arizona-Adelita-Grijalva-ac-759p-4521d0.jpg","fifu_image_alt":"","footnotes":""},"categories":[4],"tags":[],"class_list":["post-36162","post","type-post","status-publish","format-standard","has-post-thumbnail","","category-historias-destacadas"],"_links":{"self":[{"href":"https:\/\/noticiasveraces.com\/index.php?rest_route=\/wp\/v2\/posts\/36162","targetHints":{"allow":["GET"]}}],"collection":[{"href":"https:\/\/noticiasveraces.com\/index.php?rest_route=\/wp\/v2\/posts"}],"about":[{"href":"https:\/\/noticiasveraces.com\/index.php?rest_route=\/wp\/v2\/types\/post"}],"author":[{"embeddable":true,"href":"https:\/\/noticiasveraces.com\/index.php?rest_route=\/wp\/v2\/users\/1"}],"replies":[{"embeddable":true,"href":"https:\/\/noticiasveraces.com\/index.php?rest_route=%2Fwp%2Fv2%2Fcomments&post=36162"}],"version-history":[{"count":0,"href":"https:\/\/noticiasveraces.com\/index.php?rest_route=\/wp\/v2\/posts\/36162\/revisions"}],"wp:featuredmedia":[{"embeddable":true,"href":"https:\/\/noticiasveraces.com\/index.php?rest_route=\/wp\/v2\/media\/36164"}],"wp:attachment":[{"href":"https:\/\/noticiasveraces.com\/index.php?rest_route=%2Fwp%2Fv2%2Fmedia&parent=36162"}],"wp:term":[{"taxonomy":"category","embeddable":true,"href":"https:\/\/noticiasveraces.com\/index.php?rest_route=%2Fwp%2Fv2%2Fcategories&post=36162"},{"taxonomy":"post_tag","embeddable":true,"href":"https:\/\/noticiasveraces.com\/index.php?rest_route=%2Fwp%2Fv2%2Ftags&post=36162"}],"curies":[{"name":"wp","href":"https:\/\/api.w.org\/{rel}","templated":true}]}}