{"id":36157,"date":"2025-07-16T00:04:23","date_gmt":"2025-07-16T04:04:23","guid":{"rendered":"https:\/\/noticiasveraces.com\/?p=36157"},"modified":"2025-07-16T00:04:23","modified_gmt":"2025-07-16T04:04:23","slug":"alerta-por-salud-de-carlos-bilardo-detalles-del-deterioro-y-estado-critico-no-reconoce-a-nadie-curiosidades-de-futbol","status":"publish","type":"post","link":"https:\/\/noticiasveraces.com\/?p=36157","title":{"rendered":"Alerta por salud de Carlos Bilardo: detalles del deterioro y estado cr\u00edtico | No reconoce a nadie | Curiosidades de f\u00fatbol"},"content":{"rendered":"<p> \n<br \/><img decoding=\"async\" src=\"https:\/\/www.futbolred.com\/files\/article_graphic\/uploads\/2018\/02\/09\/5a7dd5edc5a0d.jpeg\" \/><\/p>\n<div id=\"cuerpoArticulo\">\n<p class=\"texto intro\" id=\"p251081-m724-723-725\">No son buenas noticias sobre la salud de Carlos Salvador Bilardo. El entrenador ued\u00f3 en la historia del f\u00fatbol a llevar a Argentina a su segundo t\u00edtulo mundial, en M\u00e9xico 1986. Y tambi\u00e9n tiene un enorme reconocimiento en Colombia, por haber llevado por primera vez a un equipo del pa\u00eds a la final de la Copa Libertadores: Deportivo Cali.<\/p>\n<p>Sin embargo, su estado de salud ha empeorado en los \u00faltimos d\u00edas y su deterioro mental ha sido notorio y preocupante, seg\u00fan cuentan sus allegados.<\/p>\n<p>Precisamente uno de los m\u00e1s cercanos a Bilardo es Miguel Lemme, amigo exasistente t\u00e9cnico del Doctor Bilardo; as\u00ed, Lemme revel\u00f3 detalles del estado del m\u00edtico entrenador.<\/p>\n<p class=\"texto contenido-parrafo-articulo\" id=\"p251081-m774-3-775\">\u201cNo me reconoce. Ya no reconoce a nadie. A veces confunde a la mujer con la hija y la hija con la mujer. Yo dije, har\u00e1 m\u00e1s o menos dos a\u00f1os, a\u00f1o y medio, dije que cuando no me conozca no voy m\u00e1s, pero es m\u00e1s fuerte que yo\u201d, cont\u00f3 Lemme en entrevista con Super Deportivo Radio.<\/p>\n<p>Bilardo afronta los s\u00edntomas del s\u00edndrome de Hakim-Adams, o hidrocefalia de presi\u00f3n normal, que provoca un progresivo deterioro cognitivo.<\/p>\n<p>\u201cLa enfermedad que tiene no es recuperable, pero yo siempre lo veo bien\u201d, apunt\u00f3 Lemme.<\/p>\n<\/p><\/div>\n\n","protected":false},"excerpt":{"rendered":"<p>No son buenas noticias sobre la salud de Carlos Salvador Bilardo. El entrenador ued\u00f3 en la historia del f\u00fatbol a llevar a Argentina a su segundo t\u00edtulo mundial, en M\u00e9xico 1986. Y tambi\u00e9n tiene un enorme reconocimiento en Colombia, por haber llevado por primera vez a un equipo del pa\u00eds a la final de la &hellip;<\/p>\n","protected":false},"author":1,"featured_media":36159,"comment_status":"open","ping_status":"open","sticky":false,"template":"","format":"standard","meta":{"fifu_image_url":"https:\/\/www.futbolred.com\/files\/og_thumbnail\/uploads\/2018\/02\/09\/5a7dd5edc5a0d.jpeg","fifu_image_alt":"","footnotes":""},"categories":[6],"tags":[],"class_list":["post-36157","post","type-post","status-publish","format-standard","has-post-thumbnail","","category-deportes"],"_links":{"self":[{"href":"https:\/\/noticiasveraces.com\/index.php?rest_route=\/wp\/v2\/posts\/36157","targetHints":{"allow":["GET"]}}],"collection":[{"href":"https:\/\/noticiasveraces.com\/index.php?rest_route=\/wp\/v2\/posts"}],"about":[{"href":"https:\/\/noticiasveraces.com\/index.php?rest_route=\/wp\/v2\/types\/post"}],"author":[{"embeddable":true,"href":"https:\/\/noticiasveraces.com\/index.php?rest_route=\/wp\/v2\/users\/1"}],"replies":[{"embeddable":true,"href":"https:\/\/noticiasveraces.com\/index.php?rest_route=%2Fwp%2Fv2%2Fcomments&post=36157"}],"version-history":[{"count":0,"href":"https:\/\/noticiasveraces.com\/index.php?rest_route=\/wp\/v2\/posts\/36157\/revisions"}],"wp:featuredmedia":[{"embeddable":true,"href":"https:\/\/noticiasveraces.com\/index.php?rest_route=\/wp\/v2\/media\/36159"}],"wp:attachment":[{"href":"https:\/\/noticiasveraces.com\/index.php?rest_route=%2Fwp%2Fv2%2Fmedia&parent=36157"}],"wp:term":[{"taxonomy":"category","embeddable":true,"href":"https:\/\/noticiasveraces.com\/index.php?rest_route=%2Fwp%2Fv2%2Fcategories&post=36157"},{"taxonomy":"post_tag","embeddable":true,"href":"https:\/\/noticiasveraces.com\/index.php?rest_route=%2Fwp%2Fv2%2Ftags&post=36157"}],"curies":[{"name":"wp","href":"https:\/\/api.w.org\/{rel}","templated":true}]}}