{"id":36128,"date":"2025-07-15T20:07:53","date_gmt":"2025-07-16T00:07:53","guid":{"rendered":"https:\/\/noticiasveraces.com\/?p=36128"},"modified":"2025-07-15T20:07:53","modified_gmt":"2025-07-16T00:07:53","slug":"primer-ministro-de-ucrania-presenta-renuncia-al-parlamento-dw-16-07-2025","status":"publish","type":"post","link":"https:\/\/noticiasveraces.com\/?p=36128","title":{"rendered":"Primer ministro de Ucrania presenta renuncia al Parlamento \u2013 DW \u2013 16\/07\/2025"},"content":{"rendered":"<p> \n<\/p>\n<div>\n<p>El primer ministro de Ucrania, Denys Shmigal, present\u00f3 este martes (15.07.2025) al Parlamento su renuncia como primer ministro del pa\u00eds, despu\u00e9s de que el presidente ucraniano, Volod\u00edmir Zelenski, anunciara en la v\u00edspera que ha propuesto a la actual ministra de Econom\u00eda, Yulia Sviridenko, asumir la jefatura de Gobierno.<\/p>\n<p>Shmigal public\u00f3 una foto de la nota manuscrita en la que pide al Parlamento que acepte su salida del cargo en un mensaje en su canal de Telegram, donde tambi\u00e9n dio las gracias a Zelenski por \u00abla confianza\u00bb que ha tenido en \u00e9l.<\/p>\n<p>Seg\u00fan un calendario de trabajo publicado por el &#8216;Kyiv Independent&#8217;, que cita como fuente a varios diputados, el Parlamento ucraniano someter\u00e1 a votaci\u00f3n el mi\u00e9rcoles la renuncia de Shmigal y se pronunciar\u00e1 el jueves sobre el nombramiento de los nuevos integrantes del Gobierno.<\/p>\n<p>El partido de Zelenski, Sluga Narodu (Servidor del Pueblo), tiene mayor\u00eda absoluta en la C\u00e1mara y se espera que los cambios en el Gabinete se aprueben sin complicaciones.<\/p>\n<p>Zelenski ha dejado entrever esta semana que podr\u00eda nombrar a Shmigal nuevo ministro de Defensa en sustituci\u00f3n del actual titular de esa cartera, Rustem Um\u00e9rov, al que el presidente podr\u00eda nombrar, seg\u00fan dijo la semana pasada, nuevo embajador en Washington.<\/p>\n<p>Denys Shmigal tiene 49 a\u00f1os y ocupa el cargo de primer ministro desde marzo de 2020.<\/p>\n<p>JC (Efe, DPA, Reuters, AP)<\/p>\n<\/div>\n\n","protected":false},"excerpt":{"rendered":"<p>El primer ministro de Ucrania, Denys Shmigal, present\u00f3 este martes (15.07.2025) al Parlamento su renuncia como primer ministro del pa\u00eds, despu\u00e9s de que el presidente ucraniano, Volod\u00edmir Zelenski, anunciara en la v\u00edspera que ha propuesto a la actual ministra de Econom\u00eda, Yulia Sviridenko, asumir la jefatura de Gobierno. Shmigal public\u00f3 una foto de la nota &hellip;<\/p>\n","protected":false},"author":1,"featured_media":36129,"comment_status":"open","ping_status":"open","sticky":false,"template":"","format":"standard","meta":{"fifu_image_url":"https:\/\/static.dw.com\/image\/68622352_6.jpg","fifu_image_alt":"","footnotes":""},"categories":[13],"tags":[],"class_list":["post-36128","post","type-post","status-publish","format-standard","has-post-thumbnail","","category-mundo"],"_links":{"self":[{"href":"https:\/\/noticiasveraces.com\/index.php?rest_route=\/wp\/v2\/posts\/36128","targetHints":{"allow":["GET"]}}],"collection":[{"href":"https:\/\/noticiasveraces.com\/index.php?rest_route=\/wp\/v2\/posts"}],"about":[{"href":"https:\/\/noticiasveraces.com\/index.php?rest_route=\/wp\/v2\/types\/post"}],"author":[{"embeddable":true,"href":"https:\/\/noticiasveraces.com\/index.php?rest_route=\/wp\/v2\/users\/1"}],"replies":[{"embeddable":true,"href":"https:\/\/noticiasveraces.com\/index.php?rest_route=%2Fwp%2Fv2%2Fcomments&post=36128"}],"version-history":[{"count":0,"href":"https:\/\/noticiasveraces.com\/index.php?rest_route=\/wp\/v2\/posts\/36128\/revisions"}],"wp:featuredmedia":[{"embeddable":true,"href":"https:\/\/noticiasveraces.com\/index.php?rest_route=\/wp\/v2\/media\/36129"}],"wp:attachment":[{"href":"https:\/\/noticiasveraces.com\/index.php?rest_route=%2Fwp%2Fv2%2Fmedia&parent=36128"}],"wp:term":[{"taxonomy":"category","embeddable":true,"href":"https:\/\/noticiasveraces.com\/index.php?rest_route=%2Fwp%2Fv2%2Fcategories&post=36128"},{"taxonomy":"post_tag","embeddable":true,"href":"https:\/\/noticiasveraces.com\/index.php?rest_route=%2Fwp%2Fv2%2Ftags&post=36128"}],"curies":[{"name":"wp","href":"https:\/\/api.w.org\/{rel}","templated":true}]}}