{"id":36126,"date":"2025-07-15T20:05:15","date_gmt":"2025-07-16T00:05:15","guid":{"rendered":"https:\/\/noticiasveraces.com\/?p=36126"},"modified":"2025-07-15T20:05:15","modified_gmt":"2025-07-16T00:05:15","slug":"el-debate-sobre-enanismo-en-la-fiesta-de-lamine-yamal-aunque-te-traten-bien-se-perpetua-un-estigma-sociedad","status":"publish","type":"post","link":"https:\/\/noticiasveraces.com\/?p=36126","title":{"rendered":"El debate sobre enanismo en la fiesta de Lamine Yamal: \u201cAunque te traten bien, se perpet\u00faa un estigma\u201d | Sociedad"},"content":{"rendered":"<p> \n<\/p>\n<div data-dtm-region=\"articulo_cuerpo\">\n<p class=\"\">El futbolista del FC Barcelona Lamine Yamal celebr\u00f3 el domingo sus 18 a\u00f1os con una sonada fiesta ambientada en el mundo de los g\u00e1ngsters que ha acabado envuelta en la pol\u00e9mica. La Asociaci\u00f3n de Personas con Acondroplasia y Otras Displasias Esquel\u00e9ticas con Enanismo (ADEE) anunci\u00f3 este domingo su intenci\u00f3n de presentar una denuncia por la contrataci\u00f3n de personas con enanismo como figurantes. Mientras la asociaci\u00f3n se\u00f1alaba que el uso de esas personas representa una vulneraci\u00f3n de la legislaci\u00f3n vigente y de valores \u00e9ticos fundamentales, uno de esos cuatro figurantes contratado en la fiesta aseguraba en la emisora RAC1, reclamando su anonimato, su derecho a decidir: \u201cNadie nos falt\u00f3 al respeto, que nos dejen trabajar en paz\u201d, clam\u00f3, tras explicar su funci\u00f3n durante la fiesta. \u201cBailamos, repartimos chupitos, hacemos magia&#8230; hay muchos tipos de <i>espect\u00e1culo<\/i>\u201d, explic\u00f3. Fundaci\u00f3n Alpe Acondroplasia, la m\u00e1s veterana y representativa de Espa\u00f1a, mantiene an\u00e1lisis internos para concluir si es posible denunciar en este caso, mientras el Ministerio de Derechos Sociales puso los hechos en conocimiento de la Fiscal\u00eda y del Defensor del Pueblo. <\/p>\n<p class=\"\">La Ley General de los Derechos de las Personas con Discapacidad, aprobada en 2023, ya se\u00f1ala que \u201cquedan prohibidos los espect\u00e1culos o actividades recreativas en que se use a personas con discapacidad o esta circunstancia para suscitar la burla, la mofa o la irrisi\u00f3n del p\u00fablico de modo contrario al respeto debido a la dignidad humana\u201d. Sin embargo, no incluye por ahora multas por incumplirlo. <\/p>\n<p class=\"\">La pol\u00e9mica llegaba horas antes de que el Gobierno aprobara en el Consejo de Ministros una reforma de la norma. Su intenci\u00f3n es endurecer la exposici\u00f3n de personas con acondroplasia u otras discapacidades en espect\u00e1culos, fijando sanciones de entre 600.000 euros y un mill\u00f3n de euros en el caso de que se considere una infracci\u00f3n muy grave, cuando se produzca mofa, burla o irrisi\u00f3n en espacio p\u00fablico. Sin embargo, la fiesta se produjo en una finca privada, por lo que habr\u00e1 que ver si es de aplicaci\u00f3n. <\/p>\n<p class=\"\">ADEE considera que las personas con problemas de enanismo en la fiesta del futbolista del Barcelona estaban all\u00ed \u201c\u00fanicamente para actividades de espect\u00e1culo y reclamo\u201d, lo que considera \u201cintolerable porque perpet\u00faa estereotipos, alimenta la discriminaci\u00f3n y menoscaba la imagen y los derechos\u201c. La asociaci\u00f3n, que prefiere ahora no exponerse en los medios de comunicaci\u00f3n, asegura que la denuncia ya est\u00e1 presentada y se encuentra en proceso de investigaci\u00f3n. <\/p>\n<p class=\"\">El debate est\u00e1 abierto. Mientras ADEE llama a acabar con la diferencia f\u00edsica como un reclamo o espect\u00e1culo, alej\u00e1ndose de los estereotipos, los trabajadores reclaman su derecho a trabajar. \u201cEse trabajo perpet\u00faa una imagen, aunque te traten bien, y se perpet\u00faa un estigma\u201d, subraya acerca de esa controversia Daniel An\u00edbal Garc\u00eda, tesorero de la Confederaci\u00f3n Espa\u00f1ola de Personas con Discapacidad F\u00edsica y Org\u00e1nica (Cocemfe), quien llama a tener en cuenta \u201clos efectos secundarios sobre la sociedad porque est\u00e1s perpetuando una idea determinada de gente <i>Sobre<\/i>\u201d. En su opini\u00f3n, la clave de vuelta de la pol\u00e9mica se encuentra en una pregunta: \u00bfse condenar\u00eda si se llevara a otra persona con otra discapacidad? \u201cLa verdad, no veo bien ni el uso de personas con acondroplasia ni el de chicas reclamo [tambi\u00e9n presentes en la fiesta]: los seguidores de este deportista no lo pueden copiar en eso\u201d. <\/p>\n<p class=\"\">El participante en la <i>actuaci\u00f3n <\/i>de Lamine Yamal, no obstante, trataba de quitar hierro a la pol\u00e9mica y su papel en la fiesta. \u201cNo entiendo por qu\u00e9 se le da tanto bombo. Somos gente normal, que nos dedicamos a lo que queremos, de una forma absolutamente legal\u201d, defend\u00eda. El portavoz de Cocemfe, a su vez, asegura que no se puede culpar a quienes apuestan por esos trabajos pese a los efectos, y considera que muchas veces asumen esos bolos por necesidad, no por voluntad. <\/p>\n<p class=\"\">El cumplea\u00f1os de Yamal se convirti\u00f3 en un reclamo de gente famosa reunida en una finca de Olivella (Barcelona) en la que se prohibi\u00f3 la entrada de tel\u00e9fonos m\u00f3viles. Uno de los protagonistas fue el rapero Chimbala, uno de los pocos que ha aparecido en alguna fotograf\u00eda con el delantero blaugrana, adem\u00e1s de un video difundido por el propio jugador, con im\u00e1genes de diferentes asistentes. <\/p>\n<h3 class=\"\">\u201cDebemos erradicar la cosificaci\u00f3n\u201d<\/h3>\n<p class=\"\">\u201cCuando una persona con influencia social participa en este tipo de situaciones, el da\u00f1o es a\u00fan mayor, porque se transmite a la sociedad \u2014especialmente a los j\u00f3venes\u2014 que la discriminaci\u00f3n es aceptable. Debemos erradicar la cosificaci\u00f3n de la diferencia y educar en respeto y equidad\u201d, se\u00f1al\u00f3 el domingo Carolina Puente, presidenta de ADEE, que desde entonces prefiere mantener una baja presencia en los medios de comunicaci\u00f3n. <\/p>\n<p class=\"\">El figurante entrevistado en RAC1 critic\u00f3 el papel que est\u00e1 teniendo ADEE y especialmente su presidenta, al considerar que su argumentario es m\u00e1s bien una humillaci\u00f3n para quienes padecen de enanismo: \u201cDesde hace unos a\u00f1os esta gente nos est\u00e1 perjudicando, quieren prohibir un trabajo que nos gusta, y en ning\u00fan caso han ofrecido trabajo o cursos a la gente afectada\u201d. Reivindica su empleo como animadores y su capacidad para establecer l\u00edmites: \u201cNunca sobrepasaremos nuestro l\u00edmite, no somos monos de feria\u201d. <\/p>\n<p class=\"\">Fuentes conocedoras del debate que afecta a los espect\u00e1culos de personas con discapacidades, defiende que se ha de tener en cuenta si una persona con problemas de enanismo \u201cno se puede disfrazar durante un trabajo; la l\u00ednea es muy fina, nos guste o no\u201d. <\/p>\n<\/div>\n\n","protected":false},"excerpt":{"rendered":"<p>El futbolista del FC Barcelona Lamine Yamal celebr\u00f3 el domingo sus 18 a\u00f1os con una sonada fiesta ambientada en el mundo de los g\u00e1ngsters que ha acabado envuelta en la pol\u00e9mica. La Asociaci\u00f3n de Personas con Acondroplasia y Otras Displasias Esquel\u00e9ticas con Enanismo (ADEE) anunci\u00f3 este domingo su intenci\u00f3n de presentar una denuncia por la &hellip;<\/p>\n","protected":false},"author":1,"featured_media":36127,"comment_status":"open","ping_status":"open","sticky":false,"template":"","format":"standard","meta":{"fifu_image_url":"https:\/\/imagenes.elpais.com\/resizer\/v2\/IVGAB6IIDJHJDHUPB73VWA5VLU.jpg?auth=dc9768e84b687c2877fcd5005555a8a613bb6b1d2e704b94510a284039e3af55&width=1200","fifu_image_alt":"","footnotes":""},"categories":[11],"tags":[],"class_list":["post-36126","post","type-post","status-publish","format-standard","has-post-thumbnail","","category-viaje"],"_links":{"self":[{"href":"https:\/\/noticiasveraces.com\/index.php?rest_route=\/wp\/v2\/posts\/36126","targetHints":{"allow":["GET"]}}],"collection":[{"href":"https:\/\/noticiasveraces.com\/index.php?rest_route=\/wp\/v2\/posts"}],"about":[{"href":"https:\/\/noticiasveraces.com\/index.php?rest_route=\/wp\/v2\/types\/post"}],"author":[{"embeddable":true,"href":"https:\/\/noticiasveraces.com\/index.php?rest_route=\/wp\/v2\/users\/1"}],"replies":[{"embeddable":true,"href":"https:\/\/noticiasveraces.com\/index.php?rest_route=%2Fwp%2Fv2%2Fcomments&post=36126"}],"version-history":[{"count":0,"href":"https:\/\/noticiasveraces.com\/index.php?rest_route=\/wp\/v2\/posts\/36126\/revisions"}],"wp:featuredmedia":[{"embeddable":true,"href":"https:\/\/noticiasveraces.com\/index.php?rest_route=\/wp\/v2\/media\/36127"}],"wp:attachment":[{"href":"https:\/\/noticiasveraces.com\/index.php?rest_route=%2Fwp%2Fv2%2Fmedia&parent=36126"}],"wp:term":[{"taxonomy":"category","embeddable":true,"href":"https:\/\/noticiasveraces.com\/index.php?rest_route=%2Fwp%2Fv2%2Fcategories&post=36126"},{"taxonomy":"post_tag","embeddable":true,"href":"https:\/\/noticiasveraces.com\/index.php?rest_route=%2Fwp%2Fv2%2Ftags&post=36126"}],"curies":[{"name":"wp","href":"https:\/\/api.w.org\/{rel}","templated":true}]}}