{"id":36080,"date":"2025-07-15T12:00:21","date_gmt":"2025-07-15T16:00:21","guid":{"rendered":"https:\/\/noticiasveraces.com\/?p=36080"},"modified":"2025-07-15T12:00:21","modified_gmt":"2025-07-15T16:00:21","slug":"jhon-duran-asi-fue-el-dia-que-llego-a-valer-menos-de-1-millon-en-el-mercado-curiosidades-de-futbol","status":"publish","type":"post","link":"https:\/\/noticiasveraces.com\/?p=36080","title":{"rendered":"Jhon Dur\u00e1n: as\u00ed fue el d\u00eda que lleg\u00f3 a valer menos de 1 mill\u00f3n en el mercado | Curiosidades de f\u00fatbol"},"content":{"rendered":"<p> \n<\/p>\n<div id=\"cuerpoArticulo\">\n<p class=\"texto intro\" id=\"p251043-m557-556-558\">Para conocer el d\u00eda en que Jhon Dur\u00e1n val\u00eda menos de 1 mill\u00f3n <b>hay que remontarse al a\u00f1o 2021, cuando a\u00fan era futbolista de Envigado<\/b>. En la actualidad, el delantero colombiano sorprendi\u00f3 a todos con su fichaje por el Fenerbah\u00e7e de Turqu\u00eda, donde ser\u00e1 dirigido por Jos\u00e9 Mourinho. Sin embargo, durante sus inicios, su valor de mercado era realmente bajo.<\/p>\n<p class=\"texto contenido-parrafo-articulo\" id=\"p251043-m575-2-576\">Jhon Dur\u00e1n debut\u00f3 con Envigado el 10 de febrero de 2019, d\u00eda en el que su equipo vencer\u00eda por 1-0 a Alianza Petrolera. Anot\u00f3 su primer gol el 31 de agosto de ese mismo a\u00f1o en el empate 3-3 contra \u00c1guilas Doradas y <b>con 15 a\u00f1os y 11 meses se convirti\u00f3 en el jugador m\u00e1s joven del club y el segundo jugador m\u00e1s joven del pa\u00eds en anotar un gol en el campeonato profesional<\/b>. Ahora, Dur\u00e1n tendr\u00e1 un salario estelar con Fenerbah\u00e7e.<\/p>\n<div class=\"fotografia caja-articulo\" id=\"p251043-m581-3-582\">\n<div class=\"imagen-cuerpo-bk\">\n<figure itemscope=\"\" itemtype=\"https:\/\/schema.org\/ImageObject\" itemprop=\"image\" id=\"m586-585-587\" class=\"foto-galeria-articulo imagen-articulo foto-texto-articulo-galeria\"><img decoding=\"async\" alt=\"Jhon Dur\u00e1n\" src=\"data:image\/png;base64,iVBORw0KGgoAAAANSUhEUgAAAAEAAAABCAQAAAC1HAwCAAAAC0lEQVR42mP8\/x0AAvsB+DlKarAAAAAASUVORK5CYII=\" style=\" display: inline;\" data-original=\"\/files\/article_content\/uploads\/2021\/08\/30\/612d7b4400727.jpeg\"\/><meta itemprop=\"width\" content=\"600\"\/><meta itemprop=\"height\" content=\"450\"\/> <meta itemprop=\"url\" content=\"https:\/\/www.futbolred.com\/files\/article_content\/uploads\/2021\/08\/30\/612d7b4400727.jpeg\"\/><\/figure>\n<\/div>\n<div class=\"figcaption-cuerpo-bk credito-image-bk\"><figcaption class=\"foto-info\">\n<div class=\"titulo-foto-bk\">\n<p id=\"m593-1-594\" class=\"titulo pie-de-foto\">En Envigado, Jhon Dur\u00e1n val\u00eda menos del mill\u00f3n.<\/p>\n<\/div>\n<p class=\"credito\">\n                            <span class=\"linea pre_credito\">Foto:<\/span><\/p>\n<p>                        <span id=\"m599-2-600\" class=\"autor\">Twitter envi\u00f3 el FC<\/span><\/p>\n<\/figcaption><\/div>\n<\/p><\/div>\n<p class=\"texto contenido-parrafo-articulo\" id=\"p251043-m607-4-608\">Ya para el mes de octubre del a\u00f1o 2020, el antioque\u00f1o fue incluido en la lista de las 60 promesas del f\u00fatbol en 2020 del peri\u00f3dico <i>El guardi\u00e1n<\/i> y para el a\u00f1o 2021, <b>su valor de mercado alcanz\u00f3 los 650 mil euros<\/b>seg\u00fan <i>Mercado de transferencia<\/i>. Sin embargo, su precio segu\u00eda siendo menor al mill\u00f3n de euros por aquel entonces.<\/p>\n<p class=\"texto contenido-parrafo-articulo\" id=\"p251043-m658-6-659\">No obstante, en enero del a\u00f1o 2022, <b>Jhon Dur\u00e1n fue transferido al Chicago Fire de la MLS<\/b> a cambio de 1.7 millones de euros. Por esta raz\u00f3n, <b>su precio se dispar\u00f3 hasta los 1.8 millones en el mes de abril de ese mismo a\u00f1o<\/b>. A partir de all\u00ed, el valor de mercado del colombiano comenz\u00f3 a subir como la espuma, siendo una de las promesas m\u00e1s relevantes de nuestro pa\u00eds.<\/p>\n<p>                                                    <span class=\"articulo-subtitulo subtitulo2 espacio-contenido\" id=\"p251043-m664-7-665\">\u00bfCu\u00e1nto vale Jhon Dur\u00e1n en la actualidad?<br \/><\/span><\/p>\n<p class=\"texto contenido-parrafo-articulo\" id=\"p251043-m670-8-671\">El precio de Jhon Dur\u00e1n ha aumentado considerablemente respecto a aquellos d\u00edas. Y es que tras su reciente arribo al f\u00fatbol turco, <b>su valor de mercado se ha establecido en 35 millones de euros<\/b>. Cabe destacar que Fenerbah\u00e7e lo fich\u00f3 en condici\u00f3n de jugador cedido por un a\u00f1o, por lo que en 2026 deber\u00e1 regresar a Al Nassr.<\/p>\n<p>                                                    <span class=\"articulo-subtitulo subtitulo2 espacio-contenido\" id=\"p251043-m676-9-677\">\u00bfCu\u00e1l fue el valor de mercado m\u00e1s alto de Jhon Dur\u00e1n?<br \/><\/span><\/p>\n<p class=\"texto contenido-parrafo-articulo\" id=\"p251043-m682-10-683\">Si bien es cierto que su precio en la actualidad es de 35 millones, este no ha sido su m\u00e1ximo hist\u00f3rico. Seg\u00fan <i>Mercado de transferencia<\/i>, <b>su valor de mercado m\u00e1s alto fue de 40 millones de euros<\/b>cuando a\u00fan jugaba para el Aston Villa de Inglaterra en diciembre del a\u00f1o 2024. Sin embargo, tras su llegada al f\u00fatbol \u00e1rabe en 2025, su precio se estableci\u00f3 en 35 millones.<\/p>\n<\/p><\/div>\n\n","protected":false},"excerpt":{"rendered":"<p>Para conocer el d\u00eda en que Jhon Dur\u00e1n val\u00eda menos de 1 mill\u00f3n hay que remontarse al a\u00f1o 2021, cuando a\u00fan era futbolista de Envigado. En la actualidad, el delantero colombiano sorprendi\u00f3 a todos con su fichaje por el Fenerbah\u00e7e de Turqu\u00eda, donde ser\u00e1 dirigido por Jos\u00e9 Mourinho. Sin embargo, durante sus inicios, su valor &hellip;<\/p>\n","protected":false},"author":1,"featured_media":36081,"comment_status":"open","ping_status":"open","sticky":false,"template":"","format":"standard","meta":{"fifu_image_url":"https:\/\/www.futbolred.com\/files\/og_thumbnail\/uploads\/2025\/07\/15\/6876752e29ce7.png","fifu_image_alt":"","footnotes":""},"categories":[6],"tags":[],"class_list":["post-36080","post","type-post","status-publish","format-standard","has-post-thumbnail","","category-deportes"],"_links":{"self":[{"href":"https:\/\/noticiasveraces.com\/index.php?rest_route=\/wp\/v2\/posts\/36080","targetHints":{"allow":["GET"]}}],"collection":[{"href":"https:\/\/noticiasveraces.com\/index.php?rest_route=\/wp\/v2\/posts"}],"about":[{"href":"https:\/\/noticiasveraces.com\/index.php?rest_route=\/wp\/v2\/types\/post"}],"author":[{"embeddable":true,"href":"https:\/\/noticiasveraces.com\/index.php?rest_route=\/wp\/v2\/users\/1"}],"replies":[{"embeddable":true,"href":"https:\/\/noticiasveraces.com\/index.php?rest_route=%2Fwp%2Fv2%2Fcomments&post=36080"}],"version-history":[{"count":0,"href":"https:\/\/noticiasveraces.com\/index.php?rest_route=\/wp\/v2\/posts\/36080\/revisions"}],"wp:featuredmedia":[{"embeddable":true,"href":"https:\/\/noticiasveraces.com\/index.php?rest_route=\/wp\/v2\/media\/36081"}],"wp:attachment":[{"href":"https:\/\/noticiasveraces.com\/index.php?rest_route=%2Fwp%2Fv2%2Fmedia&parent=36080"}],"wp:term":[{"taxonomy":"category","embeddable":true,"href":"https:\/\/noticiasveraces.com\/index.php?rest_route=%2Fwp%2Fv2%2Fcategories&post=36080"},{"taxonomy":"post_tag","embeddable":true,"href":"https:\/\/noticiasveraces.com\/index.php?rest_route=%2Fwp%2Fv2%2Ftags&post=36080"}],"curies":[{"name":"wp","href":"https:\/\/api.w.org\/{rel}","templated":true}]}}