{"id":36070,"date":"2025-07-15T09:55:15","date_gmt":"2025-07-15T13:55:15","guid":{"rendered":"https:\/\/noticiasveraces.com\/?p=36070"},"modified":"2025-07-15T09:55:15","modified_gmt":"2025-07-15T13:55:15","slug":"marina-abramovic-entre-los-praemium-imperiale-2025-en-japon-dw-15-07-2025","status":"publish","type":"post","link":"https:\/\/noticiasveraces.com\/?p=36070","title":{"rendered":"Marina Abramovi\u0107, entre los Praemium Imperiale 2025 en Jap\u00f3n \u2013 DW \u2013 15\/07\/2025"},"content":{"rendered":"<p> \n<\/p>\n<div>\n<p>Los Praemium Imperiale de la Asociaci\u00f3n de Arte de Jap\u00f3n\u00a0se otorga anualmente en las disciplinas de pintura, escultura, arquitectura, m\u00fasica y teatro\/cine.<\/p>\n<h2>Galardonada en escultura, una maestra del performance<\/h2>\n<p>Marina Abramovi\u0107 (Belgrado, 1946), pionera del arte esc\u00e9nico, fue galardonada en la categor\u00eda de escultura por \u00abtraspasar los l\u00edmites tanto del cuerpo como de la mente\u00bb y \u00abdesafiar constantemente las fronteras del arte en busca de su esencia\u00bb.<\/p>\n<p>En 2010, la artista serbia bati\u00f3 los r\u00e9cords de asistencia del Museo de Arte Moderno (MoMA) de Nueva York con &#8216;The Artist Is Present&#8217; (&#8216;El \/ la artista est\u00e1 presente&#8217;), una &#8216;performance&#8217; en la que permaneci\u00f3 sentada cara a cara con los visitantes durante m\u00e1s de 700 horas.<\/p>\n<p>Abramovi\u0107 \u00abha utilizado su propio cuerpo como medio de expresi\u00f3n, a menudo involucrando al p\u00fablico como parte de la obra\u00bb y se ha \u00abenfrentado repetidamente a situaciones que pon\u00edan en peligro su vida\u00bb como parte de su \u00abintr\u00e9pida exploraci\u00f3n de la autoexpresi\u00f3n\u00bb, que ha cautivado \u00abal p\u00fablico de todo el mundo\u00bb, explica la Asociaci\u00f3n de Arte de Jap\u00f3n.<\/p>\n<figure class=\"placeholder-image master_landscape big\"><img data-format=\"MASTER_LANDSCAPE\" data-id=\"37709110\" data-url=\"https:\/\/static.dw.com\/image\/37709110_${formatId}.jpg\" data-aspect-ratio=\"16\/9\" alt=\"Marina Abramovi\u0107. Retrato. Una mujer de pelo negro en una trenza al costado, vistiendo una blusa roja.\" style=\"padding-bottom: 56.25%; height: 0; max-height: 0;\"\/><figcaption class=\"img-caption\">En 2010, la artista serbia Marina Abramovi\u0107 bati\u00f3 los r\u00e9cords de asistencia del Museo de Arte Moderno (MoMA) de Nueva York con &#8216;The Artist Is Present&#8217;.<small class=\"copyright\">Imagen: Marco Anelli \/Marina Abramovic Archives<\/small><\/figcaption><\/figure>\n<h2>Pintura, arquitectura, m\u00fasica, teatro\/cine<\/h2>\n<p>En la categor\u00eda de pintura result\u00f3 ganador Peter Doig (Edimburgo, 1959) por haber \u00abredefinido el potencial expresivo de la pintura\u00bb como \u00abfigura destacada del movimiento de la &#8216;Nueva Pintura Figurativa'\u00bb, a la vez que fue distinguido el arquitecto portugu\u00e9s Eduardo Souto de Moura (Oporto, 1952), conocido por su convicci\u00f3n de que \u00abno existe una arquitectura universal; cada cosa tiene sus ra\u00edces en su propio lugar\u00bb.<\/p>\n<p>Los Praemium Imperiale de m\u00fasica y teatro\/cine fueron, respectivamente, para el pianista h\u00fangaro Andr\u00e1s Schiff, reconocido por sus interpretaciones de compositores como Bach o Bart\u00f3, y para la belga Anne Teresa De Keersmaeker, como \u00abfigura destacada en la escena internacional de la danza contempor\u00e1nea\u00bb.<\/p>\n<p>El galard\u00f3n est\u00e1 dotado con 15 millones de yenes (86.939 euros\/101.523 d\u00f3lares) y fue creado en 1988 para conmemorar el centenario de la Asociaci\u00f3n de las Artes de Jap\u00f3n y como reconocimiento a artistas de todo el mundo destacados por su contribuci\u00f3n al desarrollo y la promoci\u00f3n culturales.<\/p>\n<p>Entre los artistas que han sido distinguidos anteriormente est\u00e1n la actriz italiana Sof\u00eda Loren (2010), la pintora japonesa Yayoi Kusama (2006), el arquitecto espa\u00f1ol Rafael Moneo (2017) y el fot\u00f3grafo brasile\u00f1o Sebasti\u00e3o Salgado (2021).<\/p>\n<p>RML (EFE, KNA)<\/p>\n<\/div>\n\n","protected":false},"excerpt":{"rendered":"<p>Los Praemium Imperiale de la Asociaci\u00f3n de Arte de Jap\u00f3n\u00a0se otorga anualmente en las disciplinas de pintura, escultura, arquitectura, m\u00fasica y teatro\/cine. Galardonada en escultura, una maestra del performance Marina Abramovi\u0107 (Belgrado, 1946), pionera del arte esc\u00e9nico, fue galardonada en la categor\u00eda de escultura por \u00abtraspasar los l\u00edmites tanto del cuerpo como de la mente\u00bb &hellip;<\/p>\n","protected":false},"author":1,"featured_media":36071,"comment_status":"open","ping_status":"open","sticky":false,"template":"","format":"standard","meta":{"fifu_image_url":"https:\/\/static.dw.com\/image\/37708996_6.jpg","fifu_image_alt":"","footnotes":""},"categories":[13],"tags":[],"class_list":["post-36070","post","type-post","status-publish","format-standard","has-post-thumbnail","","category-mundo"],"_links":{"self":[{"href":"https:\/\/noticiasveraces.com\/index.php?rest_route=\/wp\/v2\/posts\/36070","targetHints":{"allow":["GET"]}}],"collection":[{"href":"https:\/\/noticiasveraces.com\/index.php?rest_route=\/wp\/v2\/posts"}],"about":[{"href":"https:\/\/noticiasveraces.com\/index.php?rest_route=\/wp\/v2\/types\/post"}],"author":[{"embeddable":true,"href":"https:\/\/noticiasveraces.com\/index.php?rest_route=\/wp\/v2\/users\/1"}],"replies":[{"embeddable":true,"href":"https:\/\/noticiasveraces.com\/index.php?rest_route=%2Fwp%2Fv2%2Fcomments&post=36070"}],"version-history":[{"count":0,"href":"https:\/\/noticiasveraces.com\/index.php?rest_route=\/wp\/v2\/posts\/36070\/revisions"}],"wp:featuredmedia":[{"embeddable":true,"href":"https:\/\/noticiasveraces.com\/index.php?rest_route=\/wp\/v2\/media\/36071"}],"wp:attachment":[{"href":"https:\/\/noticiasveraces.com\/index.php?rest_route=%2Fwp%2Fv2%2Fmedia&parent=36070"}],"wp:term":[{"taxonomy":"category","embeddable":true,"href":"https:\/\/noticiasveraces.com\/index.php?rest_route=%2Fwp%2Fv2%2Fcategories&post=36070"},{"taxonomy":"post_tag","embeddable":true,"href":"https:\/\/noticiasveraces.com\/index.php?rest_route=%2Fwp%2Fv2%2Ftags&post=36070"}],"curies":[{"name":"wp","href":"https:\/\/api.w.org\/{rel}","templated":true}]}}